{"id":19182,"date":"2026-01-07T22:41:41","date_gmt":"2026-01-07T21:41:41","guid":{"rendered":"https:\/\/nsff.no\/magasinet\/?p=19182"},"modified":"2026-01-27T16:36:10","modified_gmt":"2026-01-27T15:36:10","slug":"se-norges-bidrag-til-31st-fiap-colour-biennial-2025","status":"publish","type":"post","link":"https:\/\/nsff.no\/magasinet\/2026\/01\/07\/se-norges-bidrag-til-31st-fiap-colour-biennial-2025\/","title":{"rendered":"Se Norges bidrag til 31st FIAP Colour Biennial 2025"},"content":{"rendered":"<p>[et_pb_section fb_built=&raquo;1&#8243; _builder_version=&raquo;4.27.5&#8243; _module_preset=&raquo;default&raquo; global_colors_info=&raquo;{}&raquo;][et_pb_row _builder_version=&raquo;4.27.5&#8243; _module_preset=&raquo;default&raquo; global_colors_info=&raquo;{}&raquo;][et_pb_column type=&raquo;4_4&#8243; _builder_version=&raquo;4.27.5&#8243; _module_preset=&raquo;default&raquo; global_colors_info=&raquo;{}&raquo;][et_pb_text _builder_version=&raquo;4.27.5&#8243; _module_preset=&raquo;default&raquo; global_colors_info=&raquo;{}&raquo;]<\/p>\n<p><strong>NSFF deltok med landslag i 31st FIAP Colour Biennial 2025. Det var forbundet i Irland som var arrang\u00f8r denne gangen.<\/strong><\/p>\n<p>Landslaget i printseksjonen med tema \u00abUmbrella\u00bb kom litt langt ned p\u00e5 resultatlisten med en 18. plass blant 24 landslag. Gledelig er det at Janne Myhre Claassen (Oslo Kamera Klubb) fikk individuell FIAP bronsemedalje for bildet \u00abThe Unexpected\u00bb. Alle andre deltakere p\u00e5 dette landslaget er registret med antatt, med tanke p\u00e5 poeng for internasjonale plaketter.<\/p>\n<p>[\/et_pb_text][et_pb_gallery gallery_ids=&raquo;18284,18294,18323,18322,18307,18306,18305,18290,18278,18272&#8243; fullwidth=&raquo;on&raquo; admin_label=&raquo;Galleri 31st FIAP Colour Biennial 2025 paraply&raquo; _builder_version=&raquo;4.27.5&#8243; _module_preset=&raquo;default&raquo; saved_tabs=&raquo;all&raquo; global_colors_info=&raquo;{}&raquo;][\/et_pb_gallery][et_pb_text _builder_version=&raquo;4.27.5&#8243; _module_preset=&raquo;default&raquo; global_colors_info=&raquo;{}&raquo;]<\/p>\n<p>Landslaget i digital seksjonen med tema Moskus fikk hederlig omtale med en 9. plass blant 31 landslag. Gunnar Haug (T\u00f8nsberg Kamera Klubb) fikk individuell hederlig omtale for bildet \u00abBrothers\u00bb Ogs\u00e5 deltakerne p\u00e5 dette landslaget er registret med hederlig omtale for poeng til internasjonale plaketter.<\/p>\n<p><a href=\"https:\/\/www.fiap.net\/en\/biennials\/31th-fiap-colour-biennial-ireland-2025\">Vinnerbilder i biennialen vil blir vist p\u00e5 FIAP sine nettsider<\/a><\/p>\n<p>[\/et_pb_text][et_pb_gallery gallery_ids=&raquo;18304,18326,18319,18318,18315,18316,18309,18310,18303,18293,18291,18289,18288,18283,18282,18281,18280,18273,18279,18270&#8243; fullwidth=&raquo;on&raquo; admin_label=&raquo;Galleri 31st FIAP Colour Biennial 2025 moskus&raquo; _builder_version=&raquo;4.27.4&#8243; _module_preset=&raquo;default&raquo; saved_tabs=&raquo;all&raquo; global_colors_info=&raquo;{}&raquo;][\/et_pb_gallery][\/et_pb_column][\/et_pb_row][\/et_pb_section]<\/p>\n","protected":false},"excerpt":{"rendered":"<p>Se landslagenes bilder og resultater fra 31st FIAP Colour Biennial 2025<\/p>\n","protected":false},"author":55,"featured_media":18284,"comment_status":"open","ping_status":"open","sticky":true,"template":"","format":"standard","meta":{"_et_pb_use_builder":"on","_et_pb_old_content":"","_et_gb_content_width":"","footnotes":""},"categories":[7,10,14],"tags":[34],"class_list":["post-19182","post","type-post","status-publish","format-standard","has-post-thumbnail","hentry","category-foto","category-konkurranser","category-nyheter","tag-fiap","et-has-post-format-content","et_post_format-et-post-format-standard"],"yoast_head":"<!-- This site is optimized with the Yoast SEO plugin v27.5 - https:\/\/yoast.com\/product\/yoast-seo-wordpress\/ -->\n<title>Se Norges bidrag til 31st FIAP Colour Biennial 2025 - NSFF Magasin | Norsk Selskap for Fotografi<\/title>\n<meta name=\"description\" content=\"Se landslagenes bilder og resultater fra 31st FIAP Colour Biennial 2025\" \/>\n<meta name=\"robots\" content=\"index, follow, max-snippet:-1, max-image-preview:large, max-video-preview:-1\" \/>\n<link rel=\"canonical\" href=\"https:\/\/nsff.no\/magasinet\/2026\/01\/07\/se-norges-bidrag-til-31st-fiap-colour-biennial-2025\/\" \/>\n<meta property=\"og:locale\" content=\"nb_NO\" \/>\n<meta property=\"og:type\" content=\"article\" \/>\n<meta property=\"og:title\" content=\"Se Norges bidrag til 31st FIAP Colour Biennial 2025 - NSFF Magasin | Norsk Selskap for Fotografi\" \/>\n<meta property=\"og:description\" content=\"Se landslagenes bilder og resultater fra 31st FIAP Colour Biennial 2025\" \/>\n<meta property=\"og:url\" content=\"https:\/\/nsff.no\/magasinet\/2026\/01\/07\/se-norges-bidrag-til-31st-fiap-colour-biennial-2025\/\" \/>\n<meta property=\"og:site_name\" content=\"NSFF Magasin | Norsk Selskap for Fotografi\" \/>\n<meta property=\"article:published_time\" content=\"2026-01-07T21:41:41+00:00\" \/>\n<meta property=\"article:modified_time\" content=\"2026-01-27T15:36:10+00:00\" \/>\n<meta property=\"og:image\" content=\"https:\/\/nsff.no\/magasinet\/wp-content\/uploads\/sites\/2\/2025\/10\/Janne-Myhre-Claassen-The-Unexpected-scaled-1.jpg\" \/>\n\t<meta property=\"og:image:width\" content=\"2560\" \/>\n\t<meta property=\"og:image:height\" content=\"1706\" \/>\n\t<meta property=\"og:image:type\" content=\"image\/jpeg\" \/>\n<meta name=\"author\" content=\"Roald Synnev\u00e5g\" \/>\n<meta name=\"twitter:card\" content=\"summary_large_image\" \/>\n<meta name=\"twitter:label1\" content=\"Skrevet av\" \/>\n\t<meta name=\"twitter:data1\" content=\"Roald Synnev\u00e5g\" \/>\n\t<meta name=\"twitter:label2\" content=\"Ansl. lesetid\" \/>\n\t<meta name=\"twitter:data2\" content=\"7 minutter\" \/>\n<script type=\"application\/ld+json\" class=\"yoast-schema-graph\">{\"@context\":\"https:\\\/\\\/schema.org\",\"@graph\":[{\"@type\":\"Article\",\"@id\":\"https:\\\/\\\/nsff.no\\\/magasinet\\\/2026\\\/01\\\/07\\\/se-norges-bidrag-til-31st-fiap-colour-biennial-2025\\\/#article\",\"isPartOf\":{\"@id\":\"https:\\\/\\\/nsff.no\\\/magasinet\\\/2026\\\/01\\\/07\\\/se-norges-bidrag-til-31st-fiap-colour-biennial-2025\\\/\"},\"author\":{\"name\":\"Roald Synnev\u00e5g\",\"@id\":\"https:\\\/\\\/nsff.no\\\/magasinet\\\/#\\\/schema\\\/person\\\/851bedff98bf7a064c4058208a5c300f\"},\"headline\":\"Se Norges bidrag til 31st FIAP Colour Biennial 2025\",\"datePublished\":\"2026-01-07T21:41:41+00:00\",\"dateModified\":\"2026-01-27T15:36:10+00:00\",\"mainEntityOfPage\":{\"@id\":\"https:\\\/\\\/nsff.no\\\/magasinet\\\/2026\\\/01\\\/07\\\/se-norges-bidrag-til-31st-fiap-colour-biennial-2025\\\/\"},\"wordCount\":264,\"commentCount\":0,\"publisher\":{\"@id\":\"https:\\\/\\\/nsff.no\\\/magasinet\\\/#organization\"},\"image\":{\"@id\":\"https:\\\/\\\/nsff.no\\\/magasinet\\\/2026\\\/01\\\/07\\\/se-norges-bidrag-til-31st-fiap-colour-biennial-2025\\\/#primaryimage\"},\"thumbnailUrl\":\"https:\\\/\\\/nsff.no\\\/magasinet\\\/wp-content\\\/uploads\\\/sites\\\/2\\\/2025\\\/10\\\/Janne-Myhre-Claassen-The-Unexpected-scaled-1.jpg\",\"keywords\":[\"FIAP\"],\"articleSection\":[\"Foto\",\"Konkurranser\",\"Nyheter\"],\"inLanguage\":\"nb-NO\",\"potentialAction\":[{\"@type\":\"CommentAction\",\"name\":\"Comment\",\"target\":[\"https:\\\/\\\/nsff.no\\\/magasinet\\\/2026\\\/01\\\/07\\\/se-norges-bidrag-til-31st-fiap-colour-biennial-2025\\\/#respond\"]}]},{\"@type\":\"WebPage\",\"@id\":\"https:\\\/\\\/nsff.no\\\/magasinet\\\/2026\\\/01\\\/07\\\/se-norges-bidrag-til-31st-fiap-colour-biennial-2025\\\/\",\"url\":\"https:\\\/\\\/nsff.no\\\/magasinet\\\/2026\\\/01\\\/07\\\/se-norges-bidrag-til-31st-fiap-colour-biennial-2025\\\/\",\"name\":\"Se Norges bidrag til 31st FIAP Colour Biennial 2025 - NSFF Magasin | Norsk Selskap for Fotografi\",\"isPartOf\":{\"@id\":\"https:\\\/\\\/nsff.no\\\/magasinet\\\/#website\"},\"primaryImageOfPage\":{\"@id\":\"https:\\\/\\\/nsff.no\\\/magasinet\\\/2026\\\/01\\\/07\\\/se-norges-bidrag-til-31st-fiap-colour-biennial-2025\\\/#primaryimage\"},\"image\":{\"@id\":\"https:\\\/\\\/nsff.no\\\/magasinet\\\/2026\\\/01\\\/07\\\/se-norges-bidrag-til-31st-fiap-colour-biennial-2025\\\/#primaryimage\"},\"thumbnailUrl\":\"https:\\\/\\\/nsff.no\\\/magasinet\\\/wp-content\\\/uploads\\\/sites\\\/2\\\/2025\\\/10\\\/Janne-Myhre-Claassen-The-Unexpected-scaled-1.jpg\",\"datePublished\":\"2026-01-07T21:41:41+00:00\",\"dateModified\":\"2026-01-27T15:36:10+00:00\",\"description\":\"Se landslagenes bilder og resultater fra 31st FIAP Colour Biennial 2025\",\"breadcrumb\":{\"@id\":\"https:\\\/\\\/nsff.no\\\/magasinet\\\/2026\\\/01\\\/07\\\/se-norges-bidrag-til-31st-fiap-colour-biennial-2025\\\/#breadcrumb\"},\"inLanguage\":\"nb-NO\",\"potentialAction\":[{\"@type\":\"ReadAction\",\"target\":[\"https:\\\/\\\/nsff.no\\\/magasinet\\\/2026\\\/01\\\/07\\\/se-norges-bidrag-til-31st-fiap-colour-biennial-2025\\\/\"]}]},{\"@type\":\"ImageObject\",\"inLanguage\":\"nb-NO\",\"@id\":\"https:\\\/\\\/nsff.no\\\/magasinet\\\/2026\\\/01\\\/07\\\/se-norges-bidrag-til-31st-fiap-colour-biennial-2025\\\/#primaryimage\",\"url\":\"https:\\\/\\\/nsff.no\\\/magasinet\\\/wp-content\\\/uploads\\\/sites\\\/2\\\/2025\\\/10\\\/Janne-Myhre-Claassen-The-Unexpected-scaled-1.jpg\",\"contentUrl\":\"https:\\\/\\\/nsff.no\\\/magasinet\\\/wp-content\\\/uploads\\\/sites\\\/2\\\/2025\\\/10\\\/Janne-Myhre-Claassen-The-Unexpected-scaled-1.jpg\",\"width\":2560,\"height\":1706},{\"@type\":\"BreadcrumbList\",\"@id\":\"https:\\\/\\\/nsff.no\\\/magasinet\\\/2026\\\/01\\\/07\\\/se-norges-bidrag-til-31st-fiap-colour-biennial-2025\\\/#breadcrumb\",\"itemListElement\":[{\"@type\":\"ListItem\",\"position\":1,\"name\":\"Hjem\",\"item\":\"https:\\\/\\\/nsff.no\\\/magasinet\\\/\"},{\"@type\":\"ListItem\",\"position\":2,\"name\":\"Se Norges bidrag til 31st FIAP Colour Biennial 2025\"}]},{\"@type\":\"WebSite\",\"@id\":\"https:\\\/\\\/nsff.no\\\/magasinet\\\/#website\",\"url\":\"https:\\\/\\\/nsff.no\\\/magasinet\\\/\",\"name\":\"NSFF Magasin | Norsk Selskap for Fotografi\",\"description\":\"Medlemsmagasin for film- og fotoentusiaster\",\"publisher\":{\"@id\":\"https:\\\/\\\/nsff.no\\\/magasinet\\\/#organization\"},\"potentialAction\":[{\"@type\":\"SearchAction\",\"target\":{\"@type\":\"EntryPoint\",\"urlTemplate\":\"https:\\\/\\\/nsff.no\\\/magasinet\\\/?s={search_term_string}\"},\"query-input\":{\"@type\":\"PropertyValueSpecification\",\"valueRequired\":true,\"valueName\":\"search_term_string\"}}],\"inLanguage\":\"nb-NO\"},{\"@type\":\"Organization\",\"@id\":\"https:\\\/\\\/nsff.no\\\/magasinet\\\/#organization\",\"name\":\"Norsk Selskap for Fotografo\",\"url\":\"https:\\\/\\\/nsff.no\\\/magasinet\\\/\",\"logo\":{\"@type\":\"ImageObject\",\"inLanguage\":\"nb-NO\",\"@id\":\"https:\\\/\\\/nsff.no\\\/magasinet\\\/#\\\/schema\\\/logo\\\/image\\\/\",\"url\":\"https:\\\/\\\/nsff.no\\\/magasinet\\\/wp-content\\\/uploads\\\/sites\\\/2\\\/2016\\\/05\\\/NSFF-fb-lenkebilde.png\",\"contentUrl\":\"https:\\\/\\\/nsff.no\\\/magasinet\\\/wp-content\\\/uploads\\\/sites\\\/2\\\/2016\\\/05\\\/NSFF-fb-lenkebilde.png\",\"width\":1,\"height\":1,\"caption\":\"Norsk Selskap for Fotografo\"},\"image\":{\"@id\":\"https:\\\/\\\/nsff.no\\\/magasinet\\\/#\\\/schema\\\/logo\\\/image\\\/\"}},{\"@type\":\"Person\",\"@id\":\"https:\\\/\\\/nsff.no\\\/magasinet\\\/#\\\/schema\\\/person\\\/851bedff98bf7a064c4058208a5c300f\",\"name\":\"Roald Synnev\u00e5g\",\"image\":{\"@type\":\"ImageObject\",\"inLanguage\":\"nb-NO\",\"@id\":\"https:\\\/\\\/secure.gravatar.com\\\/avatar\\\/750a3a86a991c7a4a41ef3921a5d4fe64be0a2c5e4b8812d6a1d388b14a71452?s=96&d=mm&r=g\",\"url\":\"https:\\\/\\\/secure.gravatar.com\\\/avatar\\\/750a3a86a991c7a4a41ef3921a5d4fe64be0a2c5e4b8812d6a1d388b14a71452?s=96&d=mm&r=g\",\"contentUrl\":\"https:\\\/\\\/secure.gravatar.com\\\/avatar\\\/750a3a86a991c7a4a41ef3921a5d4fe64be0a2c5e4b8812d6a1d388b14a71452?s=96&d=mm&r=g\",\"caption\":\"Roald Synnev\u00e5g\"},\"description\":\"Tidligere leder og nestleder i NSFF, n\u00e5v\u00e6rende styremedlem. \u00c6resmedlem av NSFF og av Bekkalokket Fotoklubb. EsNSFF (1995), AFIAP(1995), ANSFF (1997), ENSFF (1997), HonENSFF (1997), EFIAP (2003), EFIAP-B (2011, EFIAP-S (2014), MFIAP (2014), PPSA (2014), EFIAP-G (2015), EPSA (2015), EFIAP-P (2016), ENSFF-B (2015), ENSFF-S (2016), ENSFF-G (2017), BPSA \u2013 Bronze (2017), MPSA (2017).\",\"url\":\"https:\\\/\\\/nsff.no\\\/magasinet\\\/author\\\/roaldsynne\\\/\"}]}<\/script>\n<!-- \/ Yoast SEO plugin. -->","yoast_head_json":{"title":"Se Norges bidrag til 31st FIAP Colour Biennial 2025 - NSFF Magasin | Norsk Selskap for Fotografi","description":"Se landslagenes bilder og resultater fra 31st FIAP Colour Biennial 2025","robots":{"index":"index","follow":"follow","max-snippet":"max-snippet:-1","max-image-preview":"max-image-preview:large","max-video-preview":"max-video-preview:-1"},"canonical":"https:\/\/nsff.no\/magasinet\/2026\/01\/07\/se-norges-bidrag-til-31st-fiap-colour-biennial-2025\/","og_locale":"nb_NO","og_type":"article","og_title":"Se Norges bidrag til 31st FIAP Colour Biennial 2025 - NSFF Magasin | Norsk Selskap for Fotografi","og_description":"Se landslagenes bilder og resultater fra 31st FIAP Colour Biennial 2025","og_url":"https:\/\/nsff.no\/magasinet\/2026\/01\/07\/se-norges-bidrag-til-31st-fiap-colour-biennial-2025\/","og_site_name":"NSFF Magasin | Norsk Selskap for Fotografi","article_published_time":"2026-01-07T21:41:41+00:00","article_modified_time":"2026-01-27T15:36:10+00:00","og_image":[{"width":2560,"height":1706,"url":"https:\/\/nsff.no\/magasinet\/wp-content\/uploads\/sites\/2\/2025\/10\/Janne-Myhre-Claassen-The-Unexpected-scaled-1.jpg","type":"image\/jpeg"}],"author":"Roald Synnev\u00e5g","twitter_card":"summary_large_image","twitter_misc":{"Skrevet av":"Roald Synnev\u00e5g","Ansl. lesetid":"7 minutter"},"schema":{"@context":"https:\/\/schema.org","@graph":[{"@type":"Article","@id":"https:\/\/nsff.no\/magasinet\/2026\/01\/07\/se-norges-bidrag-til-31st-fiap-colour-biennial-2025\/#article","isPartOf":{"@id":"https:\/\/nsff.no\/magasinet\/2026\/01\/07\/se-norges-bidrag-til-31st-fiap-colour-biennial-2025\/"},"author":{"name":"Roald Synnev\u00e5g","@id":"https:\/\/nsff.no\/magasinet\/#\/schema\/person\/851bedff98bf7a064c4058208a5c300f"},"headline":"Se Norges bidrag til 31st FIAP Colour Biennial 2025","datePublished":"2026-01-07T21:41:41+00:00","dateModified":"2026-01-27T15:36:10+00:00","mainEntityOfPage":{"@id":"https:\/\/nsff.no\/magasinet\/2026\/01\/07\/se-norges-bidrag-til-31st-fiap-colour-biennial-2025\/"},"wordCount":264,"commentCount":0,"publisher":{"@id":"https:\/\/nsff.no\/magasinet\/#organization"},"image":{"@id":"https:\/\/nsff.no\/magasinet\/2026\/01\/07\/se-norges-bidrag-til-31st-fiap-colour-biennial-2025\/#primaryimage"},"thumbnailUrl":"https:\/\/nsff.no\/magasinet\/wp-content\/uploads\/sites\/2\/2025\/10\/Janne-Myhre-Claassen-The-Unexpected-scaled-1.jpg","keywords":["FIAP"],"articleSection":["Foto","Konkurranser","Nyheter"],"inLanguage":"nb-NO","potentialAction":[{"@type":"CommentAction","name":"Comment","target":["https:\/\/nsff.no\/magasinet\/2026\/01\/07\/se-norges-bidrag-til-31st-fiap-colour-biennial-2025\/#respond"]}]},{"@type":"WebPage","@id":"https:\/\/nsff.no\/magasinet\/2026\/01\/07\/se-norges-bidrag-til-31st-fiap-colour-biennial-2025\/","url":"https:\/\/nsff.no\/magasinet\/2026\/01\/07\/se-norges-bidrag-til-31st-fiap-colour-biennial-2025\/","name":"Se Norges bidrag til 31st FIAP Colour Biennial 2025 - NSFF Magasin | Norsk Selskap for Fotografi","isPartOf":{"@id":"https:\/\/nsff.no\/magasinet\/#website"},"primaryImageOfPage":{"@id":"https:\/\/nsff.no\/magasinet\/2026\/01\/07\/se-norges-bidrag-til-31st-fiap-colour-biennial-2025\/#primaryimage"},"image":{"@id":"https:\/\/nsff.no\/magasinet\/2026\/01\/07\/se-norges-bidrag-til-31st-fiap-colour-biennial-2025\/#primaryimage"},"thumbnailUrl":"https:\/\/nsff.no\/magasinet\/wp-content\/uploads\/sites\/2\/2025\/10\/Janne-Myhre-Claassen-The-Unexpected-scaled-1.jpg","datePublished":"2026-01-07T21:41:41+00:00","dateModified":"2026-01-27T15:36:10+00:00","description":"Se landslagenes bilder og resultater fra 31st FIAP Colour Biennial 2025","breadcrumb":{"@id":"https:\/\/nsff.no\/magasinet\/2026\/01\/07\/se-norges-bidrag-til-31st-fiap-colour-biennial-2025\/#breadcrumb"},"inLanguage":"nb-NO","potentialAction":[{"@type":"ReadAction","target":["https:\/\/nsff.no\/magasinet\/2026\/01\/07\/se-norges-bidrag-til-31st-fiap-colour-biennial-2025\/"]}]},{"@type":"ImageObject","inLanguage":"nb-NO","@id":"https:\/\/nsff.no\/magasinet\/2026\/01\/07\/se-norges-bidrag-til-31st-fiap-colour-biennial-2025\/#primaryimage","url":"https:\/\/nsff.no\/magasinet\/wp-content\/uploads\/sites\/2\/2025\/10\/Janne-Myhre-Claassen-The-Unexpected-scaled-1.jpg","contentUrl":"https:\/\/nsff.no\/magasinet\/wp-content\/uploads\/sites\/2\/2025\/10\/Janne-Myhre-Claassen-The-Unexpected-scaled-1.jpg","width":2560,"height":1706},{"@type":"BreadcrumbList","@id":"https:\/\/nsff.no\/magasinet\/2026\/01\/07\/se-norges-bidrag-til-31st-fiap-colour-biennial-2025\/#breadcrumb","itemListElement":[{"@type":"ListItem","position":1,"name":"Hjem","item":"https:\/\/nsff.no\/magasinet\/"},{"@type":"ListItem","position":2,"name":"Se Norges bidrag til 31st FIAP Colour Biennial 2025"}]},{"@type":"WebSite","@id":"https:\/\/nsff.no\/magasinet\/#website","url":"https:\/\/nsff.no\/magasinet\/","name":"NSFF Magasin | Norsk Selskap for Fotografi","description":"Medlemsmagasin for film- og fotoentusiaster","publisher":{"@id":"https:\/\/nsff.no\/magasinet\/#organization"},"potentialAction":[{"@type":"SearchAction","target":{"@type":"EntryPoint","urlTemplate":"https:\/\/nsff.no\/magasinet\/?s={search_term_string}"},"query-input":{"@type":"PropertyValueSpecification","valueRequired":true,"valueName":"search_term_string"}}],"inLanguage":"nb-NO"},{"@type":"Organization","@id":"https:\/\/nsff.no\/magasinet\/#organization","name":"Norsk Selskap for Fotografo","url":"https:\/\/nsff.no\/magasinet\/","logo":{"@type":"ImageObject","inLanguage":"nb-NO","@id":"https:\/\/nsff.no\/magasinet\/#\/schema\/logo\/image\/","url":"https:\/\/nsff.no\/magasinet\/wp-content\/uploads\/sites\/2\/2016\/05\/NSFF-fb-lenkebilde.png","contentUrl":"https:\/\/nsff.no\/magasinet\/wp-content\/uploads\/sites\/2\/2016\/05\/NSFF-fb-lenkebilde.png","width":1,"height":1,"caption":"Norsk Selskap for Fotografo"},"image":{"@id":"https:\/\/nsff.no\/magasinet\/#\/schema\/logo\/image\/"}},{"@type":"Person","@id":"https:\/\/nsff.no\/magasinet\/#\/schema\/person\/851bedff98bf7a064c4058208a5c300f","name":"Roald Synnev\u00e5g","image":{"@type":"ImageObject","inLanguage":"nb-NO","@id":"https:\/\/secure.gravatar.com\/avatar\/750a3a86a991c7a4a41ef3921a5d4fe64be0a2c5e4b8812d6a1d388b14a71452?s=96&d=mm&r=g","url":"https:\/\/secure.gravatar.com\/avatar\/750a3a86a991c7a4a41ef3921a5d4fe64be0a2c5e4b8812d6a1d388b14a71452?s=96&d=mm&r=g","contentUrl":"https:\/\/secure.gravatar.com\/avatar\/750a3a86a991c7a4a41ef3921a5d4fe64be0a2c5e4b8812d6a1d388b14a71452?s=96&d=mm&r=g","caption":"Roald Synnev\u00e5g"},"description":"Tidligere leder og nestleder i NSFF, n\u00e5v\u00e6rende styremedlem. \u00c6resmedlem av NSFF og av Bekkalokket Fotoklubb. EsNSFF (1995), AFIAP(1995), ANSFF (1997), ENSFF (1997), HonENSFF (1997), EFIAP (2003), EFIAP-B (2011, EFIAP-S (2014), MFIAP (2014), PPSA (2014), EFIAP-G (2015), EPSA (2015), EFIAP-P (2016), ENSFF-B (2015), ENSFF-S (2016), ENSFF-G (2017), BPSA \u2013 Bronze (2017), MPSA (2017).","url":"https:\/\/nsff.no\/magasinet\/author\/roaldsynne\/"}]}},"_links":{"self":[{"href":"https:\/\/nsff.no\/magasinet\/wp-json\/wp\/v2\/posts\/19182","targetHints":{"allow":["GET"]}}],"collection":[{"href":"https:\/\/nsff.no\/magasinet\/wp-json\/wp\/v2\/posts"}],"about":[{"href":"https:\/\/nsff.no\/magasinet\/wp-json\/wp\/v2\/types\/post"}],"author":[{"embeddable":true,"href":"https:\/\/nsff.no\/magasinet\/wp-json\/wp\/v2\/users\/55"}],"replies":[{"embeddable":true,"href":"https:\/\/nsff.no\/magasinet\/wp-json\/wp\/v2\/comments?post=19182"}],"version-history":[{"count":10,"href":"https:\/\/nsff.no\/magasinet\/wp-json\/wp\/v2\/posts\/19182\/revisions"}],"predecessor-version":[{"id":19196,"href":"https:\/\/nsff.no\/magasinet\/wp-json\/wp\/v2\/posts\/19182\/revisions\/19196"}],"wp:featuredmedia":[{"embeddable":true,"href":"https:\/\/nsff.no\/magasinet\/wp-json\/wp\/v2\/media\/18284"}],"wp:attachment":[{"href":"https:\/\/nsff.no\/magasinet\/wp-json\/wp\/v2\/media?parent=19182"}],"wp:term":[{"taxonomy":"category","embeddable":true,"href":"https:\/\/nsff.no\/magasinet\/wp-json\/wp\/v2\/categories?post=19182"},{"taxonomy":"post_tag","embeddable":true,"href":"https:\/\/nsff.no\/magasinet\/wp-json\/wp\/v2\/tags?post=19182"}],"curies":[{"name":"wp","href":"https:\/\/api.w.org\/{rel}","templated":true}]}}