{"id":18698,"date":"2025-12-10T13:00:52","date_gmt":"2025-12-10T12:00:52","guid":{"rendered":"https:\/\/nsff.no\/magasinet\/?p=18698"},"modified":"2025-12-10T13:00:58","modified_gmt":"2025-12-10T12:00:58","slug":"reisebrev-dragefestival-pa-romo-i-danmark-en-opplevelse-for-livet","status":"publish","type":"post","link":"https:\/\/nsff.no\/magasinet\/2025\/12\/10\/reisebrev-dragefestival-pa-romo-i-danmark-en-opplevelse-for-livet\/","title":{"rendered":"Reisebrev: Dragefestival p\u00e5 R\u00f8m\u00f8 i Danmark &#8211; En opplevelse for livet!"},"content":{"rendered":"<p>[et_pb_section fb_built=&raquo;1&#8243; _builder_version=&raquo;4.27.4&#8243; _module_preset=&raquo;default&raquo; global_colors_info=&raquo;{}&raquo;][et_pb_row _builder_version=&raquo;4.27.4&#8243; _module_preset=&raquo;default&raquo; global_colors_info=&raquo;{}&raquo;][et_pb_column type=&raquo;4_4&#8243; _builder_version=&raquo;4.27.4&#8243; _module_preset=&raquo;default&raquo; global_colors_info=&raquo;{}&raquo;][et_pb_image src=&raquo;https:\/\/nsff.no\/magasinet\/wp-content\/uploads\/sites\/2\/2025\/11\/9060005.jpg&raquo; title_text=&raquo;_9060005&#8243; align=&raquo;center&raquo; _builder_version=&raquo;4.27.4&#8243; _module_preset=&raquo;default&raquo; width=&raquo;80%&raquo; max_width=&raquo;80%&raquo; global_colors_info=&raquo;{}&raquo;][\/et_pb_image][et_pb_text _builder_version=&raquo;4.27.4&#8243; _module_preset=&raquo;default&raquo; global_colors_info=&raquo;{}&raquo;]<\/p>\n<p>For andre gang valgte vi \u00e5 ta turen til R\u00f8m\u00f8 i Danmark for \u00e5 oppleve den fargerike dragefestivalen som <a href=\"https:\/\/www.danskdrageklub.dk\/roemoe-dragefestival\/\"><strong>Dansk drageklubb<\/strong> <\/a>arrangerer her hvert \u00e5r. I \u00e5r m\u00f8tte vi ogs\u00e5 fotovenner, Shirley B. og P\u00e5l K\u00f8nig, som denne gangen h\u00f8rer til i v\u00e5r egen Haugaland fotoklubb. Med oss i bobilen hadde vi selvsagt fotoutstyr, og allerede da vi rullet inn mot &laquo;First Camp Lakolk Strand&raquo; hvor vi skulle bo, lot vi oss imponere og gledes over de hundrevis av dragene som dekorerte himmelen.<\/p>\n<p>[\/et_pb_text][et_pb_gallery gallery_ids=&raquo;18705,18706,18707,18708,18709,18710,18711&#8243; _builder_version=&raquo;4.27.4&#8243; _module_preset=&raquo;default&raquo; global_colors_info=&raquo;{}&raquo;][\/et_pb_gallery][et_pb_text _builder_version=&raquo;4.27.4&#8243; _module_preset=&raquo;default&raquo; global_colors_info=&raquo;{}&raquo;]<\/p>\n<p>Gjennom helga b\u00e5de fotograferte og filmet vi, fl\u00f8y dragene v\u00e5re og deltok p\u00e5 dragefesten. Store og sm\u00e5 fl\u00f8y drager, og noen hadde flere drager i ulike st\u00f8rrelser og typer oppe i luften p\u00e5 samme tid. P\u00e5 dagtid var det en mengde bes\u00f8kende p\u00e5 Lakolk strand og vi kj\u00f8rte bobilen ned til stranda og koste oss der hele dagen, p\u00e5 jakt etter gode motiver og nye minner. Dragene v\u00e5re fikk seg ogs\u00e5 flere lufteturer. Om kvelden steg dragene til himmels med lys inni, og vi sto betatt og tok bilde p\u00e5 bilde.<\/p>\n<p>[\/et_pb_text][et_pb_gallery gallery_ids=&raquo;18723,18724,18725,18726,18744,18745,18746&#8243; _builder_version=&raquo;4.27.4&#8243; _module_preset=&raquo;default&raquo; global_colors_info=&raquo;{}&raquo;][\/et_pb_gallery][et_pb_text _builder_version=&raquo;4.27.4&#8243; _module_preset=&raquo;default&raquo; global_colors_info=&raquo;{}&raquo;]<\/p>\n<p>P\u00e5l og Shirley synes det var en fin opplevelse \u00e5 v\u00e6re med p\u00e5 dragefestivalen, forteller de. Noe de gjerne vil bli med p\u00e5 igjen. De opplevde at tilgangen fra campingplassen til stranda var enkel og gjorde det lett \u00e5 komme seg frem og tilbake.<\/p>\n<p>P\u00e5l K\u00f8nig laget en fin kortfilm som du kan se ved \u00e5 klikke p\u00e5 bildet under:<\/p>\n<p>[\/et_pb_text][et_pb_video src=&raquo;https:\/\/nsff.no\/magasinet\/wp-content\/uploads\/sites\/2\/2025\/11\/IMG_0312.mov&raquo; play_icon_color=&raquo;#E02B20&#8243; _builder_version=&raquo;4.27.4&#8243; _module_preset=&raquo;default&raquo; width=&raquo;50%&raquo; max_width=&raquo;50%&raquo; global_colors_info=&raquo;{}&raquo;][\/et_pb_video][et_pb_text _builder_version=&raquo;4.27.4&#8243; _module_preset=&raquo;default&raquo; global_colors_info=&raquo;{}&raquo;]<\/p>\n<blockquote>\n<p>Mer informasjon om dragefestivalen f\u00e5r du\u00a0<a href=\"https:\/\/romo-tonder.dk\/en\/dragefestival\/\"><strong>her<\/strong><\/a>. Neste dragefestivalen blir den 4. &#8211; 6. september, 2026. Anbefales!!<\/p>\n<\/blockquote>\n<p>[\/et_pb_text][et_pb_gallery gallery_ids=&raquo;19006,19007,19008,19009,19010,19011,19013,19014&#8243; _builder_version=&raquo;4.27.4&#8243; _module_preset=&raquo;default&raquo; global_colors_info=&raquo;{}&raquo;][\/et_pb_gallery][\/et_pb_column][\/et_pb_row][\/et_pb_section]<\/p>\n","protected":false},"excerpt":{"rendered":"<p>Reisebrev: Dragefestival p\u00e5 R\u00f8m\u00f8 i Danmark &#8211; En opplevelse for livet!<\/p>\n","protected":false},"author":41,"featured_media":18992,"comment_status":"open","ping_status":"open","sticky":false,"template":"","format":"standard","meta":{"_et_pb_use_builder":"on","_et_pb_old_content":"","_et_gb_content_width":"","footnotes":""},"categories":[5,7,91,14,51],"tags":[1027],"class_list":["post-18698","post","type-post","status-publish","format-standard","has-post-thumbnail","hentry","category-film","category-foto","category-inspirasjon","category-nyheter","category-reisebrev","tag-reisebrev-dragefestival-pa-romo-i-danmark-en-opplevelse-for-livet","et-has-post-format-content","et_post_format-et-post-format-standard"],"yoast_head":"<!-- This site is optimized with the Yoast SEO plugin v27.5 - https:\/\/yoast.com\/product\/yoast-seo-wordpress\/ -->\n<title>Reisebrev: Dragefestival p\u00e5 R\u00f8m\u00f8 i Danmark - En opplevelse for livet! - NSFF Magasin | Norsk Selskap for Fotografi<\/title>\n<meta name=\"robots\" content=\"index, follow, max-snippet:-1, max-image-preview:large, max-video-preview:-1\" \/>\n<link rel=\"canonical\" href=\"https:\/\/nsff.no\/magasinet\/2025\/12\/10\/reisebrev-dragefestival-pa-romo-i-danmark-en-opplevelse-for-livet\/\" \/>\n<meta property=\"og:locale\" content=\"nb_NO\" \/>\n<meta property=\"og:type\" content=\"article\" \/>\n<meta property=\"og:title\" content=\"Reisebrev: Dragefestival p\u00e5 R\u00f8m\u00f8 i Danmark - En opplevelse for livet!\" \/>\n<meta property=\"og:description\" content=\"Reisebrev: Dragefestival p\u00e5 R\u00f8m\u00f8 i Danmark - En opplevelse for livet!\" \/>\n<meta property=\"og:url\" content=\"https:\/\/nsff.no\/magasinet\/2025\/12\/10\/reisebrev-dragefestival-pa-romo-i-danmark-en-opplevelse-for-livet\/\" \/>\n<meta property=\"og:site_name\" content=\"NSFF Magasin | Norsk Selskap for Fotografi\" \/>\n<meta property=\"article:published_time\" content=\"2025-12-10T12:00:52+00:00\" \/>\n<meta property=\"article:modified_time\" content=\"2025-12-10T12:00:58+00:00\" \/>\n<meta property=\"og:image\" content=\"https:\/\/nsff.no\/magasinet\/wp-content\/uploads\/sites\/2\/2025\/11\/DSC_3618-1024x683.jpg\" \/>\n\t<meta property=\"og:image:width\" content=\"1024\" \/>\n\t<meta property=\"og:image:height\" content=\"683\" \/>\n\t<meta property=\"og:image:type\" content=\"image\/jpeg\" \/>\n<meta name=\"author\" content=\"Inger Postvoll\" \/>\n<meta name=\"twitter:card\" content=\"summary_large_image\" \/>\n<meta name=\"twitter:label1\" content=\"Skrevet av\" \/>\n\t<meta name=\"twitter:data1\" content=\"Inger Postvoll\" \/>\n\t<meta name=\"twitter:label2\" content=\"Ansl. lesetid\" \/>\n\t<meta name=\"twitter:data2\" content=\"7 minutter\" \/>\n<script type=\"application\/ld+json\" class=\"yoast-schema-graph\">{\"@context\":\"https:\\\/\\\/schema.org\",\"@graph\":[{\"@type\":\"Article\",\"@id\":\"https:\\\/\\\/nsff.no\\\/magasinet\\\/2025\\\/12\\\/10\\\/reisebrev-dragefestival-pa-romo-i-danmark-en-opplevelse-for-livet\\\/#article\",\"isPartOf\":{\"@id\":\"https:\\\/\\\/nsff.no\\\/magasinet\\\/2025\\\/12\\\/10\\\/reisebrev-dragefestival-pa-romo-i-danmark-en-opplevelse-for-livet\\\/\"},\"author\":{\"name\":\"Inger Postvoll\",\"@id\":\"https:\\\/\\\/nsff.no\\\/magasinet\\\/#\\\/schema\\\/person\\\/b3f691ff0db3022e1c1c729ce5d53086\"},\"headline\":\"Reisebrev: Dragefestival p\u00e5 R\u00f8m\u00f8 i Danmark &#8211; En opplevelse for livet!\",\"datePublished\":\"2025-12-10T12:00:52+00:00\",\"dateModified\":\"2025-12-10T12:00:58+00:00\",\"mainEntityOfPage\":{\"@id\":\"https:\\\/\\\/nsff.no\\\/magasinet\\\/2025\\\/12\\\/10\\\/reisebrev-dragefestival-pa-romo-i-danmark-en-opplevelse-for-livet\\\/\"},\"wordCount\":485,\"commentCount\":0,\"publisher\":{\"@id\":\"https:\\\/\\\/nsff.no\\\/magasinet\\\/#organization\"},\"image\":{\"@id\":\"https:\\\/\\\/nsff.no\\\/magasinet\\\/2025\\\/12\\\/10\\\/reisebrev-dragefestival-pa-romo-i-danmark-en-opplevelse-for-livet\\\/#primaryimage\"},\"thumbnailUrl\":\"https:\\\/\\\/nsff.no\\\/magasinet\\\/wp-content\\\/uploads\\\/sites\\\/2\\\/2025\\\/11\\\/DSC_3618.jpg\",\"keywords\":[\"Reisebrev: Dragefestival p\u00e5 R\u00f8m\u00f8 i Danmark - En opplevelse for livet!\"],\"articleSection\":[\"Film\",\"Foto\",\"Inspirasjon\",\"Nyheter\",\"Reisebrev\"],\"inLanguage\":\"nb-NO\",\"potentialAction\":[{\"@type\":\"CommentAction\",\"name\":\"Comment\",\"target\":[\"https:\\\/\\\/nsff.no\\\/magasinet\\\/2025\\\/12\\\/10\\\/reisebrev-dragefestival-pa-romo-i-danmark-en-opplevelse-for-livet\\\/#respond\"]}]},{\"@type\":\"WebPage\",\"@id\":\"https:\\\/\\\/nsff.no\\\/magasinet\\\/2025\\\/12\\\/10\\\/reisebrev-dragefestival-pa-romo-i-danmark-en-opplevelse-for-livet\\\/\",\"url\":\"https:\\\/\\\/nsff.no\\\/magasinet\\\/2025\\\/12\\\/10\\\/reisebrev-dragefestival-pa-romo-i-danmark-en-opplevelse-for-livet\\\/\",\"name\":\"Reisebrev: Dragefestival p\u00e5 R\u00f8m\u00f8 i Danmark - En opplevelse for livet! - NSFF Magasin | Norsk Selskap for Fotografi\",\"isPartOf\":{\"@id\":\"https:\\\/\\\/nsff.no\\\/magasinet\\\/#website\"},\"primaryImageOfPage\":{\"@id\":\"https:\\\/\\\/nsff.no\\\/magasinet\\\/2025\\\/12\\\/10\\\/reisebrev-dragefestival-pa-romo-i-danmark-en-opplevelse-for-livet\\\/#primaryimage\"},\"image\":{\"@id\":\"https:\\\/\\\/nsff.no\\\/magasinet\\\/2025\\\/12\\\/10\\\/reisebrev-dragefestival-pa-romo-i-danmark-en-opplevelse-for-livet\\\/#primaryimage\"},\"thumbnailUrl\":\"https:\\\/\\\/nsff.no\\\/magasinet\\\/wp-content\\\/uploads\\\/sites\\\/2\\\/2025\\\/11\\\/DSC_3618.jpg\",\"datePublished\":\"2025-12-10T12:00:52+00:00\",\"dateModified\":\"2025-12-10T12:00:58+00:00\",\"breadcrumb\":{\"@id\":\"https:\\\/\\\/nsff.no\\\/magasinet\\\/2025\\\/12\\\/10\\\/reisebrev-dragefestival-pa-romo-i-danmark-en-opplevelse-for-livet\\\/#breadcrumb\"},\"inLanguage\":\"nb-NO\",\"potentialAction\":[{\"@type\":\"ReadAction\",\"target\":[\"https:\\\/\\\/nsff.no\\\/magasinet\\\/2025\\\/12\\\/10\\\/reisebrev-dragefestival-pa-romo-i-danmark-en-opplevelse-for-livet\\\/\"]}]},{\"@type\":\"ImageObject\",\"inLanguage\":\"nb-NO\",\"@id\":\"https:\\\/\\\/nsff.no\\\/magasinet\\\/2025\\\/12\\\/10\\\/reisebrev-dragefestival-pa-romo-i-danmark-en-opplevelse-for-livet\\\/#primaryimage\",\"url\":\"https:\\\/\\\/nsff.no\\\/magasinet\\\/wp-content\\\/uploads\\\/sites\\\/2\\\/2025\\\/11\\\/DSC_3618.jpg\",\"contentUrl\":\"https:\\\/\\\/nsff.no\\\/magasinet\\\/wp-content\\\/uploads\\\/sites\\\/2\\\/2025\\\/11\\\/DSC_3618.jpg\",\"width\":2400,\"height\":1600,\"caption\":\"Foto: Shirley B. K\u00f8nig\"},{\"@type\":\"BreadcrumbList\",\"@id\":\"https:\\\/\\\/nsff.no\\\/magasinet\\\/2025\\\/12\\\/10\\\/reisebrev-dragefestival-pa-romo-i-danmark-en-opplevelse-for-livet\\\/#breadcrumb\",\"itemListElement\":[{\"@type\":\"ListItem\",\"position\":1,\"name\":\"Hjem\",\"item\":\"https:\\\/\\\/nsff.no\\\/magasinet\\\/\"},{\"@type\":\"ListItem\",\"position\":2,\"name\":\"Reisebrev: Dragefestival p\u00e5 R\u00f8m\u00f8 i Danmark &#8211; En opplevelse for livet!\"}]},{\"@type\":\"WebSite\",\"@id\":\"https:\\\/\\\/nsff.no\\\/magasinet\\\/#website\",\"url\":\"https:\\\/\\\/nsff.no\\\/magasinet\\\/\",\"name\":\"NSFF Magasin | Norsk Selskap for Fotografi\",\"description\":\"Medlemsmagasin for film- og fotoentusiaster\",\"publisher\":{\"@id\":\"https:\\\/\\\/nsff.no\\\/magasinet\\\/#organization\"},\"potentialAction\":[{\"@type\":\"SearchAction\",\"target\":{\"@type\":\"EntryPoint\",\"urlTemplate\":\"https:\\\/\\\/nsff.no\\\/magasinet\\\/?s={search_term_string}\"},\"query-input\":{\"@type\":\"PropertyValueSpecification\",\"valueRequired\":true,\"valueName\":\"search_term_string\"}}],\"inLanguage\":\"nb-NO\"},{\"@type\":\"Organization\",\"@id\":\"https:\\\/\\\/nsff.no\\\/magasinet\\\/#organization\",\"name\":\"Norsk Selskap for Fotografo\",\"url\":\"https:\\\/\\\/nsff.no\\\/magasinet\\\/\",\"logo\":{\"@type\":\"ImageObject\",\"inLanguage\":\"nb-NO\",\"@id\":\"https:\\\/\\\/nsff.no\\\/magasinet\\\/#\\\/schema\\\/logo\\\/image\\\/\",\"url\":\"https:\\\/\\\/nsff.no\\\/magasinet\\\/wp-content\\\/uploads\\\/sites\\\/2\\\/2016\\\/05\\\/NSFF-fb-lenkebilde.png\",\"contentUrl\":\"https:\\\/\\\/nsff.no\\\/magasinet\\\/wp-content\\\/uploads\\\/sites\\\/2\\\/2016\\\/05\\\/NSFF-fb-lenkebilde.png\",\"width\":1,\"height\":1,\"caption\":\"Norsk Selskap for Fotografo\"},\"image\":{\"@id\":\"https:\\\/\\\/nsff.no\\\/magasinet\\\/#\\\/schema\\\/logo\\\/image\\\/\"}},{\"@type\":\"Person\",\"@id\":\"https:\\\/\\\/nsff.no\\\/magasinet\\\/#\\\/schema\\\/person\\\/b3f691ff0db3022e1c1c729ce5d53086\",\"name\":\"Inger Postvoll\",\"image\":{\"@type\":\"ImageObject\",\"inLanguage\":\"nb-NO\",\"@id\":\"https:\\\/\\\/secure.gravatar.com\\\/avatar\\\/4718b38fb1f54786915fca8071e5d8d7ad74b9f1398a7e69b599f35c6dfcc45a?s=96&d=mm&r=g\",\"url\":\"https:\\\/\\\/secure.gravatar.com\\\/avatar\\\/4718b38fb1f54786915fca8071e5d8d7ad74b9f1398a7e69b599f35c6dfcc45a?s=96&d=mm&r=g\",\"contentUrl\":\"https:\\\/\\\/secure.gravatar.com\\\/avatar\\\/4718b38fb1f54786915fca8071e5d8d7ad74b9f1398a7e69b599f35c6dfcc45a?s=96&d=mm&r=g\",\"caption\":\"Inger Postvoll\"},\"description\":\"Redakt\u00f8r av NSFF Magasin. Medlem i Haugaland Fotoklubb og PSA. Initiativtaker til damegruppa Lens Babes.\",\"url\":\"https:\\\/\\\/nsff.no\\\/magasinet\\\/author\\\/ingerpostvoll\\\/\"}]}<\/script>\n<!-- \/ Yoast SEO plugin. -->","yoast_head_json":{"title":"Reisebrev: Dragefestival p\u00e5 R\u00f8m\u00f8 i Danmark - En opplevelse for livet! - NSFF Magasin | Norsk Selskap for Fotografi","robots":{"index":"index","follow":"follow","max-snippet":"max-snippet:-1","max-image-preview":"max-image-preview:large","max-video-preview":"max-video-preview:-1"},"canonical":"https:\/\/nsff.no\/magasinet\/2025\/12\/10\/reisebrev-dragefestival-pa-romo-i-danmark-en-opplevelse-for-livet\/","og_locale":"nb_NO","og_type":"article","og_title":"Reisebrev: Dragefestival p\u00e5 R\u00f8m\u00f8 i Danmark - En opplevelse for livet!","og_description":"Reisebrev: Dragefestival p\u00e5 R\u00f8m\u00f8 i Danmark - En opplevelse for livet!","og_url":"https:\/\/nsff.no\/magasinet\/2025\/12\/10\/reisebrev-dragefestival-pa-romo-i-danmark-en-opplevelse-for-livet\/","og_site_name":"NSFF Magasin | Norsk Selskap for Fotografi","article_published_time":"2025-12-10T12:00:52+00:00","article_modified_time":"2025-12-10T12:00:58+00:00","og_image":[{"width":1024,"height":683,"url":"https:\/\/nsff.no\/magasinet\/wp-content\/uploads\/sites\/2\/2025\/11\/DSC_3618-1024x683.jpg","type":"image\/jpeg"}],"author":"Inger Postvoll","twitter_card":"summary_large_image","twitter_misc":{"Skrevet av":"Inger Postvoll","Ansl. lesetid":"7 minutter"},"schema":{"@context":"https:\/\/schema.org","@graph":[{"@type":"Article","@id":"https:\/\/nsff.no\/magasinet\/2025\/12\/10\/reisebrev-dragefestival-pa-romo-i-danmark-en-opplevelse-for-livet\/#article","isPartOf":{"@id":"https:\/\/nsff.no\/magasinet\/2025\/12\/10\/reisebrev-dragefestival-pa-romo-i-danmark-en-opplevelse-for-livet\/"},"author":{"name":"Inger Postvoll","@id":"https:\/\/nsff.no\/magasinet\/#\/schema\/person\/b3f691ff0db3022e1c1c729ce5d53086"},"headline":"Reisebrev: Dragefestival p\u00e5 R\u00f8m\u00f8 i Danmark &#8211; En opplevelse for livet!","datePublished":"2025-12-10T12:00:52+00:00","dateModified":"2025-12-10T12:00:58+00:00","mainEntityOfPage":{"@id":"https:\/\/nsff.no\/magasinet\/2025\/12\/10\/reisebrev-dragefestival-pa-romo-i-danmark-en-opplevelse-for-livet\/"},"wordCount":485,"commentCount":0,"publisher":{"@id":"https:\/\/nsff.no\/magasinet\/#organization"},"image":{"@id":"https:\/\/nsff.no\/magasinet\/2025\/12\/10\/reisebrev-dragefestival-pa-romo-i-danmark-en-opplevelse-for-livet\/#primaryimage"},"thumbnailUrl":"https:\/\/nsff.no\/magasinet\/wp-content\/uploads\/sites\/2\/2025\/11\/DSC_3618.jpg","keywords":["Reisebrev: Dragefestival p\u00e5 R\u00f8m\u00f8 i Danmark - En opplevelse for livet!"],"articleSection":["Film","Foto","Inspirasjon","Nyheter","Reisebrev"],"inLanguage":"nb-NO","potentialAction":[{"@type":"CommentAction","name":"Comment","target":["https:\/\/nsff.no\/magasinet\/2025\/12\/10\/reisebrev-dragefestival-pa-romo-i-danmark-en-opplevelse-for-livet\/#respond"]}]},{"@type":"WebPage","@id":"https:\/\/nsff.no\/magasinet\/2025\/12\/10\/reisebrev-dragefestival-pa-romo-i-danmark-en-opplevelse-for-livet\/","url":"https:\/\/nsff.no\/magasinet\/2025\/12\/10\/reisebrev-dragefestival-pa-romo-i-danmark-en-opplevelse-for-livet\/","name":"Reisebrev: Dragefestival p\u00e5 R\u00f8m\u00f8 i Danmark - En opplevelse for livet! - NSFF Magasin | Norsk Selskap for Fotografi","isPartOf":{"@id":"https:\/\/nsff.no\/magasinet\/#website"},"primaryImageOfPage":{"@id":"https:\/\/nsff.no\/magasinet\/2025\/12\/10\/reisebrev-dragefestival-pa-romo-i-danmark-en-opplevelse-for-livet\/#primaryimage"},"image":{"@id":"https:\/\/nsff.no\/magasinet\/2025\/12\/10\/reisebrev-dragefestival-pa-romo-i-danmark-en-opplevelse-for-livet\/#primaryimage"},"thumbnailUrl":"https:\/\/nsff.no\/magasinet\/wp-content\/uploads\/sites\/2\/2025\/11\/DSC_3618.jpg","datePublished":"2025-12-10T12:00:52+00:00","dateModified":"2025-12-10T12:00:58+00:00","breadcrumb":{"@id":"https:\/\/nsff.no\/magasinet\/2025\/12\/10\/reisebrev-dragefestival-pa-romo-i-danmark-en-opplevelse-for-livet\/#breadcrumb"},"inLanguage":"nb-NO","potentialAction":[{"@type":"ReadAction","target":["https:\/\/nsff.no\/magasinet\/2025\/12\/10\/reisebrev-dragefestival-pa-romo-i-danmark-en-opplevelse-for-livet\/"]}]},{"@type":"ImageObject","inLanguage":"nb-NO","@id":"https:\/\/nsff.no\/magasinet\/2025\/12\/10\/reisebrev-dragefestival-pa-romo-i-danmark-en-opplevelse-for-livet\/#primaryimage","url":"https:\/\/nsff.no\/magasinet\/wp-content\/uploads\/sites\/2\/2025\/11\/DSC_3618.jpg","contentUrl":"https:\/\/nsff.no\/magasinet\/wp-content\/uploads\/sites\/2\/2025\/11\/DSC_3618.jpg","width":2400,"height":1600,"caption":"Foto: Shirley B. K\u00f8nig"},{"@type":"BreadcrumbList","@id":"https:\/\/nsff.no\/magasinet\/2025\/12\/10\/reisebrev-dragefestival-pa-romo-i-danmark-en-opplevelse-for-livet\/#breadcrumb","itemListElement":[{"@type":"ListItem","position":1,"name":"Hjem","item":"https:\/\/nsff.no\/magasinet\/"},{"@type":"ListItem","position":2,"name":"Reisebrev: Dragefestival p\u00e5 R\u00f8m\u00f8 i Danmark &#8211; En opplevelse for livet!"}]},{"@type":"WebSite","@id":"https:\/\/nsff.no\/magasinet\/#website","url":"https:\/\/nsff.no\/magasinet\/","name":"NSFF Magasin | Norsk Selskap for Fotografi","description":"Medlemsmagasin for film- og fotoentusiaster","publisher":{"@id":"https:\/\/nsff.no\/magasinet\/#organization"},"potentialAction":[{"@type":"SearchAction","target":{"@type":"EntryPoint","urlTemplate":"https:\/\/nsff.no\/magasinet\/?s={search_term_string}"},"query-input":{"@type":"PropertyValueSpecification","valueRequired":true,"valueName":"search_term_string"}}],"inLanguage":"nb-NO"},{"@type":"Organization","@id":"https:\/\/nsff.no\/magasinet\/#organization","name":"Norsk Selskap for Fotografo","url":"https:\/\/nsff.no\/magasinet\/","logo":{"@type":"ImageObject","inLanguage":"nb-NO","@id":"https:\/\/nsff.no\/magasinet\/#\/schema\/logo\/image\/","url":"https:\/\/nsff.no\/magasinet\/wp-content\/uploads\/sites\/2\/2016\/05\/NSFF-fb-lenkebilde.png","contentUrl":"https:\/\/nsff.no\/magasinet\/wp-content\/uploads\/sites\/2\/2016\/05\/NSFF-fb-lenkebilde.png","width":1,"height":1,"caption":"Norsk Selskap for Fotografo"},"image":{"@id":"https:\/\/nsff.no\/magasinet\/#\/schema\/logo\/image\/"}},{"@type":"Person","@id":"https:\/\/nsff.no\/magasinet\/#\/schema\/person\/b3f691ff0db3022e1c1c729ce5d53086","name":"Inger Postvoll","image":{"@type":"ImageObject","inLanguage":"nb-NO","@id":"https:\/\/secure.gravatar.com\/avatar\/4718b38fb1f54786915fca8071e5d8d7ad74b9f1398a7e69b599f35c6dfcc45a?s=96&d=mm&r=g","url":"https:\/\/secure.gravatar.com\/avatar\/4718b38fb1f54786915fca8071e5d8d7ad74b9f1398a7e69b599f35c6dfcc45a?s=96&d=mm&r=g","contentUrl":"https:\/\/secure.gravatar.com\/avatar\/4718b38fb1f54786915fca8071e5d8d7ad74b9f1398a7e69b599f35c6dfcc45a?s=96&d=mm&r=g","caption":"Inger Postvoll"},"description":"Redakt\u00f8r av NSFF Magasin. Medlem i Haugaland Fotoklubb og PSA. Initiativtaker til damegruppa Lens Babes.","url":"https:\/\/nsff.no\/magasinet\/author\/ingerpostvoll\/"}]}},"_links":{"self":[{"href":"https:\/\/nsff.no\/magasinet\/wp-json\/wp\/v2\/posts\/18698","targetHints":{"allow":["GET"]}}],"collection":[{"href":"https:\/\/nsff.no\/magasinet\/wp-json\/wp\/v2\/posts"}],"about":[{"href":"https:\/\/nsff.no\/magasinet\/wp-json\/wp\/v2\/types\/post"}],"author":[{"embeddable":true,"href":"https:\/\/nsff.no\/magasinet\/wp-json\/wp\/v2\/users\/41"}],"replies":[{"embeddable":true,"href":"https:\/\/nsff.no\/magasinet\/wp-json\/wp\/v2\/comments?post=18698"}],"version-history":[{"count":46,"href":"https:\/\/nsff.no\/magasinet\/wp-json\/wp\/v2\/posts\/18698\/revisions"}],"predecessor-version":[{"id":19025,"href":"https:\/\/nsff.no\/magasinet\/wp-json\/wp\/v2\/posts\/18698\/revisions\/19025"}],"wp:featuredmedia":[{"embeddable":true,"href":"https:\/\/nsff.no\/magasinet\/wp-json\/wp\/v2\/media\/18992"}],"wp:attachment":[{"href":"https:\/\/nsff.no\/magasinet\/wp-json\/wp\/v2\/media?parent=18698"}],"wp:term":[{"taxonomy":"category","embeddable":true,"href":"https:\/\/nsff.no\/magasinet\/wp-json\/wp\/v2\/categories?post=18698"},{"taxonomy":"post_tag","embeddable":true,"href":"https:\/\/nsff.no\/magasinet\/wp-json\/wp\/v2\/tags?post=18698"}],"curies":[{"name":"wp","href":"https:\/\/api.w.org\/{rel}","templated":true}]}}