{"id":17113,"date":"2025-03-24T22:20:28","date_gmt":"2025-03-24T21:20:28","guid":{"rendered":"https:\/\/nsff.no\/magasinet\/?p=17113"},"modified":"2025-03-24T22:37:43","modified_gmt":"2025-03-24T21:37:43","slug":"arbokutstilling-i-galleri-ullinsvin-i-vaga","status":"publish","type":"post","link":"https:\/\/nsff.no\/magasinet\/2025\/03\/24\/arbokutstilling-i-galleri-ullinsvin-i-vaga\/","title":{"rendered":"\u00c5rbokutstilling i Galleri Ullinsvin i V\u00e5g\u00e5"},"content":{"rendered":"<p>[et_pb_section fb_built=&raquo;1&#8243; _builder_version=&raquo;4.27.4&#8243; _module_preset=&raquo;default&raquo; global_colors_info=&raquo;{}&raquo;][et_pb_row _builder_version=&raquo;4.27.4&#8243; _module_preset=&raquo;default&raquo; global_colors_info=&raquo;{}&raquo;][et_pb_column type=&raquo;4_4&#8243; _builder_version=&raquo;4.27.4&#8243; _module_preset=&raquo;default&raquo; global_colors_info=&raquo;{}&raquo;][et_pb_image src=&raquo;https:\/\/nsff.no\/magasinet\/wp-content\/uploads\/sites\/2\/2025\/03\/Fotografisk-vinterutstilling-Ullinsvin-1-Asbjorn-Amble.jpg&raquo; title_text=&raquo;Fotografisk vinterutstilling Ullinsvin 1 &#8211; Asbj\u00f8rn Amble&raquo; align=&raquo;center&raquo; _builder_version=&raquo;4.27.4&#8243; _module_preset=&raquo;default&raquo; width=&raquo;80%&raquo; max_width=&raquo;80%&raquo; global_colors_info=&raquo;{}&raquo;][\/et_pb_image][et_pb_text _builder_version=&raquo;4.27.4&#8243; _module_preset=&raquo;default&raquo; global_colors_info=&raquo;{}&raquo;]<\/p>\n<div data-olk-copy-source=\"MessageBody\">\n<p style=\"text-align: center\">Tekst: <span data-olk-copy-source=\"MessageBody\">Rune Hermansen<\/span><\/p>\n<p>Norsk Selskap for Fotografi (NSFF) har igjen satt sitt preg p\u00e5 norsk klubbfoto med ei imponerande \u00e5rbok-utstilling i Galleri Ullinsvin i V\u00e5g\u00e5. Utstillinga er eit samarbeid mellom fotoklubbane i Nasjonalparkriket, inkludert Lom Knipsarlag, V\u00e5g\u00e5 Kameraklubb, Dovrefjell Fotoforum, Heidal Fotoklubb og Linselusa Vinstra. Saman har dei for tredje \u00e5ret p\u00e5 rad klar \u00e5 f\u00e5tt denne mangfaldige og inspirerande NSFF utstillinga som speglar bredda og kvaliteten i norske \u00a0fotoklubbar til Ullinsvin i V\u00e5g\u00e5.<\/p>\n<p>Utstillinga tilbyr eit variert motivval som viser kva fotoklubbmedlemmene er opptekne av. Naturleg nok er det ein overvekt av naturbilder, noko som ikkje er uventa i eit landskap s\u00e5 rikt p\u00e5 naturskj\u00f8nnheit som Norge. Men utstillinga g\u00e5r langt utover dette. Bes\u00f8kjarane kan ogs\u00e5 nyte portrett som fangar sjela i modellane, makrobilde som viser detaljar ein sjeldan legg merke til, stilleben som utforskar komposisjon og lys, samt gatebilde og akt som utforskar mennesket i ulike samanhengar. Kvar enkelt bilete fortel si eiga historie og viser det unike blikket til fotografen.<\/p>\n<p>Midt p\u00e5 golvet i utstillingslokala finst ein skjerm som ruller premierte fotografi fr\u00e5 NPR nasjonal fotokonkurranse 2024. Denne landsomfattande konkurransen, som vert arrangert \u00e5rleg av dei same fotoklubbane. I tillegg til utstillinga er det ogs\u00e5 arrangert ei liten salgsutstilling i eit hj\u00f8rne av lokalet, der lokale fotografar tilbyr sine verk til sal. Dette er ein flott m\u00e5te \u00e5 st\u00f8tte lokalt talent p\u00e5 og ta med seg eit stykke fotokunst heim.<\/p>\n<p>Utstillinga, som er open 3 laurdagar og sundagar i februar\/mars, tilbyr ogs\u00e5 eit rikt program for alle som er interesserte i fotografi.<br \/>Eine Laurdagen heldt Lom Knipsarlag ei bildevisning der dei viser fram nokre av sine bildespel.<br \/>Siste helga kan bes\u00f8kjarane delta p\u00e5 eit fotokurs arrangert av V\u00e5g\u00e5 Kameraklubb, der dei kan l\u00e6re meir om fotografering og forbetre sine eigne ferdigheiter.<br \/>P\u00e5 avslutningsdagen held den kjende fotografen Roger Brendhagen eit f\u00f8redrag kalla &laquo;Fra bilde til bok&raquo;, der han deler sine erfaringar og innsikter fr\u00e5 ein lang og suksessrik karriere.<\/p>\n<\/div>\n<div data-olk-copy-source=\"MessageBody\">\u00a0<\/div>\n<div>Utstillinga er ogs\u00e5 ei feiring av det lokale fotomilj\u00f8et. Heile 10 av bileta p\u00e5 utstillinga er tekne av medlemmar av fotoklubbane i Lillehammer og Gudbrandsdalen, noko som understrekar kvaliteten og engasjementet i desse klubbane. Dette viser kor viktig det er \u00e5 ha eit sterkt lokalt fotomilj\u00f8 som kan bidra til og inspirere den nasjonale fotokulturen.<\/div>\n<div>\u00a0<\/div>\n<div>\u00a0<\/div>\n<div>\u00a0<\/div>\n<p>[\/et_pb_text][et_pb_gallery gallery_ids=&raquo;17123,17122,17121,17120,17119&#8243; _builder_version=&raquo;4.27.4&#8243; _module_preset=&raquo;default&raquo; global_colors_info=&raquo;{}&raquo;][\/et_pb_gallery][et_pb_text _builder_version=&raquo;4.27.4&#8243; _module_preset=&raquo;default&raquo; global_colors_info=&raquo;{}&raquo;]<\/p>\n<div>\n<p>For alle som er interesserte i fotografi, er denne utstillinga ein absolutt m\u00e5lfest. Enten du er ein erfaren fotograf, ein entusiastisk amat\u00f8r eller berre ein som nyt \u00e5 sj\u00e5 p\u00e5 vakre bilete, har utstillinga noko \u00e5 tilby. Med sitt varierte motivval, h\u00f8g kvalitet og engasjerte program er det ein feiring av norske fotoklubbar som ikkje b\u00f8r mistast.<\/p>\n<p>Etter den offisielle opninga av utstillinga samla dei samarbeidande fotoklubbane seg til ein minnerik og inspirerande kveld med foredrag, godt selskap og ein deilig middag.<\/p>\n<\/div>\n<div>Ein av h\u00f8gdepunkta p\u00e5 programmet var foredraget om konsertfotografering til Thomas Petterson. Han tok med seg publikum p\u00e5 ei fascinerande reise gjennom livet bak scenen. Petterson fortalde om den omfattande planlegginga som ligg f\u00f8re kvar enkelt konsert, den intense arbeidsrytmen under sj\u00f8lve fotograferinga, og korleis han m\u00e5 vere rask og presis for \u00e5 fange dei rette augneblinka. Samstundes delte han ogs\u00e5 kj\u00e6rleiken sin til yrket og korleis han finn glede i \u00e5 dokumentere musikk og kultur p\u00e5 ein unik m\u00e5te.<\/div>\n<div>\u00a0<\/div>\n<div>\u00a0<\/div>\n<div>P\u00e5 den andre sida av spekteret stod Tone Bakken, som heldt eit inspirerande foredrag med tittelen \u00abFr\u00e5 ide til bilde\u00bb. Ho skildra den kreative prosessen sin, som ofte kan ta opptil eit halv\u00e5r fr\u00e5 den f\u00f8rste ideen til det ferdige bilde. Bakken understreka kor viktig det er \u00e5 ta seg tid til \u00e5 eksperimentere, ta pr\u00f8veopptak og finjustere kvar detalj for \u00e5 oppn\u00e5 det perfekte resultatet. Hennes tiln\u00e6rming til fotografering stod i skarp kontrast til Petterson sin raskare og meir spontane stil, noko som understreka mangfaldet innan fotokunsten.<\/div>\n<div>\u00a0<\/div>\n<div>\u00a0<\/div>\n<div>Den sosiale samlinga var ikkje berre ein suksess p\u00e5 dagen, men ogs\u00e5 ein inspirasjonskjelde for framtidige arrangement. Tanken om at fotoklubbane vil gjenta suksessen med eit nasjonalt vintertreff i V\u00e5g\u00e5 til neste \u00e5r, i samband med utstillinga vart dr\u00f8fta. Dette vil vere ein flott moglegheit for fotografer fr\u00e5 heile landet til \u00e5 m\u00f8tast, dele erfaringar og l\u00e6re av kvarandre. Meir informasjon om dette arrangementet vil kome n\u00e5r planane er ferdig utarbeidde.<\/div>\n<div>\u00a0<\/div>\n<div>Denne kvelden var ei p\u00e5minning om kor viktig det er \u00e5 skape rom for utveksling av idear og erfaringar, og korleis fellesskapet rundt fotografering kan vere ein drivkraft for b\u00e5de personleg og fagleg vekst.<\/div>\n<div>\u00a0<\/div>\n<div>Forsidebilde: Nils Johannes Tollefsen. Bilde henger p\u00e5 \u00e5rsbokutstillingen.<\/div>\n<p>[\/et_pb_text][\/et_pb_column][\/et_pb_row][\/et_pb_section]<\/p>\n","protected":false},"excerpt":{"rendered":"<p>Tekst: Rune Hermansen Norsk Selskap for Fotografi (NSFF) har igjen satt sitt preg p\u00e5 norsk klubbfoto med ei imponerande \u00e5rbok-utstilling i Galleri Ullinsvin i V\u00e5g\u00e5. Utstillinga er eit samarbeid mellom fotoklubbane i Nasjonalparkriket, inkludert Lom Knipsarlag, V\u00e5g\u00e5 Kameraklubb, Dovrefjell Fotoforum, Heidal Fotoklubb og Linselusa Vinstra. Saman har dei for tredje \u00e5ret p\u00e5 rad klar \u00e5 [&hellip;]<\/p>\n","protected":false},"author":41,"featured_media":17075,"comment_status":"open","ping_status":"open","sticky":false,"template":"","format":"standard","meta":{"_et_pb_use_builder":"on","_et_pb_old_content":"","_et_gb_content_width":"","footnotes":""},"categories":[14],"tags":[],"class_list":["post-17113","post","type-post","status-publish","format-standard","has-post-thumbnail","hentry","category-nyheter","et-has-post-format-content","et_post_format-et-post-format-standard"],"yoast_head":"<!-- This site is optimized with the Yoast SEO plugin v27.5 - https:\/\/yoast.com\/product\/yoast-seo-wordpress\/ -->\n<title>\u00c5rbokutstilling i Galleri Ullinsvin i V\u00e5g\u00e5 - NSFF Magasin | Norsk Selskap for Fotografi<\/title>\n<meta name=\"robots\" content=\"index, follow, max-snippet:-1, max-image-preview:large, max-video-preview:-1\" \/>\n<link rel=\"canonical\" href=\"https:\/\/nsff.no\/magasinet\/2025\/03\/24\/arbokutstilling-i-galleri-ullinsvin-i-vaga\/\" \/>\n<meta property=\"og:locale\" content=\"nb_NO\" \/>\n<meta property=\"og:type\" content=\"article\" \/>\n<meta property=\"og:title\" content=\"\u00c5rbokutstilling i Galleri Ullinsvin i V\u00e5g\u00e5 - NSFF Magasin | Norsk Selskap for Fotografi\" \/>\n<meta property=\"og:description\" content=\"Tekst: Rune Hermansen Norsk Selskap for Fotografi (NSFF) har igjen satt sitt preg p\u00e5 norsk klubbfoto med ei imponerande \u00e5rbok-utstilling i Galleri Ullinsvin i V\u00e5g\u00e5. Utstillinga er eit samarbeid mellom fotoklubbane i Nasjonalparkriket, inkludert Lom Knipsarlag, V\u00e5g\u00e5 Kameraklubb, Dovrefjell Fotoforum, Heidal Fotoklubb og Linselusa Vinstra. Saman har dei for tredje \u00e5ret p\u00e5 rad klar \u00e5 [&hellip;]\" \/>\n<meta property=\"og:url\" content=\"https:\/\/nsff.no\/magasinet\/2025\/03\/24\/arbokutstilling-i-galleri-ullinsvin-i-vaga\/\" \/>\n<meta property=\"og:site_name\" content=\"NSFF Magasin | Norsk Selskap for Fotografi\" \/>\n<meta property=\"article:published_time\" content=\"2025-03-24T21:20:28+00:00\" \/>\n<meta property=\"article:modified_time\" content=\"2025-03-24T21:37:43+00:00\" \/>\n<meta property=\"og:image\" content=\"https:\/\/nsff.no\/magasinet\/wp-content\/uploads\/sites\/2\/2025\/03\/Host-Nils-Johannes-Tollefsen-1024x683.jpg\" \/>\n\t<meta property=\"og:image:width\" content=\"1024\" \/>\n\t<meta property=\"og:image:height\" content=\"683\" \/>\n\t<meta property=\"og:image:type\" content=\"image\/jpeg\" \/>\n<meta name=\"author\" content=\"Inger Postvoll\" \/>\n<meta name=\"twitter:card\" content=\"summary_large_image\" \/>\n<meta name=\"twitter:label1\" content=\"Skrevet av\" \/>\n\t<meta name=\"twitter:data1\" content=\"Inger Postvoll\" \/>\n\t<meta name=\"twitter:label2\" content=\"Ansl. lesetid\" \/>\n\t<meta name=\"twitter:data2\" content=\"6 minutter\" \/>\n<script type=\"application\/ld+json\" class=\"yoast-schema-graph\">{\"@context\":\"https:\\\/\\\/schema.org\",\"@graph\":[{\"@type\":\"Article\",\"@id\":\"https:\\\/\\\/nsff.no\\\/magasinet\\\/2025\\\/03\\\/24\\\/arbokutstilling-i-galleri-ullinsvin-i-vaga\\\/#article\",\"isPartOf\":{\"@id\":\"https:\\\/\\\/nsff.no\\\/magasinet\\\/2025\\\/03\\\/24\\\/arbokutstilling-i-galleri-ullinsvin-i-vaga\\\/\"},\"author\":{\"name\":\"Inger Postvoll\",\"@id\":\"https:\\\/\\\/nsff.no\\\/magasinet\\\/#\\\/schema\\\/person\\\/b3f691ff0db3022e1c1c729ce5d53086\"},\"headline\":\"\u00c5rbokutstilling i Galleri Ullinsvin i V\u00e5g\u00e5\",\"datePublished\":\"2025-03-24T21:20:28+00:00\",\"dateModified\":\"2025-03-24T21:37:43+00:00\",\"mainEntityOfPage\":{\"@id\":\"https:\\\/\\\/nsff.no\\\/magasinet\\\/2025\\\/03\\\/24\\\/arbokutstilling-i-galleri-ullinsvin-i-vaga\\\/\"},\"wordCount\":896,\"commentCount\":0,\"publisher\":{\"@id\":\"https:\\\/\\\/nsff.no\\\/magasinet\\\/#organization\"},\"image\":{\"@id\":\"https:\\\/\\\/nsff.no\\\/magasinet\\\/2025\\\/03\\\/24\\\/arbokutstilling-i-galleri-ullinsvin-i-vaga\\\/#primaryimage\"},\"thumbnailUrl\":\"https:\\\/\\\/nsff.no\\\/magasinet\\\/wp-content\\\/uploads\\\/sites\\\/2\\\/2025\\\/03\\\/Host-Nils-Johannes-Tollefsen.jpg\",\"articleSection\":[\"Nyheter\"],\"inLanguage\":\"nb-NO\",\"potentialAction\":[{\"@type\":\"CommentAction\",\"name\":\"Comment\",\"target\":[\"https:\\\/\\\/nsff.no\\\/magasinet\\\/2025\\\/03\\\/24\\\/arbokutstilling-i-galleri-ullinsvin-i-vaga\\\/#respond\"]}]},{\"@type\":\"WebPage\",\"@id\":\"https:\\\/\\\/nsff.no\\\/magasinet\\\/2025\\\/03\\\/24\\\/arbokutstilling-i-galleri-ullinsvin-i-vaga\\\/\",\"url\":\"https:\\\/\\\/nsff.no\\\/magasinet\\\/2025\\\/03\\\/24\\\/arbokutstilling-i-galleri-ullinsvin-i-vaga\\\/\",\"name\":\"\u00c5rbokutstilling i Galleri Ullinsvin i V\u00e5g\u00e5 - NSFF Magasin | Norsk Selskap for Fotografi\",\"isPartOf\":{\"@id\":\"https:\\\/\\\/nsff.no\\\/magasinet\\\/#website\"},\"primaryImageOfPage\":{\"@id\":\"https:\\\/\\\/nsff.no\\\/magasinet\\\/2025\\\/03\\\/24\\\/arbokutstilling-i-galleri-ullinsvin-i-vaga\\\/#primaryimage\"},\"image\":{\"@id\":\"https:\\\/\\\/nsff.no\\\/magasinet\\\/2025\\\/03\\\/24\\\/arbokutstilling-i-galleri-ullinsvin-i-vaga\\\/#primaryimage\"},\"thumbnailUrl\":\"https:\\\/\\\/nsff.no\\\/magasinet\\\/wp-content\\\/uploads\\\/sites\\\/2\\\/2025\\\/03\\\/Host-Nils-Johannes-Tollefsen.jpg\",\"datePublished\":\"2025-03-24T21:20:28+00:00\",\"dateModified\":\"2025-03-24T21:37:43+00:00\",\"breadcrumb\":{\"@id\":\"https:\\\/\\\/nsff.no\\\/magasinet\\\/2025\\\/03\\\/24\\\/arbokutstilling-i-galleri-ullinsvin-i-vaga\\\/#breadcrumb\"},\"inLanguage\":\"nb-NO\",\"potentialAction\":[{\"@type\":\"ReadAction\",\"target\":[\"https:\\\/\\\/nsff.no\\\/magasinet\\\/2025\\\/03\\\/24\\\/arbokutstilling-i-galleri-ullinsvin-i-vaga\\\/\"]}]},{\"@type\":\"ImageObject\",\"inLanguage\":\"nb-NO\",\"@id\":\"https:\\\/\\\/nsff.no\\\/magasinet\\\/2025\\\/03\\\/24\\\/arbokutstilling-i-galleri-ullinsvin-i-vaga\\\/#primaryimage\",\"url\":\"https:\\\/\\\/nsff.no\\\/magasinet\\\/wp-content\\\/uploads\\\/sites\\\/2\\\/2025\\\/03\\\/Host-Nils-Johannes-Tollefsen.jpg\",\"contentUrl\":\"https:\\\/\\\/nsff.no\\\/magasinet\\\/wp-content\\\/uploads\\\/sites\\\/2\\\/2025\\\/03\\\/Host-Nils-Johannes-Tollefsen.jpg\",\"width\":2400,\"height\":1600},{\"@type\":\"BreadcrumbList\",\"@id\":\"https:\\\/\\\/nsff.no\\\/magasinet\\\/2025\\\/03\\\/24\\\/arbokutstilling-i-galleri-ullinsvin-i-vaga\\\/#breadcrumb\",\"itemListElement\":[{\"@type\":\"ListItem\",\"position\":1,\"name\":\"Hjem\",\"item\":\"https:\\\/\\\/nsff.no\\\/magasinet\\\/\"},{\"@type\":\"ListItem\",\"position\":2,\"name\":\"\u00c5rbokutstilling i Galleri Ullinsvin i V\u00e5g\u00e5\"}]},{\"@type\":\"WebSite\",\"@id\":\"https:\\\/\\\/nsff.no\\\/magasinet\\\/#website\",\"url\":\"https:\\\/\\\/nsff.no\\\/magasinet\\\/\",\"name\":\"NSFF Magasin | Norsk Selskap for Fotografi\",\"description\":\"Medlemsmagasin for film- og fotoentusiaster\",\"publisher\":{\"@id\":\"https:\\\/\\\/nsff.no\\\/magasinet\\\/#organization\"},\"potentialAction\":[{\"@type\":\"SearchAction\",\"target\":{\"@type\":\"EntryPoint\",\"urlTemplate\":\"https:\\\/\\\/nsff.no\\\/magasinet\\\/?s={search_term_string}\"},\"query-input\":{\"@type\":\"PropertyValueSpecification\",\"valueRequired\":true,\"valueName\":\"search_term_string\"}}],\"inLanguage\":\"nb-NO\"},{\"@type\":\"Organization\",\"@id\":\"https:\\\/\\\/nsff.no\\\/magasinet\\\/#organization\",\"name\":\"Norsk Selskap for Fotografo\",\"url\":\"https:\\\/\\\/nsff.no\\\/magasinet\\\/\",\"logo\":{\"@type\":\"ImageObject\",\"inLanguage\":\"nb-NO\",\"@id\":\"https:\\\/\\\/nsff.no\\\/magasinet\\\/#\\\/schema\\\/logo\\\/image\\\/\",\"url\":\"https:\\\/\\\/nsff.no\\\/magasinet\\\/wp-content\\\/uploads\\\/sites\\\/2\\\/2016\\\/05\\\/NSFF-fb-lenkebilde.png\",\"contentUrl\":\"https:\\\/\\\/nsff.no\\\/magasinet\\\/wp-content\\\/uploads\\\/sites\\\/2\\\/2016\\\/05\\\/NSFF-fb-lenkebilde.png\",\"width\":1,\"height\":1,\"caption\":\"Norsk Selskap for Fotografo\"},\"image\":{\"@id\":\"https:\\\/\\\/nsff.no\\\/magasinet\\\/#\\\/schema\\\/logo\\\/image\\\/\"}},{\"@type\":\"Person\",\"@id\":\"https:\\\/\\\/nsff.no\\\/magasinet\\\/#\\\/schema\\\/person\\\/b3f691ff0db3022e1c1c729ce5d53086\",\"name\":\"Inger Postvoll\",\"image\":{\"@type\":\"ImageObject\",\"inLanguage\":\"nb-NO\",\"@id\":\"https:\\\/\\\/secure.gravatar.com\\\/avatar\\\/4718b38fb1f54786915fca8071e5d8d7ad74b9f1398a7e69b599f35c6dfcc45a?s=96&d=mm&r=g\",\"url\":\"https:\\\/\\\/secure.gravatar.com\\\/avatar\\\/4718b38fb1f54786915fca8071e5d8d7ad74b9f1398a7e69b599f35c6dfcc45a?s=96&d=mm&r=g\",\"contentUrl\":\"https:\\\/\\\/secure.gravatar.com\\\/avatar\\\/4718b38fb1f54786915fca8071e5d8d7ad74b9f1398a7e69b599f35c6dfcc45a?s=96&d=mm&r=g\",\"caption\":\"Inger Postvoll\"},\"description\":\"Redakt\u00f8r av NSFF Magasin. Medlem i Haugaland Fotoklubb og PSA. Initiativtaker til damegruppa Lens Babes.\",\"url\":\"https:\\\/\\\/nsff.no\\\/magasinet\\\/author\\\/ingerpostvoll\\\/\"}]}<\/script>\n<!-- \/ Yoast SEO plugin. -->","yoast_head_json":{"title":"\u00c5rbokutstilling i Galleri Ullinsvin i V\u00e5g\u00e5 - NSFF Magasin | Norsk Selskap for Fotografi","robots":{"index":"index","follow":"follow","max-snippet":"max-snippet:-1","max-image-preview":"max-image-preview:large","max-video-preview":"max-video-preview:-1"},"canonical":"https:\/\/nsff.no\/magasinet\/2025\/03\/24\/arbokutstilling-i-galleri-ullinsvin-i-vaga\/","og_locale":"nb_NO","og_type":"article","og_title":"\u00c5rbokutstilling i Galleri Ullinsvin i V\u00e5g\u00e5 - NSFF Magasin | Norsk Selskap for Fotografi","og_description":"Tekst: Rune Hermansen Norsk Selskap for Fotografi (NSFF) har igjen satt sitt preg p\u00e5 norsk klubbfoto med ei imponerande \u00e5rbok-utstilling i Galleri Ullinsvin i V\u00e5g\u00e5. Utstillinga er eit samarbeid mellom fotoklubbane i Nasjonalparkriket, inkludert Lom Knipsarlag, V\u00e5g\u00e5 Kameraklubb, Dovrefjell Fotoforum, Heidal Fotoklubb og Linselusa Vinstra. Saman har dei for tredje \u00e5ret p\u00e5 rad klar \u00e5 [&hellip;]","og_url":"https:\/\/nsff.no\/magasinet\/2025\/03\/24\/arbokutstilling-i-galleri-ullinsvin-i-vaga\/","og_site_name":"NSFF Magasin | Norsk Selskap for Fotografi","article_published_time":"2025-03-24T21:20:28+00:00","article_modified_time":"2025-03-24T21:37:43+00:00","og_image":[{"width":1024,"height":683,"url":"https:\/\/nsff.no\/magasinet\/wp-content\/uploads\/sites\/2\/2025\/03\/Host-Nils-Johannes-Tollefsen-1024x683.jpg","type":"image\/jpeg"}],"author":"Inger Postvoll","twitter_card":"summary_large_image","twitter_misc":{"Skrevet av":"Inger Postvoll","Ansl. lesetid":"6 minutter"},"schema":{"@context":"https:\/\/schema.org","@graph":[{"@type":"Article","@id":"https:\/\/nsff.no\/magasinet\/2025\/03\/24\/arbokutstilling-i-galleri-ullinsvin-i-vaga\/#article","isPartOf":{"@id":"https:\/\/nsff.no\/magasinet\/2025\/03\/24\/arbokutstilling-i-galleri-ullinsvin-i-vaga\/"},"author":{"name":"Inger Postvoll","@id":"https:\/\/nsff.no\/magasinet\/#\/schema\/person\/b3f691ff0db3022e1c1c729ce5d53086"},"headline":"\u00c5rbokutstilling i Galleri Ullinsvin i V\u00e5g\u00e5","datePublished":"2025-03-24T21:20:28+00:00","dateModified":"2025-03-24T21:37:43+00:00","mainEntityOfPage":{"@id":"https:\/\/nsff.no\/magasinet\/2025\/03\/24\/arbokutstilling-i-galleri-ullinsvin-i-vaga\/"},"wordCount":896,"commentCount":0,"publisher":{"@id":"https:\/\/nsff.no\/magasinet\/#organization"},"image":{"@id":"https:\/\/nsff.no\/magasinet\/2025\/03\/24\/arbokutstilling-i-galleri-ullinsvin-i-vaga\/#primaryimage"},"thumbnailUrl":"https:\/\/nsff.no\/magasinet\/wp-content\/uploads\/sites\/2\/2025\/03\/Host-Nils-Johannes-Tollefsen.jpg","articleSection":["Nyheter"],"inLanguage":"nb-NO","potentialAction":[{"@type":"CommentAction","name":"Comment","target":["https:\/\/nsff.no\/magasinet\/2025\/03\/24\/arbokutstilling-i-galleri-ullinsvin-i-vaga\/#respond"]}]},{"@type":"WebPage","@id":"https:\/\/nsff.no\/magasinet\/2025\/03\/24\/arbokutstilling-i-galleri-ullinsvin-i-vaga\/","url":"https:\/\/nsff.no\/magasinet\/2025\/03\/24\/arbokutstilling-i-galleri-ullinsvin-i-vaga\/","name":"\u00c5rbokutstilling i Galleri Ullinsvin i V\u00e5g\u00e5 - NSFF Magasin | Norsk Selskap for Fotografi","isPartOf":{"@id":"https:\/\/nsff.no\/magasinet\/#website"},"primaryImageOfPage":{"@id":"https:\/\/nsff.no\/magasinet\/2025\/03\/24\/arbokutstilling-i-galleri-ullinsvin-i-vaga\/#primaryimage"},"image":{"@id":"https:\/\/nsff.no\/magasinet\/2025\/03\/24\/arbokutstilling-i-galleri-ullinsvin-i-vaga\/#primaryimage"},"thumbnailUrl":"https:\/\/nsff.no\/magasinet\/wp-content\/uploads\/sites\/2\/2025\/03\/Host-Nils-Johannes-Tollefsen.jpg","datePublished":"2025-03-24T21:20:28+00:00","dateModified":"2025-03-24T21:37:43+00:00","breadcrumb":{"@id":"https:\/\/nsff.no\/magasinet\/2025\/03\/24\/arbokutstilling-i-galleri-ullinsvin-i-vaga\/#breadcrumb"},"inLanguage":"nb-NO","potentialAction":[{"@type":"ReadAction","target":["https:\/\/nsff.no\/magasinet\/2025\/03\/24\/arbokutstilling-i-galleri-ullinsvin-i-vaga\/"]}]},{"@type":"ImageObject","inLanguage":"nb-NO","@id":"https:\/\/nsff.no\/magasinet\/2025\/03\/24\/arbokutstilling-i-galleri-ullinsvin-i-vaga\/#primaryimage","url":"https:\/\/nsff.no\/magasinet\/wp-content\/uploads\/sites\/2\/2025\/03\/Host-Nils-Johannes-Tollefsen.jpg","contentUrl":"https:\/\/nsff.no\/magasinet\/wp-content\/uploads\/sites\/2\/2025\/03\/Host-Nils-Johannes-Tollefsen.jpg","width":2400,"height":1600},{"@type":"BreadcrumbList","@id":"https:\/\/nsff.no\/magasinet\/2025\/03\/24\/arbokutstilling-i-galleri-ullinsvin-i-vaga\/#breadcrumb","itemListElement":[{"@type":"ListItem","position":1,"name":"Hjem","item":"https:\/\/nsff.no\/magasinet\/"},{"@type":"ListItem","position":2,"name":"\u00c5rbokutstilling i Galleri Ullinsvin i V\u00e5g\u00e5"}]},{"@type":"WebSite","@id":"https:\/\/nsff.no\/magasinet\/#website","url":"https:\/\/nsff.no\/magasinet\/","name":"NSFF Magasin | Norsk Selskap for Fotografi","description":"Medlemsmagasin for film- og fotoentusiaster","publisher":{"@id":"https:\/\/nsff.no\/magasinet\/#organization"},"potentialAction":[{"@type":"SearchAction","target":{"@type":"EntryPoint","urlTemplate":"https:\/\/nsff.no\/magasinet\/?s={search_term_string}"},"query-input":{"@type":"PropertyValueSpecification","valueRequired":true,"valueName":"search_term_string"}}],"inLanguage":"nb-NO"},{"@type":"Organization","@id":"https:\/\/nsff.no\/magasinet\/#organization","name":"Norsk Selskap for Fotografo","url":"https:\/\/nsff.no\/magasinet\/","logo":{"@type":"ImageObject","inLanguage":"nb-NO","@id":"https:\/\/nsff.no\/magasinet\/#\/schema\/logo\/image\/","url":"https:\/\/nsff.no\/magasinet\/wp-content\/uploads\/sites\/2\/2016\/05\/NSFF-fb-lenkebilde.png","contentUrl":"https:\/\/nsff.no\/magasinet\/wp-content\/uploads\/sites\/2\/2016\/05\/NSFF-fb-lenkebilde.png","width":1,"height":1,"caption":"Norsk Selskap for Fotografo"},"image":{"@id":"https:\/\/nsff.no\/magasinet\/#\/schema\/logo\/image\/"}},{"@type":"Person","@id":"https:\/\/nsff.no\/magasinet\/#\/schema\/person\/b3f691ff0db3022e1c1c729ce5d53086","name":"Inger Postvoll","image":{"@type":"ImageObject","inLanguage":"nb-NO","@id":"https:\/\/secure.gravatar.com\/avatar\/4718b38fb1f54786915fca8071e5d8d7ad74b9f1398a7e69b599f35c6dfcc45a?s=96&d=mm&r=g","url":"https:\/\/secure.gravatar.com\/avatar\/4718b38fb1f54786915fca8071e5d8d7ad74b9f1398a7e69b599f35c6dfcc45a?s=96&d=mm&r=g","contentUrl":"https:\/\/secure.gravatar.com\/avatar\/4718b38fb1f54786915fca8071e5d8d7ad74b9f1398a7e69b599f35c6dfcc45a?s=96&d=mm&r=g","caption":"Inger Postvoll"},"description":"Redakt\u00f8r av NSFF Magasin. Medlem i Haugaland Fotoklubb og PSA. Initiativtaker til damegruppa Lens Babes.","url":"https:\/\/nsff.no\/magasinet\/author\/ingerpostvoll\/"}]}},"_links":{"self":[{"href":"https:\/\/nsff.no\/magasinet\/wp-json\/wp\/v2\/posts\/17113","targetHints":{"allow":["GET"]}}],"collection":[{"href":"https:\/\/nsff.no\/magasinet\/wp-json\/wp\/v2\/posts"}],"about":[{"href":"https:\/\/nsff.no\/magasinet\/wp-json\/wp\/v2\/types\/post"}],"author":[{"embeddable":true,"href":"https:\/\/nsff.no\/magasinet\/wp-json\/wp\/v2\/users\/41"}],"replies":[{"embeddable":true,"href":"https:\/\/nsff.no\/magasinet\/wp-json\/wp\/v2\/comments?post=17113"}],"version-history":[{"count":16,"href":"https:\/\/nsff.no\/magasinet\/wp-json\/wp\/v2\/posts\/17113\/revisions"}],"predecessor-version":[{"id":17142,"href":"https:\/\/nsff.no\/magasinet\/wp-json\/wp\/v2\/posts\/17113\/revisions\/17142"}],"wp:featuredmedia":[{"embeddable":true,"href":"https:\/\/nsff.no\/magasinet\/wp-json\/wp\/v2\/media\/17075"}],"wp:attachment":[{"href":"https:\/\/nsff.no\/magasinet\/wp-json\/wp\/v2\/media?parent=17113"}],"wp:term":[{"taxonomy":"category","embeddable":true,"href":"https:\/\/nsff.no\/magasinet\/wp-json\/wp\/v2\/categories?post=17113"},{"taxonomy":"post_tag","embeddable":true,"href":"https:\/\/nsff.no\/magasinet\/wp-json\/wp\/v2\/tags?post=17113"}],"curies":[{"name":"wp","href":"https:\/\/api.w.org\/{rel}","templated":true}]}}