{"id":16610,"date":"2025-04-18T18:59:47","date_gmt":"2025-04-18T16:59:47","guid":{"rendered":"https:\/\/nsff.no\/magasinet\/?p=16610"},"modified":"2026-04-07T19:58:31","modified_gmt":"2026-04-07T17:58:31","slug":"portrettintervju-av-marion-klette","status":"publish","type":"post","link":"https:\/\/nsff.no\/magasinet\/2025\/04\/18\/portrettintervju-av-marion-klette\/","title":{"rendered":"Portrettintervju av Marion Klette"},"content":{"rendered":"<p>[et_pb_section fb_built=&raquo;1&#8243; _builder_version=&raquo;4.27.4&#8243; _module_preset=&raquo;default&raquo; global_colors_info=&raquo;{}&raquo;][et_pb_row _builder_version=&raquo;4.27.4&#8243; _module_preset=&raquo;default&raquo; global_colors_info=&raquo;{}&raquo;][et_pb_column type=&raquo;4_4&#8243; _builder_version=&raquo;4.27.4&#8243; _module_preset=&raquo;default&raquo; global_colors_info=&raquo;{}&raquo;][et_pb_text _builder_version=&raquo;4.27.4&#8243; _module_preset=&raquo;default&raquo; global_colors_info=&raquo;{}&raquo;]<\/p>\n<p style=\"font-weight: 400\"><strong>Marion Klette er en kvinne med lidenskap for foto og som helst ville ha brukt hver eneste dag til fotografering. Hun er 61 \u00e5r, f\u00f8dt og oppvokst i Bod\u00f8. Etter et fler\u00e5rig utenlandsopphold, flyttet hun tilbake til hjembyen for mange \u00e5r siden. Til daglig jobber hun p\u00e5 Nordlandssykehuset i rus- og akuttpsykiatrien.<\/strong><\/p>\n<p style=\"font-weight: 400\">[\/et_pb_text][et_pb_image src=&raquo;https:\/\/nsff.no\/magasinet\/wp-content\/uploads\/sites\/2\/2025\/02\/Marion-Klette-Foto-privat.jpg&raquo; title_text=&raquo;Marion Klette (Foto privat)&raquo; align=&raquo;center&raquo; _builder_version=&raquo;4.27.4&#8243; _module_preset=&raquo;default&raquo; width=&raquo;80%&raquo; max_width=&raquo;80%&raquo; global_colors_info=&raquo;{}&raquo;][\/et_pb_image][et_pb_text _builder_version=&raquo;4.27.4&#8243; _module_preset=&raquo;default&raquo; global_colors_info=&raquo;{}&raquo;]<\/p>\n<p style=\"font-weight: 400\">&#8211; \u00a0Jeg har fotografert i 14 \u00e5r og begynte fordi en venn av meg tok noen fine bilder av hestene mine. Jeg tenkte som Pippi: \u00abDet har jeg aldri gjort f\u00f8r, s\u00e5 det tror jeg sikkert at jeg kan\u00bb. Det var starten p\u00e5 det som skulle utvikle seg til \u00e5 bli en stor lidenskap.<\/p>\n<p style=\"font-weight: 400\">For den ivrige fotografen, er det b\u00e5de en hobby og en livsstil. Etter hvert har det ogs\u00e5 blitt en del salg av bilder, samt fotooppdrag for kunder. Likevel er det ikke blitt et levebr\u00f8d, forteller hun.<\/p>\n<p style=\"font-weight: 400\">&#8211; Jeg \u00f8nsker \u00e5 ha det som hobby for \u00e5 beholde gleden og ikke f\u00f8le at jeg er n\u00f8dt \u00e5 \u00abjage etter\u00bb kunder.<\/p>\n<p>[\/et_pb_text][et_pb_gallery gallery_ids=&raquo;17244,17245,17246,17247&#8243; _builder_version=&raquo;4.27.4&#8243; _module_preset=&raquo;default&raquo; global_colors_info=&raquo;{}&raquo;][\/et_pb_gallery][et_pb_text _builder_version=&raquo;4.27.4&#8243; _module_preset=&raquo;default&raquo; global_colors_info=&raquo;{}&raquo;]<\/p>\n<p style=\"font-weight: 400\">Hun fotograferer det meste. De f\u00f8rste \u00e5rene gikk det utelukkende i hestesportfotografering. De senere \u00e5r er det blitt mye landskap, og n\u00e5 er hun inne i en fuglefotograferingsfase. Marion elsker \u00e5 utfordre seg selv p\u00e5 teknikker hun enn\u00e5 ikke behersker, s\u00e5 man kan trygt si at hun er \u00abalt-etende\u00bb.<\/p>\n<p>&#8211; Det er veldig moro med fotografering av barn ogs\u00e5, samt v\u00e6r \u2013 masse v\u00e6r. Helst uv\u00e6r! Det jeg ikke liker \u00e5 fotografere, er gatefoto. Det blir for kjedelig for meg rett og slett.<\/p>\n<p>[\/et_pb_text][et_pb_gallery gallery_ids=&raquo;17248,17249,17250,17251&#8243; _builder_version=&raquo;4.27.4&#8243; _module_preset=&raquo;default&raquo; global_colors_info=&raquo;{}&raquo;][\/et_pb_gallery][et_pb_text _builder_version=&raquo;4.27.4&#8243; _module_preset=&raquo;default&raquo; global_colors_info=&raquo;{}&raquo;]<\/p>\n<p><strong>Har du noe spesielt du \u00f8nsker \u00e5 f\u00e5 frem med bildene dine?<\/strong> <strong>Hva gj\u00f8r du da for \u00e5 f\u00e5 frem dette?<\/strong><\/p>\n<p>&#8211; Jeg \u00f8nsker \u00e5 fange \u00f8yeblikkene, f\u00e5 betrakteren til \u00e5 se ting p\u00e5 en annen m\u00e5te slik at de blir flinkere til \u00e5 legge merke til alt det vakre rundt seg. Om jeg klarer \u00e5 fange det \u00abvanlige\u00bb p\u00e5 en \u00abuvanlig\u00bb m\u00e5te, og folk kommenterer at de synes en furukongle er vakker etter \u00e5 ha sett et bilde jeg har tatt av en slik, ja da er jeg lykkelig! For \u00e5 f\u00e5 frem dette, m\u00e5 man ha blikket med seg og se etter detaljer. Deretter m\u00e5 en fotografere fra vinkler som gj\u00f8r bildet spennende.<\/p>\n<p>Bod\u00f8v\u00e6ringen bruker Canon, b\u00e5de speill\u00f8st og speilreflekskamera, og hun legger stor vekt p\u00e5 \u00e5 ha gode objektiver. Hun forteller at hun ikke bruker spesielle teknikker i etterbehandlingen og redigerer stort sett s\u00e5 lite som mulig, men s\u00e5 mye som n\u00f8dvendig. Photoshop og Lightroom er de programmene hun foretrekker. Ved fotografering av mennesker, er det viktig for henne \u00e5 finne egnet location, men stort sett blir \u00abveien til mens jeg g\u00e5r\u00bb som hun sier.<\/p>\n<p style=\"font-weight: 400\">[\/et_pb_text][et_pb_gallery gallery_ids=&raquo;17252,17255,17256,17257&#8243; _builder_version=&raquo;4.27.4&#8243; _module_preset=&raquo;default&raquo; global_colors_info=&raquo;{}&raquo;][\/et_pb_gallery][et_pb_text _builder_version=&raquo;4.27.4&#8243; _module_preset=&raquo;default&raquo; global_colors_info=&raquo;{}&raquo;]<\/p>\n<p><strong>Hva er det som inspirerer deg? <\/strong><\/p>\n<p>&#8211; Andre fotografer! Jeg f\u00f8lger med p\u00e5 flere og pr\u00f8ver \u00e5 l\u00e6re, samt f\u00e5 ideer. Blir imponert over ferdighetene til fotovenner, og i tillegg blir jeg selvsagt inspirert n\u00e5r jeg blir bel\u00f8nnet med medaljer i fotokonkurranser.<\/p>\n<p>Hun fotograferer b\u00e5de alene og i lag med andre, og for \u00e5 vise frem bildene sine\u00a0bruker hun Facebook, Instagram og sin egen nettside, <a href=\"http:\/\/www.marionklette.com\/\">marionklette.com.<\/a><\/p>\n<p>N\u00e5r det kommer hvilke fotografer som inspirerer henne, nevner hun den svenske fotografen og svenske mesteren i foto &#8211; Maria Lindberg.<\/p>\n<p>&#8211; Hun skaper magi med bildene sine, som fra et dr\u00f8mmeeventyr. I tillegg er hun dyktig p\u00e5 sosiale medier og er som en lykkepille!<\/p>\n<p>&nbsp;<\/p>\n<p>[\/et_pb_text][et_pb_gallery gallery_ids=&raquo;17263,17264,17265,17266&#8243; _builder_version=&raquo;4.27.4&#8243; _module_preset=&raquo;default&raquo; global_colors_info=&raquo;{}&raquo;][\/et_pb_gallery][et_pb_text _builder_version=&raquo;4.27.4&#8243; _module_preset=&raquo;default&raquo; global_colors_info=&raquo;{}&raquo;]<\/p>\n<p>Dersom Marion skulle f\u00e5 velge \u00e5 dra p\u00e5 fototur med en annen fotograf, ville det definitivt blitt Audun Richardsen!<\/p>\n<p>&#8211; Han er r\u00e5 p\u00e5 det han gj\u00f8r. Turen skulle g\u00e5tt til havs for hvalfotografering eller til Svalbard!<\/p>\n<p>Helt til slutt forteller hun at hun har mange motiver hun gjerne skulle ha fanget, men at et m\u00f8te med gaupa st\u00e5r \u00f8verst p\u00e5 lista.<\/p>\n<p>&#8211; Og s\u00e5 skulle jeg veldig gjerne reist til de Mongolske steppene og tatt bilder av urfolket og hestene.<\/p>\n<p>[\/et_pb_text][et_pb_gallery gallery_ids=&raquo;17262,17260,17259,17258&#8243; _builder_version=&raquo;4.27.4&#8243; _module_preset=&raquo;default&raquo; global_colors_info=&raquo;{}&raquo;][\/et_pb_gallery][\/et_pb_column][\/et_pb_row][\/et_pb_section]<\/p>\n","protected":false},"excerpt":{"rendered":"<p>Portrettintervju av Marion Klette<\/p>\n","protected":false},"author":41,"featured_media":16614,"comment_status":"open","ping_status":"open","sticky":false,"template":"","format":"standard","meta":{"_et_pb_use_builder":"on","_et_pb_old_content":"","_et_gb_content_width":"","footnotes":""},"categories":[7,91,17,14,90],"tags":[959],"class_list":["post-16610","post","type-post","status-publish","format-standard","has-post-thumbnail","hentry","category-foto","category-inspirasjon","category-medlemmer","category-nyheter","category-presentasjoner","tag-portrettintervju-av-marion-klette","et-has-post-format-content","et_post_format-et-post-format-standard"],"yoast_head":"<!-- This site is optimized with the Yoast SEO plugin v27.5 - https:\/\/yoast.com\/product\/yoast-seo-wordpress\/ -->\n<title>Portrettintervju av Marion Klette - NSFF Magasin | Norsk Selskap for Fotografi<\/title>\n<meta name=\"robots\" content=\"index, follow, max-snippet:-1, max-image-preview:large, max-video-preview:-1\" \/>\n<link rel=\"canonical\" href=\"https:\/\/nsff.no\/magasinet\/2025\/04\/18\/portrettintervju-av-marion-klette\/\" \/>\n<meta property=\"og:locale\" content=\"nb_NO\" \/>\n<meta property=\"og:type\" content=\"article\" \/>\n<meta property=\"og:title\" content=\"Portrettintervju av Marion Klette\" \/>\n<meta property=\"og:description\" content=\"Portrettintervju av Marion Klette\" \/>\n<meta property=\"og:url\" content=\"https:\/\/nsff.no\/magasinet\/2025\/04\/18\/portrettintervju-av-marion-klette\/\" \/>\n<meta property=\"og:site_name\" content=\"NSFF Magasin | Norsk Selskap for Fotografi\" \/>\n<meta property=\"article:published_time\" content=\"2025-04-18T16:59:47+00:00\" \/>\n<meta property=\"article:modified_time\" content=\"2026-04-07T17:58:31+00:00\" \/>\n<meta property=\"og:image\" content=\"https:\/\/nsff.no\/magasinet\/wp-content\/uploads\/sites\/2\/2025\/02\/Marion-Klette-Foto-T.Angelsen.jpg\" \/>\n\t<meta property=\"og:image:width\" content=\"742\" \/>\n\t<meta property=\"og:image:height\" content=\"1080\" \/>\n\t<meta property=\"og:image:type\" content=\"image\/jpeg\" \/>\n<meta name=\"author\" content=\"Inger Postvoll\" \/>\n<meta name=\"twitter:card\" content=\"summary_large_image\" \/>\n<meta name=\"twitter:label1\" content=\"Skrevet av\" \/>\n\t<meta name=\"twitter:data1\" content=\"Inger Postvoll\" \/>\n\t<meta name=\"twitter:label2\" content=\"Ansl. lesetid\" \/>\n\t<meta name=\"twitter:data2\" content=\"4 minutter\" \/>\n<script type=\"application\/ld+json\" class=\"yoast-schema-graph\">{\"@context\":\"https:\\\/\\\/schema.org\",\"@graph\":[{\"@type\":\"Article\",\"@id\":\"https:\\\/\\\/nsff.no\\\/magasinet\\\/2025\\\/04\\\/18\\\/portrettintervju-av-marion-klette\\\/#article\",\"isPartOf\":{\"@id\":\"https:\\\/\\\/nsff.no\\\/magasinet\\\/2025\\\/04\\\/18\\\/portrettintervju-av-marion-klette\\\/\"},\"author\":{\"name\":\"Inger Postvoll\",\"@id\":\"https:\\\/\\\/nsff.no\\\/magasinet\\\/#\\\/schema\\\/person\\\/b3f691ff0db3022e1c1c729ce5d53086\"},\"headline\":\"Portrettintervju av Marion Klette\",\"datePublished\":\"2025-04-18T16:59:47+00:00\",\"dateModified\":\"2026-04-07T17:58:31+00:00\",\"mainEntityOfPage\":{\"@id\":\"https:\\\/\\\/nsff.no\\\/magasinet\\\/2025\\\/04\\\/18\\\/portrettintervju-av-marion-klette\\\/\"},\"wordCount\":890,\"commentCount\":0,\"publisher\":{\"@id\":\"https:\\\/\\\/nsff.no\\\/magasinet\\\/#organization\"},\"image\":{\"@id\":\"https:\\\/\\\/nsff.no\\\/magasinet\\\/2025\\\/04\\\/18\\\/portrettintervju-av-marion-klette\\\/#primaryimage\"},\"thumbnailUrl\":\"https:\\\/\\\/nsff.no\\\/magasinet\\\/wp-content\\\/uploads\\\/sites\\\/2\\\/2025\\\/02\\\/Marion-Klette-Foto-T.Angelsen.jpg\",\"keywords\":[\"Portrettintervju av Marion Klette\"],\"articleSection\":[\"Foto\",\"Inspirasjon\",\"Medlemmer\",\"Nyheter\",\"Presentasjoner\"],\"inLanguage\":\"nb-NO\",\"potentialAction\":[{\"@type\":\"CommentAction\",\"name\":\"Comment\",\"target\":[\"https:\\\/\\\/nsff.no\\\/magasinet\\\/2025\\\/04\\\/18\\\/portrettintervju-av-marion-klette\\\/#respond\"]}]},{\"@type\":\"WebPage\",\"@id\":\"https:\\\/\\\/nsff.no\\\/magasinet\\\/2025\\\/04\\\/18\\\/portrettintervju-av-marion-klette\\\/\",\"url\":\"https:\\\/\\\/nsff.no\\\/magasinet\\\/2025\\\/04\\\/18\\\/portrettintervju-av-marion-klette\\\/\",\"name\":\"Portrettintervju av Marion Klette - NSFF Magasin | Norsk Selskap for Fotografi\",\"isPartOf\":{\"@id\":\"https:\\\/\\\/nsff.no\\\/magasinet\\\/#website\"},\"primaryImageOfPage\":{\"@id\":\"https:\\\/\\\/nsff.no\\\/magasinet\\\/2025\\\/04\\\/18\\\/portrettintervju-av-marion-klette\\\/#primaryimage\"},\"image\":{\"@id\":\"https:\\\/\\\/nsff.no\\\/magasinet\\\/2025\\\/04\\\/18\\\/portrettintervju-av-marion-klette\\\/#primaryimage\"},\"thumbnailUrl\":\"https:\\\/\\\/nsff.no\\\/magasinet\\\/wp-content\\\/uploads\\\/sites\\\/2\\\/2025\\\/02\\\/Marion-Klette-Foto-T.Angelsen.jpg\",\"datePublished\":\"2025-04-18T16:59:47+00:00\",\"dateModified\":\"2026-04-07T17:58:31+00:00\",\"breadcrumb\":{\"@id\":\"https:\\\/\\\/nsff.no\\\/magasinet\\\/2025\\\/04\\\/18\\\/portrettintervju-av-marion-klette\\\/#breadcrumb\"},\"inLanguage\":\"nb-NO\",\"potentialAction\":[{\"@type\":\"ReadAction\",\"target\":[\"https:\\\/\\\/nsff.no\\\/magasinet\\\/2025\\\/04\\\/18\\\/portrettintervju-av-marion-klette\\\/\"]}]},{\"@type\":\"ImageObject\",\"inLanguage\":\"nb-NO\",\"@id\":\"https:\\\/\\\/nsff.no\\\/magasinet\\\/2025\\\/04\\\/18\\\/portrettintervju-av-marion-klette\\\/#primaryimage\",\"url\":\"https:\\\/\\\/nsff.no\\\/magasinet\\\/wp-content\\\/uploads\\\/sites\\\/2\\\/2025\\\/02\\\/Marion-Klette-Foto-T.Angelsen.jpg\",\"contentUrl\":\"https:\\\/\\\/nsff.no\\\/magasinet\\\/wp-content\\\/uploads\\\/sites\\\/2\\\/2025\\\/02\\\/Marion-Klette-Foto-T.Angelsen.jpg\",\"width\":742,\"height\":1080,\"caption\":\"Marion Klette. Foto T.Angelsen)\"},{\"@type\":\"BreadcrumbList\",\"@id\":\"https:\\\/\\\/nsff.no\\\/magasinet\\\/2025\\\/04\\\/18\\\/portrettintervju-av-marion-klette\\\/#breadcrumb\",\"itemListElement\":[{\"@type\":\"ListItem\",\"position\":1,\"name\":\"Hjem\",\"item\":\"https:\\\/\\\/nsff.no\\\/magasinet\\\/\"},{\"@type\":\"ListItem\",\"position\":2,\"name\":\"Portrettintervju av Marion Klette\"}]},{\"@type\":\"WebSite\",\"@id\":\"https:\\\/\\\/nsff.no\\\/magasinet\\\/#website\",\"url\":\"https:\\\/\\\/nsff.no\\\/magasinet\\\/\",\"name\":\"NSFF Magasin | Norsk Selskap for Fotografi\",\"description\":\"Medlemsmagasin for film- og fotoentusiaster\",\"publisher\":{\"@id\":\"https:\\\/\\\/nsff.no\\\/magasinet\\\/#organization\"},\"potentialAction\":[{\"@type\":\"SearchAction\",\"target\":{\"@type\":\"EntryPoint\",\"urlTemplate\":\"https:\\\/\\\/nsff.no\\\/magasinet\\\/?s={search_term_string}\"},\"query-input\":{\"@type\":\"PropertyValueSpecification\",\"valueRequired\":true,\"valueName\":\"search_term_string\"}}],\"inLanguage\":\"nb-NO\"},{\"@type\":\"Organization\",\"@id\":\"https:\\\/\\\/nsff.no\\\/magasinet\\\/#organization\",\"name\":\"Norsk Selskap for Fotografo\",\"url\":\"https:\\\/\\\/nsff.no\\\/magasinet\\\/\",\"logo\":{\"@type\":\"ImageObject\",\"inLanguage\":\"nb-NO\",\"@id\":\"https:\\\/\\\/nsff.no\\\/magasinet\\\/#\\\/schema\\\/logo\\\/image\\\/\",\"url\":\"https:\\\/\\\/nsff.no\\\/magasinet\\\/wp-content\\\/uploads\\\/sites\\\/2\\\/2016\\\/05\\\/NSFF-fb-lenkebilde.png\",\"contentUrl\":\"https:\\\/\\\/nsff.no\\\/magasinet\\\/wp-content\\\/uploads\\\/sites\\\/2\\\/2016\\\/05\\\/NSFF-fb-lenkebilde.png\",\"width\":1,\"height\":1,\"caption\":\"Norsk Selskap for Fotografo\"},\"image\":{\"@id\":\"https:\\\/\\\/nsff.no\\\/magasinet\\\/#\\\/schema\\\/logo\\\/image\\\/\"}},{\"@type\":\"Person\",\"@id\":\"https:\\\/\\\/nsff.no\\\/magasinet\\\/#\\\/schema\\\/person\\\/b3f691ff0db3022e1c1c729ce5d53086\",\"name\":\"Inger Postvoll\",\"image\":{\"@type\":\"ImageObject\",\"inLanguage\":\"nb-NO\",\"@id\":\"https:\\\/\\\/secure.gravatar.com\\\/avatar\\\/4718b38fb1f54786915fca8071e5d8d7ad74b9f1398a7e69b599f35c6dfcc45a?s=96&d=mm&r=g\",\"url\":\"https:\\\/\\\/secure.gravatar.com\\\/avatar\\\/4718b38fb1f54786915fca8071e5d8d7ad74b9f1398a7e69b599f35c6dfcc45a?s=96&d=mm&r=g\",\"contentUrl\":\"https:\\\/\\\/secure.gravatar.com\\\/avatar\\\/4718b38fb1f54786915fca8071e5d8d7ad74b9f1398a7e69b599f35c6dfcc45a?s=96&d=mm&r=g\",\"caption\":\"Inger Postvoll\"},\"description\":\"Redakt\u00f8r av NSFF Magasin. Medlem i Haugaland Fotoklubb og PSA. Initiativtaker til damegruppa Lens Babes.\",\"url\":\"https:\\\/\\\/nsff.no\\\/magasinet\\\/author\\\/ingerpostvoll\\\/\"}]}<\/script>\n<!-- \/ Yoast SEO plugin. -->","yoast_head_json":{"title":"Portrettintervju av Marion Klette - NSFF Magasin | Norsk Selskap for Fotografi","robots":{"index":"index","follow":"follow","max-snippet":"max-snippet:-1","max-image-preview":"max-image-preview:large","max-video-preview":"max-video-preview:-1"},"canonical":"https:\/\/nsff.no\/magasinet\/2025\/04\/18\/portrettintervju-av-marion-klette\/","og_locale":"nb_NO","og_type":"article","og_title":"Portrettintervju av Marion Klette","og_description":"Portrettintervju av Marion Klette","og_url":"https:\/\/nsff.no\/magasinet\/2025\/04\/18\/portrettintervju-av-marion-klette\/","og_site_name":"NSFF Magasin | Norsk Selskap for Fotografi","article_published_time":"2025-04-18T16:59:47+00:00","article_modified_time":"2026-04-07T17:58:31+00:00","og_image":[{"width":742,"height":1080,"url":"https:\/\/nsff.no\/magasinet\/wp-content\/uploads\/sites\/2\/2025\/02\/Marion-Klette-Foto-T.Angelsen.jpg","type":"image\/jpeg"}],"author":"Inger Postvoll","twitter_card":"summary_large_image","twitter_misc":{"Skrevet av":"Inger Postvoll","Ansl. lesetid":"4 minutter"},"schema":{"@context":"https:\/\/schema.org","@graph":[{"@type":"Article","@id":"https:\/\/nsff.no\/magasinet\/2025\/04\/18\/portrettintervju-av-marion-klette\/#article","isPartOf":{"@id":"https:\/\/nsff.no\/magasinet\/2025\/04\/18\/portrettintervju-av-marion-klette\/"},"author":{"name":"Inger Postvoll","@id":"https:\/\/nsff.no\/magasinet\/#\/schema\/person\/b3f691ff0db3022e1c1c729ce5d53086"},"headline":"Portrettintervju av Marion Klette","datePublished":"2025-04-18T16:59:47+00:00","dateModified":"2026-04-07T17:58:31+00:00","mainEntityOfPage":{"@id":"https:\/\/nsff.no\/magasinet\/2025\/04\/18\/portrettintervju-av-marion-klette\/"},"wordCount":890,"commentCount":0,"publisher":{"@id":"https:\/\/nsff.no\/magasinet\/#organization"},"image":{"@id":"https:\/\/nsff.no\/magasinet\/2025\/04\/18\/portrettintervju-av-marion-klette\/#primaryimage"},"thumbnailUrl":"https:\/\/nsff.no\/magasinet\/wp-content\/uploads\/sites\/2\/2025\/02\/Marion-Klette-Foto-T.Angelsen.jpg","keywords":["Portrettintervju av Marion Klette"],"articleSection":["Foto","Inspirasjon","Medlemmer","Nyheter","Presentasjoner"],"inLanguage":"nb-NO","potentialAction":[{"@type":"CommentAction","name":"Comment","target":["https:\/\/nsff.no\/magasinet\/2025\/04\/18\/portrettintervju-av-marion-klette\/#respond"]}]},{"@type":"WebPage","@id":"https:\/\/nsff.no\/magasinet\/2025\/04\/18\/portrettintervju-av-marion-klette\/","url":"https:\/\/nsff.no\/magasinet\/2025\/04\/18\/portrettintervju-av-marion-klette\/","name":"Portrettintervju av Marion Klette - NSFF Magasin | Norsk Selskap for Fotografi","isPartOf":{"@id":"https:\/\/nsff.no\/magasinet\/#website"},"primaryImageOfPage":{"@id":"https:\/\/nsff.no\/magasinet\/2025\/04\/18\/portrettintervju-av-marion-klette\/#primaryimage"},"image":{"@id":"https:\/\/nsff.no\/magasinet\/2025\/04\/18\/portrettintervju-av-marion-klette\/#primaryimage"},"thumbnailUrl":"https:\/\/nsff.no\/magasinet\/wp-content\/uploads\/sites\/2\/2025\/02\/Marion-Klette-Foto-T.Angelsen.jpg","datePublished":"2025-04-18T16:59:47+00:00","dateModified":"2026-04-07T17:58:31+00:00","breadcrumb":{"@id":"https:\/\/nsff.no\/magasinet\/2025\/04\/18\/portrettintervju-av-marion-klette\/#breadcrumb"},"inLanguage":"nb-NO","potentialAction":[{"@type":"ReadAction","target":["https:\/\/nsff.no\/magasinet\/2025\/04\/18\/portrettintervju-av-marion-klette\/"]}]},{"@type":"ImageObject","inLanguage":"nb-NO","@id":"https:\/\/nsff.no\/magasinet\/2025\/04\/18\/portrettintervju-av-marion-klette\/#primaryimage","url":"https:\/\/nsff.no\/magasinet\/wp-content\/uploads\/sites\/2\/2025\/02\/Marion-Klette-Foto-T.Angelsen.jpg","contentUrl":"https:\/\/nsff.no\/magasinet\/wp-content\/uploads\/sites\/2\/2025\/02\/Marion-Klette-Foto-T.Angelsen.jpg","width":742,"height":1080,"caption":"Marion Klette. Foto T.Angelsen)"},{"@type":"BreadcrumbList","@id":"https:\/\/nsff.no\/magasinet\/2025\/04\/18\/portrettintervju-av-marion-klette\/#breadcrumb","itemListElement":[{"@type":"ListItem","position":1,"name":"Hjem","item":"https:\/\/nsff.no\/magasinet\/"},{"@type":"ListItem","position":2,"name":"Portrettintervju av Marion Klette"}]},{"@type":"WebSite","@id":"https:\/\/nsff.no\/magasinet\/#website","url":"https:\/\/nsff.no\/magasinet\/","name":"NSFF Magasin | Norsk Selskap for Fotografi","description":"Medlemsmagasin for film- og fotoentusiaster","publisher":{"@id":"https:\/\/nsff.no\/magasinet\/#organization"},"potentialAction":[{"@type":"SearchAction","target":{"@type":"EntryPoint","urlTemplate":"https:\/\/nsff.no\/magasinet\/?s={search_term_string}"},"query-input":{"@type":"PropertyValueSpecification","valueRequired":true,"valueName":"search_term_string"}}],"inLanguage":"nb-NO"},{"@type":"Organization","@id":"https:\/\/nsff.no\/magasinet\/#organization","name":"Norsk Selskap for Fotografo","url":"https:\/\/nsff.no\/magasinet\/","logo":{"@type":"ImageObject","inLanguage":"nb-NO","@id":"https:\/\/nsff.no\/magasinet\/#\/schema\/logo\/image\/","url":"https:\/\/nsff.no\/magasinet\/wp-content\/uploads\/sites\/2\/2016\/05\/NSFF-fb-lenkebilde.png","contentUrl":"https:\/\/nsff.no\/magasinet\/wp-content\/uploads\/sites\/2\/2016\/05\/NSFF-fb-lenkebilde.png","width":1,"height":1,"caption":"Norsk Selskap for Fotografo"},"image":{"@id":"https:\/\/nsff.no\/magasinet\/#\/schema\/logo\/image\/"}},{"@type":"Person","@id":"https:\/\/nsff.no\/magasinet\/#\/schema\/person\/b3f691ff0db3022e1c1c729ce5d53086","name":"Inger Postvoll","image":{"@type":"ImageObject","inLanguage":"nb-NO","@id":"https:\/\/secure.gravatar.com\/avatar\/4718b38fb1f54786915fca8071e5d8d7ad74b9f1398a7e69b599f35c6dfcc45a?s=96&d=mm&r=g","url":"https:\/\/secure.gravatar.com\/avatar\/4718b38fb1f54786915fca8071e5d8d7ad74b9f1398a7e69b599f35c6dfcc45a?s=96&d=mm&r=g","contentUrl":"https:\/\/secure.gravatar.com\/avatar\/4718b38fb1f54786915fca8071e5d8d7ad74b9f1398a7e69b599f35c6dfcc45a?s=96&d=mm&r=g","caption":"Inger Postvoll"},"description":"Redakt\u00f8r av NSFF Magasin. Medlem i Haugaland Fotoklubb og PSA. Initiativtaker til damegruppa Lens Babes.","url":"https:\/\/nsff.no\/magasinet\/author\/ingerpostvoll\/"}]}},"_links":{"self":[{"href":"https:\/\/nsff.no\/magasinet\/wp-json\/wp\/v2\/posts\/16610","targetHints":{"allow":["GET"]}}],"collection":[{"href":"https:\/\/nsff.no\/magasinet\/wp-json\/wp\/v2\/posts"}],"about":[{"href":"https:\/\/nsff.no\/magasinet\/wp-json\/wp\/v2\/types\/post"}],"author":[{"embeddable":true,"href":"https:\/\/nsff.no\/magasinet\/wp-json\/wp\/v2\/users\/41"}],"replies":[{"embeddable":true,"href":"https:\/\/nsff.no\/magasinet\/wp-json\/wp\/v2\/comments?post=16610"}],"version-history":[{"count":22,"href":"https:\/\/nsff.no\/magasinet\/wp-json\/wp\/v2\/posts\/16610\/revisions"}],"predecessor-version":[{"id":17322,"href":"https:\/\/nsff.no\/magasinet\/wp-json\/wp\/v2\/posts\/16610\/revisions\/17322"}],"wp:featuredmedia":[{"embeddable":true,"href":"https:\/\/nsff.no\/magasinet\/wp-json\/wp\/v2\/media\/16614"}],"wp:attachment":[{"href":"https:\/\/nsff.no\/magasinet\/wp-json\/wp\/v2\/media?parent=16610"}],"wp:term":[{"taxonomy":"category","embeddable":true,"href":"https:\/\/nsff.no\/magasinet\/wp-json\/wp\/v2\/categories?post=16610"},{"taxonomy":"post_tag","embeddable":true,"href":"https:\/\/nsff.no\/magasinet\/wp-json\/wp\/v2\/tags?post=16610"}],"curies":[{"name":"wp","href":"https:\/\/api.w.org\/{rel}","templated":true}]}}