{"id":15649,"date":"2024-12-17T15:44:26","date_gmt":"2024-12-17T14:44:26","guid":{"rendered":"https:\/\/nsff.no\/magasinet\/?p=15649"},"modified":"2024-12-17T15:44:29","modified_gmt":"2024-12-17T14:44:29","slug":"frivillighetens-ansikter-40-p0rtretter","status":"publish","type":"post","link":"https:\/\/nsff.no\/magasinet\/2024\/12\/17\/frivillighetens-ansikter-40-p0rtretter\/","title":{"rendered":"FRIVILLIGHETENS ANSIKTER \u2013 40 P0RTRETTER"},"content":{"rendered":"<p>[et_pb_section fb_built=&raquo;1&#8243; _builder_version=&raquo;4.27.4&#8243; _module_preset=&raquo;default&raquo; global_colors_info=&raquo;{}&raquo;][et_pb_row _builder_version=&raquo;4.27.4&#8243; _module_preset=&raquo;default&raquo; global_colors_info=&raquo;{}&raquo;][et_pb_column type=&raquo;4_4&#8243; _builder_version=&raquo;4.27.4&#8243; _module_preset=&raquo;default&raquo; global_colors_info=&raquo;{}&raquo;][et_pb_text _builder_version=&raquo;4.27.4&#8243; _module_preset=&raquo;default&raquo; global_colors_info=&raquo;{}&raquo;]<\/p>\n<div dir=\"ltr\" style=\"text-align: center\" data-setdir=\"false\" data-olk-copy-source=\"MessageBody\"><strong>Tekst: Svein Ivar Ask og Arvid Randahl &#8211;\u00a0<\/strong><span data-olk-copy-source=\"MessageBody\"><strong>Foto: Arvid Randahl og Arne Fred Solbekk.<\/strong><\/span><\/div>\n<p>[\/et_pb_text][et_pb_image src=&raquo;https:\/\/nsff.no\/magasinet\/wp-content\/uploads\/sites\/2\/2024\/12\/6_-Utstillingen-AF-scaled.jpg&raquo; align=&raquo;center&raquo; _builder_version=&raquo;4.27.4&#8243; _module_preset=&raquo;default&raquo; width=&raquo;80%&raquo; max_width=&raquo;80%&raquo; global_colors_info=&raquo;{}&raquo;][\/et_pb_image][et_pb_text _builder_version=&raquo;4.27.4&#8243; _module_preset=&raquo;default&raquo; global_colors_info=&raquo;{}&raquo;]<\/p>\n<p>&nbsp;<\/p>\n<p style=\"font-weight: 400\">Krager\u00f8 Fotoklubb fikk h\u00f8sten 2023 en foresp\u00f8rsel fra Krager\u00f8 Faste Billedgalleri om vi kunne tenke oss \u00e5 lage en utstilling i deres lokaler, med portretter av kjente personer i Krager\u00f8.\u00a0 Utstillings\u00e5pning var satt til oktober 2024. Vi oppfattet dette som et spennende, utfordrende prosjekt og takket ja.<\/p>\n<p style=\"font-weight: 400\">\u00c5tte av klubbens medlemmer &#8211; Svein Ivar Ask, Bj\u00f8rn Bjerkhaug, Odd Halsen, Thor Haugholt, Inger Anne Heldal, Marit Hestangen,\u00a0 Arvid Randahl og Arne-Fred Solbekk &#8211; ville v\u00e6re med , og disse etablerte s\u00e5 i februar en egen prosjektgruppe.\u00a0 Det ble tidlig bestemt \u00e5 avgrense \u00abkjente mennesker\u00bb til mennesker som har gjort \/ gj\u00f8r en frivillig innsats i v\u00e5r lille by.<\/p>\n<p style=\"font-weight: 400\">[\/et_pb_text][et_pb_gallery gallery_ids=&raquo;15663,15664,15765,15662,15766&#8243; _builder_version=&raquo;4.27.4&#8243; _module_preset=&raquo;default&raquo; global_colors_info=&raquo;{}&raquo;][\/et_pb_gallery][et_pb_text _builder_version=&raquo;4.27.4&#8243; _module_preset=&raquo;default&raquo; global_colors_info=&raquo;{}&raquo;]<\/p>\n<p style=\"font-weight: 400\">Man ble s\u00e5 enig om en fremdriftsplan, som i grove trekk s\u00e5 slik ut:<\/p>\n<p style=\"font-weight: 400\"><strong>Februar \/ mars:<\/strong> Innhente priser p\u00e5 print av bilder, passepartout og innramming, s\u00f8ke midler til gjennomf\u00f8ring av prosjektet og skaffe oss opplysninger om de aktuelle menneskene, verv, innsats i sine respektive lag og foreninger og hva den enkelte har utrettet og gitt av positive bidrag til byen og \u00e5pning av utstillingen. Hvem skal gj\u00f8re hva?\u00a0 Hvem skal vi invitere? I tillegg planlagt vi oppstart av fotografering.<\/p>\n<p style=\"font-weight: 400\"><strong>Juli:<\/strong> Sluttf\u00f8re fotografering<\/p>\n<p style=\"font-weight: 400\"><strong>Primo august:<\/strong> Bestille bilder, samt passepartout og innramming.<\/p>\n<p style=\"font-weight: 400\"><strong>Primo september:<\/strong> Klargj\u00f8re bilder og bildelister<\/p>\n<p style=\"font-weight: 400\"><strong>Ultimo September:<\/strong> Oppheng<\/p>\n<p style=\"font-weight: 400\">Vi vurderte flere leverand\u00f8rer. Fra FineArtPrint i Sandnes fikk vi et flott tilbud p\u00e5 print p\u00e5 godt papir, passepartout og innramming (museums kvalitet), som vi gikk for.<\/p>\n<p style=\"font-weight: 400\">Fotoklubbens medlemmer mottar ingen godtgj\u00f8relse for sin innsats \u2013 vi er jo ogs\u00e5 frivillige, som dyrker v\u00e5r hobby \u2013 men totalprisen p\u00e5 hele prosjektet ble likevel i underkant av 60.000 kroner. Dette er selvsagt ikke noe en liten klubb klarer, men vi fikk st\u00f8tte fra Sparebankstiftelsen Skagerrak og Sparebanken S\u00f8r. Stor takk til disse.<\/p>\n<p style=\"font-weight: 400\">[\/et_pb_text][et_pb_image src=&raquo;https:\/\/nsff.no\/magasinet\/wp-content\/uploads\/sites\/2\/2024\/12\/5_-Fra-Utstillingsapningen-6-1-scaled.jpg&raquo; align=&raquo;center&raquo; _builder_version=&raquo;4.27.4&#8243; _module_preset=&raquo;default&raquo; global_colors_info=&raquo;{}&raquo;][\/et_pb_image][et_pb_text _builder_version=&raquo;4.27.4&#8243; _module_preset=&raquo;default&raquo; global_colors_info=&raquo;{}&raquo;]<\/p>\n<p style=\"font-weight: 400\">Frivilligheten er stor i en liten by.\u00a0 Vi startet med en liste p\u00e5 120-130 navn, og utvalget av personer har p\u00e5 ingen m\u00e5te v\u00e6rt enkelt. Plassen i Galleriet tillater kun 40 bilder, og det har v\u00e6rt krevende \u00e5 komme fram til et representativt utvalg fra hele kommunen \u2013 unge og gamle, kvinner og menn. Noen av de portretterte har v\u00e6rt med lenge, noen i kortere tid, men felles for alle er at de har spilt en viktig rolle i det frivillige arbeidet i Krager\u00f8, og v\u00e6rt synlige p\u00e5 hvert sitt vis. Utstillingen presenterer mennesker som gjennom sitt frivillige engasjement bidrar til \u00e5 gj\u00f8re Krager\u00f8 til en inkluderende og levende kommune. De er ildsjeler som st\u00e5r p\u00e5 uten annen bel\u00f8nning enn den de f\u00e5r ved \u00e5 gj\u00f8re en innsats for andre.<\/p>\n<p style=\"font-weight: 400\">Vi som var med p\u00e5 prosjektet ble overrasket over den positive responsen vi fikk fra de personene som ble valgt ut. Selve fotograferingen ble en flott erfaring. Kontakten med personene vi fotograferte og samtalene som ble gjort f\u00f8r og under fotograferingen ble verdifulle. Mange av dem har spennende historier \u00e5 fortelle, og samtalene skapte ogs\u00e5 ro i situasjonen og tok fokus bort fra oss og fotoapparatet.<\/p>\n<p style=\"font-weight: 400\">Portretter er jo en egen sjanger, og vi har etter beste evne fors\u00f8kt \u00e5 fange \u00f8yeblikk og uttrykk som forteller noe om de vi har fotografert. Tilbakemeldinger p\u00e5 utstillingen forteller oss at &#8230; det har vi faktisk lykkes med. (N\u00e5 finnes det selvsagt en del godvilje i et lite samfunn, hvor mange kjenner mange).<\/p>\n<p style=\"font-weight: 400\">Hver enkelt fotograf sto fritt i \u00e5 velge format (liggende \u2013 st\u00e5ende) , farver eller sort-hvitt. Noen valgte rene portretter. Andre valgte \u201dmilj\u00f8-portretter\u201d hvor man tok med noe av aktiviteten personen bedriver. Noen valgte ansikter, andre valgte helfigur. Stor variasjon. Det ble ogs\u00e5 laget en kortere tekst som hang ved siden av hvert portrett i utstillingen, som fortalte litt om den aktuelle personen og hvilken aktivitet denne sto for. Vi observerte at publikum brukte tid p\u00e5 \u00e5 lese disse tekstene, s\u00e5 det var et popul\u00e6rt tiltak.<\/p>\n<p style=\"font-weight: 400\">L\u00f8rdag 5. oktober \u00e5pnet s\u00e5 utstillingen &laquo;Frivillighetens ansikter&raquo; i Krager\u00f8 Faste Billedgalleri. F\u00f8r utstillings-\u00e5pningen hadde vi kontaktet NRK Telemark, som gjorde et intervju med v\u00e5r leder Odd Halsen. Dette ble sendt p\u00e5 morgensendingen dagen f\u00f8r \u00e5pningen. Ved \u00e5pningen holdt Odd en liten introduksjon om fotoklubben og prosjektet, f\u00f8r han ga ordet til Elisabeth Bjerke som fortalte om sin rolle som frivillighetskoordinator i kommunen. Det var musikk av Robert Carding, f\u00f8r selve \u00e5pningen ble foretatt av kultursjef Thomas Moen. Anslagsvis 250 mennesker var innom p\u00e5 \u00e5pningsdagen, og utstillingen har hatt jevnt godt bes\u00f8k i hele utstillings-perioden.<\/p>\n<p style=\"font-weight: 400\">[\/et_pb_text][et_pb_image src=&raquo;https:\/\/nsff.no\/magasinet\/wp-content\/uploads\/sites\/2\/2024\/12\/3_-Fotoklubbens-leder-Odd-Halsen-takkes-av-Galleriets-leder-Anny-Skaug-AF-scaled.jpg&raquo; align=&raquo;center&raquo; _builder_version=&raquo;4.27.4&#8243; _module_preset=&raquo;default&raquo; global_colors_info=&raquo;{}&raquo;][\/et_pb_image][et_pb_text _builder_version=&raquo;4.27.4&#8243; _module_preset=&raquo;default&raquo; global_colors_info=&raquo;{}&raquo;]<\/p>\n<p><em>Foto: Fotoklubbens leder Odd Halsen takkes av Galleriets leder Anny <\/em><\/p>\n<p style=\"font-weight: 400\">Utstillingen er n\u00e5 tatt ned, og skal (s\u00e5 vidt vi vet) henges opp igjen i kommunens nye demens-senter \u2013 til stor glede for de som er der, som vil se kjente ansikter p\u00e5 veggene, vil vi tro. En kopi av portrettene ble ogs\u00e5 tilbudt de portretterte, ferdig innrammet til kostpris. Vi fikk ogs\u00e5 laget en bok i forbindelse med utstillingen. Denne ble ogs\u00e5 lagt ut for salg.<\/p>\n<p style=\"font-weight: 400\">Stor takk til Krager\u00f8 Faste Billedgalleri som har invitert oss inn, og til Anne-Kristine Aas som har hjulpet oss med tekstene.<\/p>\n<p style=\"font-weight: 400\">Og ikke minst en STOR takk til alle de 40 som har stilt opp med t\u00e5lmodighet og velvilje slik at vi kunne ta disse portrettene.<\/p>\n<p>[\/et_pb_text][\/et_pb_column][\/et_pb_row][\/et_pb_section]<\/p>\n","protected":false},"excerpt":{"rendered":"<p>FRIVILLIGHETENS ANSIKTER \u2013 40 P0RTRETTER<\/p>\n","protected":false},"author":41,"featured_media":15663,"comment_status":"open","ping_status":"open","sticky":false,"template":"","format":"standard","meta":{"_et_pb_use_builder":"on","_et_pb_old_content":"","_et_gb_content_width":"","footnotes":""},"categories":[91,14],"tags":[942],"class_list":["post-15649","post","type-post","status-publish","format-standard","has-post-thumbnail","hentry","category-inspirasjon","category-nyheter","tag-frivillighetens-ansikter-40-p0rtretter","et-has-post-format-content","et_post_format-et-post-format-standard"],"yoast_head":"<!-- This site is optimized with the Yoast SEO plugin v27.5 - https:\/\/yoast.com\/product\/yoast-seo-wordpress\/ -->\n<title>FRIVILLIGHETENS ANSIKTER \u2013 40 P0RTRETTER - NSFF Magasin | Norsk Selskap for Fotografi<\/title>\n<meta name=\"robots\" content=\"index, follow, max-snippet:-1, max-image-preview:large, max-video-preview:-1\" \/>\n<link rel=\"canonical\" href=\"https:\/\/nsff.no\/magasinet\/2024\/12\/17\/frivillighetens-ansikter-40-p0rtretter\/\" \/>\n<meta property=\"og:locale\" content=\"nb_NO\" \/>\n<meta property=\"og:type\" content=\"article\" \/>\n<meta property=\"og:title\" content=\"FRIVILLIGHETENS ANSIKTER \u2013 40 P0RTRETTER\" \/>\n<meta property=\"og:description\" content=\"FRIVILLIGHETENS ANSIKTER \u2013 40 P0RTRETTER\" \/>\n<meta property=\"og:url\" content=\"https:\/\/nsff.no\/magasinet\/2024\/12\/17\/frivillighetens-ansikter-40-p0rtretter\/\" \/>\n<meta property=\"og:site_name\" content=\"NSFF Magasin | Norsk Selskap for Fotografi\" \/>\n<meta property=\"article:published_time\" content=\"2024-12-17T14:44:26+00:00\" \/>\n<meta property=\"article:modified_time\" content=\"2024-12-17T14:44:29+00:00\" \/>\n<meta property=\"og:image\" content=\"https:\/\/nsff.no\/magasinet\/wp-content\/uploads\/sites\/2\/2024\/12\/2_-Apning-ved-Kultursjef-Thomas-Moen-AF-scaled.jpg\" \/>\n\t<meta property=\"og:image:width\" content=\"2560\" \/>\n\t<meta property=\"og:image:height\" content=\"1703\" \/>\n\t<meta property=\"og:image:type\" content=\"image\/jpeg\" \/>\n<meta name=\"author\" content=\"Inger Postvoll\" \/>\n<meta name=\"twitter:card\" content=\"summary_large_image\" \/>\n<meta name=\"twitter:label1\" content=\"Skrevet av\" \/>\n\t<meta name=\"twitter:data1\" content=\"Inger Postvoll\" \/>\n\t<meta name=\"twitter:label2\" content=\"Ansl. lesetid\" \/>\n\t<meta name=\"twitter:data2\" content=\"7 minutter\" \/>\n<script type=\"application\/ld+json\" class=\"yoast-schema-graph\">{\"@context\":\"https:\\\/\\\/schema.org\",\"@graph\":[{\"@type\":\"Article\",\"@id\":\"https:\\\/\\\/nsff.no\\\/magasinet\\\/2024\\\/12\\\/17\\\/frivillighetens-ansikter-40-p0rtretter\\\/#article\",\"isPartOf\":{\"@id\":\"https:\\\/\\\/nsff.no\\\/magasinet\\\/2024\\\/12\\\/17\\\/frivillighetens-ansikter-40-p0rtretter\\\/\"},\"author\":{\"name\":\"Inger Postvoll\",\"@id\":\"https:\\\/\\\/nsff.no\\\/magasinet\\\/#\\\/schema\\\/person\\\/b3f691ff0db3022e1c1c729ce5d53086\"},\"headline\":\"FRIVILLIGHETENS ANSIKTER \u2013 40 P0RTRETTER\",\"datePublished\":\"2024-12-17T14:44:26+00:00\",\"dateModified\":\"2024-12-17T14:44:29+00:00\",\"mainEntityOfPage\":{\"@id\":\"https:\\\/\\\/nsff.no\\\/magasinet\\\/2024\\\/12\\\/17\\\/frivillighetens-ansikter-40-p0rtretter\\\/\"},\"wordCount\":1091,\"commentCount\":0,\"publisher\":{\"@id\":\"https:\\\/\\\/nsff.no\\\/magasinet\\\/#organization\"},\"image\":{\"@id\":\"https:\\\/\\\/nsff.no\\\/magasinet\\\/2024\\\/12\\\/17\\\/frivillighetens-ansikter-40-p0rtretter\\\/#primaryimage\"},\"thumbnailUrl\":\"https:\\\/\\\/nsff.no\\\/magasinet\\\/wp-content\\\/uploads\\\/sites\\\/2\\\/2024\\\/12\\\/2_-Apning-ved-Kultursjef-Thomas-Moen-AF-scaled.jpg\",\"keywords\":[\"FRIVILLIGHETENS ANSIKTER \u2013 40 P0RTRETTER\"],\"articleSection\":[\"Inspirasjon\",\"Nyheter\"],\"inLanguage\":\"nb-NO\",\"potentialAction\":[{\"@type\":\"CommentAction\",\"name\":\"Comment\",\"target\":[\"https:\\\/\\\/nsff.no\\\/magasinet\\\/2024\\\/12\\\/17\\\/frivillighetens-ansikter-40-p0rtretter\\\/#respond\"]}]},{\"@type\":\"WebPage\",\"@id\":\"https:\\\/\\\/nsff.no\\\/magasinet\\\/2024\\\/12\\\/17\\\/frivillighetens-ansikter-40-p0rtretter\\\/\",\"url\":\"https:\\\/\\\/nsff.no\\\/magasinet\\\/2024\\\/12\\\/17\\\/frivillighetens-ansikter-40-p0rtretter\\\/\",\"name\":\"FRIVILLIGHETENS ANSIKTER \u2013 40 P0RTRETTER - NSFF Magasin | Norsk Selskap for Fotografi\",\"isPartOf\":{\"@id\":\"https:\\\/\\\/nsff.no\\\/magasinet\\\/#website\"},\"primaryImageOfPage\":{\"@id\":\"https:\\\/\\\/nsff.no\\\/magasinet\\\/2024\\\/12\\\/17\\\/frivillighetens-ansikter-40-p0rtretter\\\/#primaryimage\"},\"image\":{\"@id\":\"https:\\\/\\\/nsff.no\\\/magasinet\\\/2024\\\/12\\\/17\\\/frivillighetens-ansikter-40-p0rtretter\\\/#primaryimage\"},\"thumbnailUrl\":\"https:\\\/\\\/nsff.no\\\/magasinet\\\/wp-content\\\/uploads\\\/sites\\\/2\\\/2024\\\/12\\\/2_-Apning-ved-Kultursjef-Thomas-Moen-AF-scaled.jpg\",\"datePublished\":\"2024-12-17T14:44:26+00:00\",\"dateModified\":\"2024-12-17T14:44:29+00:00\",\"breadcrumb\":{\"@id\":\"https:\\\/\\\/nsff.no\\\/magasinet\\\/2024\\\/12\\\/17\\\/frivillighetens-ansikter-40-p0rtretter\\\/#breadcrumb\"},\"inLanguage\":\"nb-NO\",\"potentialAction\":[{\"@type\":\"ReadAction\",\"target\":[\"https:\\\/\\\/nsff.no\\\/magasinet\\\/2024\\\/12\\\/17\\\/frivillighetens-ansikter-40-p0rtretter\\\/\"]}]},{\"@type\":\"ImageObject\",\"inLanguage\":\"nb-NO\",\"@id\":\"https:\\\/\\\/nsff.no\\\/magasinet\\\/2024\\\/12\\\/17\\\/frivillighetens-ansikter-40-p0rtretter\\\/#primaryimage\",\"url\":\"https:\\\/\\\/nsff.no\\\/magasinet\\\/wp-content\\\/uploads\\\/sites\\\/2\\\/2024\\\/12\\\/2_-Apning-ved-Kultursjef-Thomas-Moen-AF-scaled.jpg\",\"contentUrl\":\"https:\\\/\\\/nsff.no\\\/magasinet\\\/wp-content\\\/uploads\\\/sites\\\/2\\\/2024\\\/12\\\/2_-Apning-ved-Kultursjef-Thomas-Moen-AF-scaled.jpg\",\"width\":2560,\"height\":1703},{\"@type\":\"BreadcrumbList\",\"@id\":\"https:\\\/\\\/nsff.no\\\/magasinet\\\/2024\\\/12\\\/17\\\/frivillighetens-ansikter-40-p0rtretter\\\/#breadcrumb\",\"itemListElement\":[{\"@type\":\"ListItem\",\"position\":1,\"name\":\"Hjem\",\"item\":\"https:\\\/\\\/nsff.no\\\/magasinet\\\/\"},{\"@type\":\"ListItem\",\"position\":2,\"name\":\"FRIVILLIGHETENS ANSIKTER \u2013 40 P0RTRETTER\"}]},{\"@type\":\"WebSite\",\"@id\":\"https:\\\/\\\/nsff.no\\\/magasinet\\\/#website\",\"url\":\"https:\\\/\\\/nsff.no\\\/magasinet\\\/\",\"name\":\"NSFF Magasin | Norsk Selskap for Fotografi\",\"description\":\"Medlemsmagasin for film- og fotoentusiaster\",\"publisher\":{\"@id\":\"https:\\\/\\\/nsff.no\\\/magasinet\\\/#organization\"},\"potentialAction\":[{\"@type\":\"SearchAction\",\"target\":{\"@type\":\"EntryPoint\",\"urlTemplate\":\"https:\\\/\\\/nsff.no\\\/magasinet\\\/?s={search_term_string}\"},\"query-input\":{\"@type\":\"PropertyValueSpecification\",\"valueRequired\":true,\"valueName\":\"search_term_string\"}}],\"inLanguage\":\"nb-NO\"},{\"@type\":\"Organization\",\"@id\":\"https:\\\/\\\/nsff.no\\\/magasinet\\\/#organization\",\"name\":\"Norsk Selskap for Fotografo\",\"url\":\"https:\\\/\\\/nsff.no\\\/magasinet\\\/\",\"logo\":{\"@type\":\"ImageObject\",\"inLanguage\":\"nb-NO\",\"@id\":\"https:\\\/\\\/nsff.no\\\/magasinet\\\/#\\\/schema\\\/logo\\\/image\\\/\",\"url\":\"https:\\\/\\\/nsff.no\\\/magasinet\\\/wp-content\\\/uploads\\\/sites\\\/2\\\/2016\\\/05\\\/NSFF-fb-lenkebilde.png\",\"contentUrl\":\"https:\\\/\\\/nsff.no\\\/magasinet\\\/wp-content\\\/uploads\\\/sites\\\/2\\\/2016\\\/05\\\/NSFF-fb-lenkebilde.png\",\"width\":1,\"height\":1,\"caption\":\"Norsk Selskap for Fotografo\"},\"image\":{\"@id\":\"https:\\\/\\\/nsff.no\\\/magasinet\\\/#\\\/schema\\\/logo\\\/image\\\/\"}},{\"@type\":\"Person\",\"@id\":\"https:\\\/\\\/nsff.no\\\/magasinet\\\/#\\\/schema\\\/person\\\/b3f691ff0db3022e1c1c729ce5d53086\",\"name\":\"Inger Postvoll\",\"image\":{\"@type\":\"ImageObject\",\"inLanguage\":\"nb-NO\",\"@id\":\"https:\\\/\\\/secure.gravatar.com\\\/avatar\\\/4718b38fb1f54786915fca8071e5d8d7ad74b9f1398a7e69b599f35c6dfcc45a?s=96&d=mm&r=g\",\"url\":\"https:\\\/\\\/secure.gravatar.com\\\/avatar\\\/4718b38fb1f54786915fca8071e5d8d7ad74b9f1398a7e69b599f35c6dfcc45a?s=96&d=mm&r=g\",\"contentUrl\":\"https:\\\/\\\/secure.gravatar.com\\\/avatar\\\/4718b38fb1f54786915fca8071e5d8d7ad74b9f1398a7e69b599f35c6dfcc45a?s=96&d=mm&r=g\",\"caption\":\"Inger Postvoll\"},\"description\":\"Redakt\u00f8r av NSFF Magasin. Medlem i Haugaland Fotoklubb og PSA. Initiativtaker til damegruppa Lens Babes.\",\"url\":\"https:\\\/\\\/nsff.no\\\/magasinet\\\/author\\\/ingerpostvoll\\\/\"}]}<\/script>\n<!-- \/ Yoast SEO plugin. -->","yoast_head_json":{"title":"FRIVILLIGHETENS ANSIKTER \u2013 40 P0RTRETTER - NSFF Magasin | Norsk Selskap for Fotografi","robots":{"index":"index","follow":"follow","max-snippet":"max-snippet:-1","max-image-preview":"max-image-preview:large","max-video-preview":"max-video-preview:-1"},"canonical":"https:\/\/nsff.no\/magasinet\/2024\/12\/17\/frivillighetens-ansikter-40-p0rtretter\/","og_locale":"nb_NO","og_type":"article","og_title":"FRIVILLIGHETENS ANSIKTER \u2013 40 P0RTRETTER","og_description":"FRIVILLIGHETENS ANSIKTER \u2013 40 P0RTRETTER","og_url":"https:\/\/nsff.no\/magasinet\/2024\/12\/17\/frivillighetens-ansikter-40-p0rtretter\/","og_site_name":"NSFF Magasin | Norsk Selskap for Fotografi","article_published_time":"2024-12-17T14:44:26+00:00","article_modified_time":"2024-12-17T14:44:29+00:00","og_image":[{"width":2560,"height":1703,"url":"https:\/\/nsff.no\/magasinet\/wp-content\/uploads\/sites\/2\/2024\/12\/2_-Apning-ved-Kultursjef-Thomas-Moen-AF-scaled.jpg","type":"image\/jpeg"}],"author":"Inger Postvoll","twitter_card":"summary_large_image","twitter_misc":{"Skrevet av":"Inger Postvoll","Ansl. lesetid":"7 minutter"},"schema":{"@context":"https:\/\/schema.org","@graph":[{"@type":"Article","@id":"https:\/\/nsff.no\/magasinet\/2024\/12\/17\/frivillighetens-ansikter-40-p0rtretter\/#article","isPartOf":{"@id":"https:\/\/nsff.no\/magasinet\/2024\/12\/17\/frivillighetens-ansikter-40-p0rtretter\/"},"author":{"name":"Inger Postvoll","@id":"https:\/\/nsff.no\/magasinet\/#\/schema\/person\/b3f691ff0db3022e1c1c729ce5d53086"},"headline":"FRIVILLIGHETENS ANSIKTER \u2013 40 P0RTRETTER","datePublished":"2024-12-17T14:44:26+00:00","dateModified":"2024-12-17T14:44:29+00:00","mainEntityOfPage":{"@id":"https:\/\/nsff.no\/magasinet\/2024\/12\/17\/frivillighetens-ansikter-40-p0rtretter\/"},"wordCount":1091,"commentCount":0,"publisher":{"@id":"https:\/\/nsff.no\/magasinet\/#organization"},"image":{"@id":"https:\/\/nsff.no\/magasinet\/2024\/12\/17\/frivillighetens-ansikter-40-p0rtretter\/#primaryimage"},"thumbnailUrl":"https:\/\/nsff.no\/magasinet\/wp-content\/uploads\/sites\/2\/2024\/12\/2_-Apning-ved-Kultursjef-Thomas-Moen-AF-scaled.jpg","keywords":["FRIVILLIGHETENS ANSIKTER \u2013 40 P0RTRETTER"],"articleSection":["Inspirasjon","Nyheter"],"inLanguage":"nb-NO","potentialAction":[{"@type":"CommentAction","name":"Comment","target":["https:\/\/nsff.no\/magasinet\/2024\/12\/17\/frivillighetens-ansikter-40-p0rtretter\/#respond"]}]},{"@type":"WebPage","@id":"https:\/\/nsff.no\/magasinet\/2024\/12\/17\/frivillighetens-ansikter-40-p0rtretter\/","url":"https:\/\/nsff.no\/magasinet\/2024\/12\/17\/frivillighetens-ansikter-40-p0rtretter\/","name":"FRIVILLIGHETENS ANSIKTER \u2013 40 P0RTRETTER - NSFF Magasin | Norsk Selskap for Fotografi","isPartOf":{"@id":"https:\/\/nsff.no\/magasinet\/#website"},"primaryImageOfPage":{"@id":"https:\/\/nsff.no\/magasinet\/2024\/12\/17\/frivillighetens-ansikter-40-p0rtretter\/#primaryimage"},"image":{"@id":"https:\/\/nsff.no\/magasinet\/2024\/12\/17\/frivillighetens-ansikter-40-p0rtretter\/#primaryimage"},"thumbnailUrl":"https:\/\/nsff.no\/magasinet\/wp-content\/uploads\/sites\/2\/2024\/12\/2_-Apning-ved-Kultursjef-Thomas-Moen-AF-scaled.jpg","datePublished":"2024-12-17T14:44:26+00:00","dateModified":"2024-12-17T14:44:29+00:00","breadcrumb":{"@id":"https:\/\/nsff.no\/magasinet\/2024\/12\/17\/frivillighetens-ansikter-40-p0rtretter\/#breadcrumb"},"inLanguage":"nb-NO","potentialAction":[{"@type":"ReadAction","target":["https:\/\/nsff.no\/magasinet\/2024\/12\/17\/frivillighetens-ansikter-40-p0rtretter\/"]}]},{"@type":"ImageObject","inLanguage":"nb-NO","@id":"https:\/\/nsff.no\/magasinet\/2024\/12\/17\/frivillighetens-ansikter-40-p0rtretter\/#primaryimage","url":"https:\/\/nsff.no\/magasinet\/wp-content\/uploads\/sites\/2\/2024\/12\/2_-Apning-ved-Kultursjef-Thomas-Moen-AF-scaled.jpg","contentUrl":"https:\/\/nsff.no\/magasinet\/wp-content\/uploads\/sites\/2\/2024\/12\/2_-Apning-ved-Kultursjef-Thomas-Moen-AF-scaled.jpg","width":2560,"height":1703},{"@type":"BreadcrumbList","@id":"https:\/\/nsff.no\/magasinet\/2024\/12\/17\/frivillighetens-ansikter-40-p0rtretter\/#breadcrumb","itemListElement":[{"@type":"ListItem","position":1,"name":"Hjem","item":"https:\/\/nsff.no\/magasinet\/"},{"@type":"ListItem","position":2,"name":"FRIVILLIGHETENS ANSIKTER \u2013 40 P0RTRETTER"}]},{"@type":"WebSite","@id":"https:\/\/nsff.no\/magasinet\/#website","url":"https:\/\/nsff.no\/magasinet\/","name":"NSFF Magasin | Norsk Selskap for Fotografi","description":"Medlemsmagasin for film- og fotoentusiaster","publisher":{"@id":"https:\/\/nsff.no\/magasinet\/#organization"},"potentialAction":[{"@type":"SearchAction","target":{"@type":"EntryPoint","urlTemplate":"https:\/\/nsff.no\/magasinet\/?s={search_term_string}"},"query-input":{"@type":"PropertyValueSpecification","valueRequired":true,"valueName":"search_term_string"}}],"inLanguage":"nb-NO"},{"@type":"Organization","@id":"https:\/\/nsff.no\/magasinet\/#organization","name":"Norsk Selskap for Fotografo","url":"https:\/\/nsff.no\/magasinet\/","logo":{"@type":"ImageObject","inLanguage":"nb-NO","@id":"https:\/\/nsff.no\/magasinet\/#\/schema\/logo\/image\/","url":"https:\/\/nsff.no\/magasinet\/wp-content\/uploads\/sites\/2\/2016\/05\/NSFF-fb-lenkebilde.png","contentUrl":"https:\/\/nsff.no\/magasinet\/wp-content\/uploads\/sites\/2\/2016\/05\/NSFF-fb-lenkebilde.png","width":1,"height":1,"caption":"Norsk Selskap for Fotografo"},"image":{"@id":"https:\/\/nsff.no\/magasinet\/#\/schema\/logo\/image\/"}},{"@type":"Person","@id":"https:\/\/nsff.no\/magasinet\/#\/schema\/person\/b3f691ff0db3022e1c1c729ce5d53086","name":"Inger Postvoll","image":{"@type":"ImageObject","inLanguage":"nb-NO","@id":"https:\/\/secure.gravatar.com\/avatar\/4718b38fb1f54786915fca8071e5d8d7ad74b9f1398a7e69b599f35c6dfcc45a?s=96&d=mm&r=g","url":"https:\/\/secure.gravatar.com\/avatar\/4718b38fb1f54786915fca8071e5d8d7ad74b9f1398a7e69b599f35c6dfcc45a?s=96&d=mm&r=g","contentUrl":"https:\/\/secure.gravatar.com\/avatar\/4718b38fb1f54786915fca8071e5d8d7ad74b9f1398a7e69b599f35c6dfcc45a?s=96&d=mm&r=g","caption":"Inger Postvoll"},"description":"Redakt\u00f8r av NSFF Magasin. Medlem i Haugaland Fotoklubb og PSA. Initiativtaker til damegruppa Lens Babes.","url":"https:\/\/nsff.no\/magasinet\/author\/ingerpostvoll\/"}]}},"_links":{"self":[{"href":"https:\/\/nsff.no\/magasinet\/wp-json\/wp\/v2\/posts\/15649","targetHints":{"allow":["GET"]}}],"collection":[{"href":"https:\/\/nsff.no\/magasinet\/wp-json\/wp\/v2\/posts"}],"about":[{"href":"https:\/\/nsff.no\/magasinet\/wp-json\/wp\/v2\/types\/post"}],"author":[{"embeddable":true,"href":"https:\/\/nsff.no\/magasinet\/wp-json\/wp\/v2\/users\/41"}],"replies":[{"embeddable":true,"href":"https:\/\/nsff.no\/magasinet\/wp-json\/wp\/v2\/comments?post=15649"}],"version-history":[{"count":29,"href":"https:\/\/nsff.no\/magasinet\/wp-json\/wp\/v2\/posts\/15649\/revisions"}],"predecessor-version":[{"id":15791,"href":"https:\/\/nsff.no\/magasinet\/wp-json\/wp\/v2\/posts\/15649\/revisions\/15791"}],"wp:featuredmedia":[{"embeddable":true,"href":"https:\/\/nsff.no\/magasinet\/wp-json\/wp\/v2\/media\/15663"}],"wp:attachment":[{"href":"https:\/\/nsff.no\/magasinet\/wp-json\/wp\/v2\/media?parent=15649"}],"wp:term":[{"taxonomy":"category","embeddable":true,"href":"https:\/\/nsff.no\/magasinet\/wp-json\/wp\/v2\/categories?post=15649"},{"taxonomy":"post_tag","embeddable":true,"href":"https:\/\/nsff.no\/magasinet\/wp-json\/wp\/v2\/tags?post=15649"}],"curies":[{"name":"wp","href":"https:\/\/api.w.org\/{rel}","templated":true}]}}