{"id":15347,"date":"2024-11-25T21:54:08","date_gmt":"2024-11-25T20:54:08","guid":{"rendered":"https:\/\/nsff.no\/magasinet\/?p=15347"},"modified":"2026-04-07T19:58:32","modified_gmt":"2026-04-07T17:58:32","slug":"in-progress-portrettintervju-tom-jarane","status":"publish","type":"post","link":"https:\/\/nsff.no\/magasinet\/2024\/11\/25\/in-progress-portrettintervju-tom-jarane\/","title":{"rendered":"Portrettintervju av Tom Jarane"},"content":{"rendered":"<p>[et_pb_section fb_built=&raquo;1&#8243; _builder_version=&raquo;4.27.3&#8243; _module_preset=&raquo;default&raquo; global_colors_info=&raquo;{}&raquo;][et_pb_row _builder_version=&raquo;4.27.3&#8243; _module_preset=&raquo;default&raquo; global_colors_info=&raquo;{}&raquo;][et_pb_column type=&raquo;4_4&#8243; _builder_version=&raquo;4.27.3&#8243; _module_preset=&raquo;default&raquo; global_colors_info=&raquo;{}&raquo;][et_pb_image src=&raquo;https:\/\/nsff.no\/magasinet\/wp-content\/uploads\/sites\/2\/2024\/11\/0-Selvportrett-u-tittel.jpg&raquo; title_text=&raquo;0-Selvportrett u tittel&raquo; align=&raquo;center&raquo; _builder_version=&raquo;4.27.3&#8243; _module_preset=&raquo;default&raquo; width=&raquo;80%&raquo; max_width=&raquo;80%&raquo; global_colors_info=&raquo;{}&raquo;][\/et_pb_image][et_pb_text _builder_version=&raquo;4.27.3&#8243; _module_preset=&raquo;default&raquo; global_colors_info=&raquo;{}&raquo;]&nbsp;<\/p>\n<p style=\"font-weight: 400\"><strong>Tom Jarane er 54 \u00e5r, vokste opp p\u00e5 Ask\u00f8y, men har de siste 30 \u00e5rene bodd i Bergen sammen med Anne Lise og en s\u00f8vnig Beagle. Av yrke er han IT-konsulent, og de siste 17 \u00e5rene har han v\u00e6rt en del av teknologiavdelingen til GC Rieber-Gruppen. Fotografert har han gjort helt siden han som 16-\u00e5ring fikk et manuelt, analogt speilreflekskamera av sin far. Senere kj\u00f8pte han seg et avansert speilreflekskamera, ogs\u00e5 dette analogt. Han tok mange bilder da han ble med i redaksjonen til studentavisen. Mange av dem var konsertfoto i svart\/hvitt. Da han ble medlem av Bekkalokket fotoklubb i 2004 begynte han for alvor \u00e5 ta mange bilder. I det daglige blir det mye mobilbilder, men det speill\u00f8se brukes aller mest.<\/strong><\/p>\n<p>&nbsp;<\/p>\n<p style=\"font-weight: 400\"><strong><em>Foto som hobby eller levebr\u00f8d? <\/em><\/strong><\/p>\n<p>&#8211; Jeg pleier \u00e5 si at jeg lever <strong>for<\/strong> \u00e5 ta bilder, ikke<strong> av <\/strong>\u00e5 ta bilder. Jeg \u00f8nsker ikke \u00e5 ha et kommersielt forhold til fotograferingen. Fotograferingen blir som en mellomting mellom hobby og livstil. Kjekt \u00e5 jage motiver og ikke jage penger samtidig. Jeg tror ingen vil p\u00e5st\u00e5 at jeg er kunstnerisk p\u00e5 noen m\u00e5te, men jeg eier opp til flere gitarer, og har mye moro med \u00e5 spille i et band p\u00e5 jobben, og som rekreasjon. Jeg har alltid likt \u00e5 ta bilder og har alltid likt tekniske ting.<\/p>\n<p style=\"font-weight: 400\">Han innr\u00f8mmer at han nok ble litt tiltrukket av det tekniske med fotograferingen. N\u00e5r han etter hvert kunne kombinere det med datamaskiner, skannere og skrivere, s\u00e5 ble det jo enda mere g\u00f8y.<\/p>\n<p>&nbsp;<\/p>\n<p>&nbsp;<br \/>\n[\/et_pb_text][et_pb_gallery gallery_ids=&raquo;15357,15358,15359,15360&#8243; _builder_version=&raquo;4.27.3&#8243; _module_preset=&raquo;default&raquo; global_colors_info=&raquo;{}&raquo;][\/et_pb_gallery][et_pb_text _builder_version=&raquo;4.27.3&#8243; _module_preset=&raquo;default&raquo; global_colors_info=&raquo;{}&raquo;]- Det var lenge en av-og-p\u00e5 hobby, men etter at jeg startet i Bekkalokket Fotoklubb, s\u00e5 ble det en mer alt oppslukende hobby. Grunnen til at jeg startet i klubben var nettopp for \u00e5 holde motivasjonen for \u00e5 ta bilder vedlike.<\/p>\n<p style=\"font-weight: 400\"><strong><em>Hva fotograferer du helst?<\/em><\/strong><\/p>\n<p style=\"font-weight: 400\">&#8211; Tror jeg liker best \u00e5 fotografere ting der jeg ikke trenger \u00e5 planlegge bildet, eller ha noe form for regi. Opptakene blir litt til etter innfallsmetoden. Motivene spenner seg mest rundt natur\/landskap\/fugler, gatefoto og konsertfoto. Jeg planlegger gjerne en tur for \u00e5 ta bilder, men ting blir til mens man g\u00e5r rundt. Den eneste formen for regi er at man fors\u00f8ker \u00e5 forutse hva som kommer til \u00e5 skje, og plassere motivene foran de rette bakgrunnene.<\/p>\n<p style=\"font-weight: 400\"><strong><em>Hva unng\u00e5r du \u00e5 fotografere?<\/em><\/strong><\/p>\n<p style=\"font-weight: 400\">&#8211; Jeg er ikke glad i \u00e5 ta bilder der jeg m\u00e5 planlegge for mye. Portretter der jeg skal instruere, synes jeg p\u00e5 mange m\u00e5ter er ubehagelig. Mange sier man skal utfordre det ubehagelige, og det har jeg gjort noen ganger med portretter, men har kommet til at jeg ikke trives med det, og da blir det for negativt. Men jeg er veldig glad i \u00e5 se portretter, og fasineres av de som klarer \u00e5 f\u00e5 til gode portretter der man ser geniale komposisjoner.<\/p>\n<p style=\"font-weight: 400\"><strong><em>Hva vil du si er ditt uttrykk?<\/em><\/strong><\/p>\n<p style=\"font-weight: 400\">&#8211; Tror ikke jeg har noe spesielt uttrykk, eller at bildene er like p\u00e5 noe vis. Jeg kan selvsagt ta feil, og at andre klarer \u00e5 se sammenhenger som jeg ikke selv ser eller har reflektert over. Har alltid et m\u00e5l om \u00e5 kombinere god komposisjon, innhold og teknikk. I den rekkef\u00f8lgen. Jeg vekter nok det tekniske p\u00e5 et bilde lavere enn innhold og komposisjon, men strever selvsagt for at alle tre er til stede i bildene.<\/p>\n<p style=\"font-weight: 400\"><strong><em>Noe spesielt utstyr, teknikker i etterbehandlingen, spesielle forberedelser?<\/em><\/strong><\/p>\n<p style=\"font-weight: 400\">&#8211; Det viktigste er at jeg har det utstyret som trengs. Som de fleste andre, s\u00e5 har jeg vel ogs\u00e5 oppdaget at nytt og \u00abbedre\u00bb utstyr ikke gir bedre bilder, men det kan anspore til at man tar flere bilder og dermed \u00f8ver mer og blir flinkere. Som med alt man skal bli god i, s\u00e5 ligger det ofte 10.000 timer med m\u00e5lrettet trening f\u00f8r man mestrer ting. Jeg liker \u00e5 diskutere kamerautstyr med gode fotovenner, men det har lite \u00e5 si for det endelige resultatet.<\/p>\n<p>&nbsp;<br \/>\n[\/et_pb_text][et_pb_gallery gallery_ids=&raquo;15361,15362,15363,15364&#8243; _builder_version=&raquo;4.27.3&#8243; _module_preset=&raquo;default&raquo; global_colors_info=&raquo;{}&raquo;][\/et_pb_gallery][et_pb_text _builder_version=&raquo;4.27.3&#8243; _module_preset=&raquo;default&raquo; global_colors_info=&raquo;{}&raquo;]<\/p>\n<p style=\"font-weight: 400\"><strong><em>Hva er det som inspirerer deg?<\/em><\/strong><\/p>\n<p style=\"font-weight: 400\">&#8211; Jeg blir selvsagt inspirert av andre fotografers bilder, uten at jeg umiddelbart \u00f8nsker \u00e5 ta de samme bildene. Ogs\u00e5 andre kunstformer kan gi meg inspirasjon. Ubevisst blir man nok inspirert av alt man ser rundt seg, s\u00e5 det kan v\u00e6re smart \u00e5 b\u00e5de h\u00f8re p\u00e5 musikk, g\u00e5 p\u00e5 utstillinger og museer.<\/p>\n<p style=\"font-weight: 400\"><strong><em>N\u00e5r du fotograferer, er det helst i selskap med andre fotovenner eller g\u00e5r du alene?<\/em><\/strong><\/p>\n<p style=\"font-weight: 400\">\u2013 Jeg liker ikke \u00e5 fotografere i flokk, men \u00e5 ha med seg gode venner er jo veldig kjekt. Det kan v\u00e6re grunnen til at jeg knapt har deltatt p\u00e5 en eneste workshop. Det blir for mange mennesker som skal ta det samme bildet. Gatefoto der man g\u00e5r sammen med en god venn og tar bilder setter jeg stor pris p\u00e5. Man ender ofte opp i hver sin boble uansett. Har hatt mange slike byturer i inn og utland med Roald Synnev\u00e5g. Ellers liker jeg n\u00e5r man reiser p\u00e5 hyttetur\/telttur med gode venner, der man g\u00e5r i samme omr\u00e5de og fotograferer natur, uten n\u00f8dvendigvis \u00e5 st\u00e5 p\u00e5 rekke.<\/p>\n<p style=\"font-weight: 400\"><strong><em>Viser du frem bildene dine til andre? Hvordan? <\/em><\/strong><\/p>\n<p style=\"font-weight: 400\">\u2013 Jeg har en portfolioside p\u00e5 nettet, men i det daglige er det Instagram jeg er mest aktiv p\u00e5. Der blir det en blanding av \u00abgode\u00bb bilder og bilder fra dagliglivet mitt. Som medlem av Bekkalokket Fotoklubb, viser jeg bilder der, og deltar sporadisk i klubbkonkurransene v\u00e5r. Tidligere var jeg mer aktiv b\u00e5de i NM og internasjonale konkurranser, men det har jeg tatt en lang pause fra. Om jeg tar opp igjen konkurranser f\u00e5r tiden vise.<\/p>\n<p style=\"font-weight: 400\"><strong><em>Har du noen forbilder, eller er det noen fotograf(er) du gjerne vil nevne?<\/em><\/strong><\/p>\n<p style=\"font-weight: 400\">&#8211; Jeg har mange fotografer jeg liker \u00e5 se bildene til, og de inspirerer meg nok til \u00e5 fortsette \u00e5 lete etter gode motiver, men jeg tror ikke jeg har noen forbilder eller noen jeg \u00f8nsker \u00e5 bli lik. Det blir summen av alt som inspirerer meg.<\/p>\n<p style=\"font-weight: 400\">Til slutt har han et \u00f8nske om igjen dra p\u00e5 flere turer med gode venner, for n\u00e5 har han i lang tid ikke har hatt mulighet for \u00e5 reise s\u00e5 mye.<\/p>\n<p>[\/et_pb_text][\/et_pb_column][\/et_pb_row][\/et_pb_section]<\/p>\n","protected":false},"excerpt":{"rendered":"<p>Portrettintervju av Tom Jarane<\/p>\n","protected":false},"author":8,"featured_media":15394,"comment_status":"open","ping_status":"open","sticky":false,"template":"","format":"standard","meta":{"_et_pb_use_builder":"on","_et_pb_old_content":"","_et_gb_content_width":"","footnotes":""},"categories":[17,14],"tags":[851,938],"class_list":["post-15347","post","type-post","status-publish","format-standard","has-post-thumbnail","hentry","category-medlemmer","category-nyheter","tag-portrettintervju","tag-portrettintervju-av-tom-jarane","et-has-post-format-content","et_post_format-et-post-format-standard"],"yoast_head":"<!-- This site is optimized with the Yoast SEO plugin v27.5 - https:\/\/yoast.com\/product\/yoast-seo-wordpress\/ -->\n<title>Portrettintervju av Tom Jarane - NSFF Magasin | Norsk Selskap for Fotografi<\/title>\n<meta name=\"robots\" content=\"index, follow, max-snippet:-1, max-image-preview:large, max-video-preview:-1\" \/>\n<link rel=\"canonical\" href=\"https:\/\/nsff.no\/magasinet\/2024\/11\/25\/in-progress-portrettintervju-tom-jarane\/\" \/>\n<meta property=\"og:locale\" content=\"nb_NO\" \/>\n<meta property=\"og:type\" content=\"article\" \/>\n<meta property=\"og:title\" content=\"Portrettintervju av Tom Jarane\" \/>\n<meta property=\"og:description\" content=\"Portrettintervju av Tom Jarane\" \/>\n<meta property=\"og:url\" content=\"https:\/\/nsff.no\/magasinet\/2024\/11\/25\/in-progress-portrettintervju-tom-jarane\/\" \/>\n<meta property=\"og:site_name\" content=\"NSFF Magasin | Norsk Selskap for Fotografi\" \/>\n<meta property=\"article:author\" content=\"https:\/\/www.facebook.com\/groups\/288169911254075\/\" \/>\n<meta property=\"article:published_time\" content=\"2024-11-25T20:54:08+00:00\" \/>\n<meta property=\"article:modified_time\" content=\"2026-04-07T17:58:32+00:00\" \/>\n<meta property=\"og:image\" content=\"https:\/\/nsff.no\/magasinet\/wp-content\/uploads\/sites\/2\/2024\/11\/Mobilbilde-tatt-av-Roald-Synneva\u2560eg.jpg\" \/>\n\t<meta property=\"og:image:width\" content=\"1639\" \/>\n\t<meta property=\"og:image:height\" content=\"922\" \/>\n\t<meta property=\"og:image:type\" content=\"image\/jpeg\" \/>\n<meta name=\"author\" content=\"H\u00e5kon Tr\u00f8nnes\" \/>\n<meta name=\"twitter:card\" content=\"summary_large_image\" \/>\n<meta name=\"twitter:label1\" content=\"Skrevet av\" \/>\n\t<meta name=\"twitter:data1\" content=\"H\u00e5kon Tr\u00f8nnes\" \/>\n\t<meta name=\"twitter:label2\" content=\"Ansl. lesetid\" \/>\n\t<meta name=\"twitter:data2\" content=\"9 minutter\" \/>\n<script type=\"application\/ld+json\" class=\"yoast-schema-graph\">{\"@context\":\"https:\\\/\\\/schema.org\",\"@graph\":[{\"@type\":\"Article\",\"@id\":\"https:\\\/\\\/nsff.no\\\/magasinet\\\/2024\\\/11\\\/25\\\/in-progress-portrettintervju-tom-jarane\\\/#article\",\"isPartOf\":{\"@id\":\"https:\\\/\\\/nsff.no\\\/magasinet\\\/2024\\\/11\\\/25\\\/in-progress-portrettintervju-tom-jarane\\\/\"},\"author\":{\"name\":\"H\u00e5kon Tr\u00f8nnes\",\"@id\":\"https:\\\/\\\/nsff.no\\\/magasinet\\\/#\\\/schema\\\/person\\\/37116b4a6f4853fcafdd83b641cd613b\"},\"headline\":\"Portrettintervju av Tom Jarane\",\"datePublished\":\"2024-11-25T20:54:08+00:00\",\"dateModified\":\"2026-04-07T17:58:32+00:00\",\"mainEntityOfPage\":{\"@id\":\"https:\\\/\\\/nsff.no\\\/magasinet\\\/2024\\\/11\\\/25\\\/in-progress-portrettintervju-tom-jarane\\\/\"},\"wordCount\":1158,\"commentCount\":0,\"publisher\":{\"@id\":\"https:\\\/\\\/nsff.no\\\/magasinet\\\/#organization\"},\"image\":{\"@id\":\"https:\\\/\\\/nsff.no\\\/magasinet\\\/2024\\\/11\\\/25\\\/in-progress-portrettintervju-tom-jarane\\\/#primaryimage\"},\"thumbnailUrl\":\"https:\\\/\\\/nsff.no\\\/magasinet\\\/wp-content\\\/uploads\\\/sites\\\/2\\\/2024\\\/11\\\/Mobilbilde-tatt-av-Roald-Synneva\u2560eg.jpg\",\"keywords\":[\"portrettintervju\",\"Portrettintervju av Tom Jarane\"],\"articleSection\":[\"Medlemmer\",\"Nyheter\"],\"inLanguage\":\"nb-NO\",\"potentialAction\":[{\"@type\":\"CommentAction\",\"name\":\"Comment\",\"target\":[\"https:\\\/\\\/nsff.no\\\/magasinet\\\/2024\\\/11\\\/25\\\/in-progress-portrettintervju-tom-jarane\\\/#respond\"]}]},{\"@type\":\"WebPage\",\"@id\":\"https:\\\/\\\/nsff.no\\\/magasinet\\\/2024\\\/11\\\/25\\\/in-progress-portrettintervju-tom-jarane\\\/\",\"url\":\"https:\\\/\\\/nsff.no\\\/magasinet\\\/2024\\\/11\\\/25\\\/in-progress-portrettintervju-tom-jarane\\\/\",\"name\":\"Portrettintervju av Tom Jarane - NSFF Magasin | Norsk Selskap for Fotografi\",\"isPartOf\":{\"@id\":\"https:\\\/\\\/nsff.no\\\/magasinet\\\/#website\"},\"primaryImageOfPage\":{\"@id\":\"https:\\\/\\\/nsff.no\\\/magasinet\\\/2024\\\/11\\\/25\\\/in-progress-portrettintervju-tom-jarane\\\/#primaryimage\"},\"image\":{\"@id\":\"https:\\\/\\\/nsff.no\\\/magasinet\\\/2024\\\/11\\\/25\\\/in-progress-portrettintervju-tom-jarane\\\/#primaryimage\"},\"thumbnailUrl\":\"https:\\\/\\\/nsff.no\\\/magasinet\\\/wp-content\\\/uploads\\\/sites\\\/2\\\/2024\\\/11\\\/Mobilbilde-tatt-av-Roald-Synneva\u2560eg.jpg\",\"datePublished\":\"2024-11-25T20:54:08+00:00\",\"dateModified\":\"2026-04-07T17:58:32+00:00\",\"breadcrumb\":{\"@id\":\"https:\\\/\\\/nsff.no\\\/magasinet\\\/2024\\\/11\\\/25\\\/in-progress-portrettintervju-tom-jarane\\\/#breadcrumb\"},\"inLanguage\":\"nb-NO\",\"potentialAction\":[{\"@type\":\"ReadAction\",\"target\":[\"https:\\\/\\\/nsff.no\\\/magasinet\\\/2024\\\/11\\\/25\\\/in-progress-portrettintervju-tom-jarane\\\/\"]}]},{\"@type\":\"ImageObject\",\"inLanguage\":\"nb-NO\",\"@id\":\"https:\\\/\\\/nsff.no\\\/magasinet\\\/2024\\\/11\\\/25\\\/in-progress-portrettintervju-tom-jarane\\\/#primaryimage\",\"url\":\"https:\\\/\\\/nsff.no\\\/magasinet\\\/wp-content\\\/uploads\\\/sites\\\/2\\\/2024\\\/11\\\/Mobilbilde-tatt-av-Roald-Synneva\u2560eg.jpg\",\"contentUrl\":\"https:\\\/\\\/nsff.no\\\/magasinet\\\/wp-content\\\/uploads\\\/sites\\\/2\\\/2024\\\/11\\\/Mobilbilde-tatt-av-Roald-Synneva\u2560eg.jpg\",\"width\":1639,\"height\":922},{\"@type\":\"BreadcrumbList\",\"@id\":\"https:\\\/\\\/nsff.no\\\/magasinet\\\/2024\\\/11\\\/25\\\/in-progress-portrettintervju-tom-jarane\\\/#breadcrumb\",\"itemListElement\":[{\"@type\":\"ListItem\",\"position\":1,\"name\":\"Hjem\",\"item\":\"https:\\\/\\\/nsff.no\\\/magasinet\\\/\"},{\"@type\":\"ListItem\",\"position\":2,\"name\":\"Portrettintervju av Tom Jarane\"}]},{\"@type\":\"WebSite\",\"@id\":\"https:\\\/\\\/nsff.no\\\/magasinet\\\/#website\",\"url\":\"https:\\\/\\\/nsff.no\\\/magasinet\\\/\",\"name\":\"NSFF Magasin | Norsk Selskap for Fotografi\",\"description\":\"Medlemsmagasin for film- og fotoentusiaster\",\"publisher\":{\"@id\":\"https:\\\/\\\/nsff.no\\\/magasinet\\\/#organization\"},\"potentialAction\":[{\"@type\":\"SearchAction\",\"target\":{\"@type\":\"EntryPoint\",\"urlTemplate\":\"https:\\\/\\\/nsff.no\\\/magasinet\\\/?s={search_term_string}\"},\"query-input\":{\"@type\":\"PropertyValueSpecification\",\"valueRequired\":true,\"valueName\":\"search_term_string\"}}],\"inLanguage\":\"nb-NO\"},{\"@type\":\"Organization\",\"@id\":\"https:\\\/\\\/nsff.no\\\/magasinet\\\/#organization\",\"name\":\"Norsk Selskap for Fotografo\",\"url\":\"https:\\\/\\\/nsff.no\\\/magasinet\\\/\",\"logo\":{\"@type\":\"ImageObject\",\"inLanguage\":\"nb-NO\",\"@id\":\"https:\\\/\\\/nsff.no\\\/magasinet\\\/#\\\/schema\\\/logo\\\/image\\\/\",\"url\":\"https:\\\/\\\/nsff.no\\\/magasinet\\\/wp-content\\\/uploads\\\/sites\\\/2\\\/2016\\\/05\\\/NSFF-fb-lenkebilde.png\",\"contentUrl\":\"https:\\\/\\\/nsff.no\\\/magasinet\\\/wp-content\\\/uploads\\\/sites\\\/2\\\/2016\\\/05\\\/NSFF-fb-lenkebilde.png\",\"width\":1,\"height\":1,\"caption\":\"Norsk Selskap for Fotografo\"},\"image\":{\"@id\":\"https:\\\/\\\/nsff.no\\\/magasinet\\\/#\\\/schema\\\/logo\\\/image\\\/\"}},{\"@type\":\"Person\",\"@id\":\"https:\\\/\\\/nsff.no\\\/magasinet\\\/#\\\/schema\\\/person\\\/37116b4a6f4853fcafdd83b641cd613b\",\"name\":\"H\u00e5kon Tr\u00f8nnes\",\"image\":{\"@type\":\"ImageObject\",\"inLanguage\":\"nb-NO\",\"@id\":\"https:\\\/\\\/secure.gravatar.com\\\/avatar\\\/1af737762288f25f011dd81e988eb89286d1b0a8eb46219fef27cc0ec05cd61a?s=96&d=mm&r=g\",\"url\":\"https:\\\/\\\/secure.gravatar.com\\\/avatar\\\/1af737762288f25f011dd81e988eb89286d1b0a8eb46219fef27cc0ec05cd61a?s=96&d=mm&r=g\",\"contentUrl\":\"https:\\\/\\\/secure.gravatar.com\\\/avatar\\\/1af737762288f25f011dd81e988eb89286d1b0a8eb46219fef27cc0ec05cd61a?s=96&d=mm&r=g\",\"caption\":\"H\u00e5kon Tr\u00f8nnes\"},\"description\":\"Medlem i Vingelen Fotoklubb.\",\"sameAs\":[\"https:\\\/\\\/www.facebook.com\\\/groups\\\/288169911254075\\\/\"],\"url\":\"https:\\\/\\\/nsff.no\\\/magasinet\\\/author\\\/hakontronnes\\\/\"}]}<\/script>\n<!-- \/ Yoast SEO plugin. -->","yoast_head_json":{"title":"Portrettintervju av Tom Jarane - NSFF Magasin | Norsk Selskap for Fotografi","robots":{"index":"index","follow":"follow","max-snippet":"max-snippet:-1","max-image-preview":"max-image-preview:large","max-video-preview":"max-video-preview:-1"},"canonical":"https:\/\/nsff.no\/magasinet\/2024\/11\/25\/in-progress-portrettintervju-tom-jarane\/","og_locale":"nb_NO","og_type":"article","og_title":"Portrettintervju av Tom Jarane","og_description":"Portrettintervju av Tom Jarane","og_url":"https:\/\/nsff.no\/magasinet\/2024\/11\/25\/in-progress-portrettintervju-tom-jarane\/","og_site_name":"NSFF Magasin | Norsk Selskap for Fotografi","article_author":"https:\/\/www.facebook.com\/groups\/288169911254075\/","article_published_time":"2024-11-25T20:54:08+00:00","article_modified_time":"2026-04-07T17:58:32+00:00","og_image":[{"width":1639,"height":922,"url":"https:\/\/nsff.no\/magasinet\/wp-content\/uploads\/sites\/2\/2024\/11\/Mobilbilde-tatt-av-Roald-Synneva\u2560eg.jpg","type":"image\/jpeg"}],"author":"H\u00e5kon Tr\u00f8nnes","twitter_card":"summary_large_image","twitter_misc":{"Skrevet av":"H\u00e5kon Tr\u00f8nnes","Ansl. lesetid":"9 minutter"},"schema":{"@context":"https:\/\/schema.org","@graph":[{"@type":"Article","@id":"https:\/\/nsff.no\/magasinet\/2024\/11\/25\/in-progress-portrettintervju-tom-jarane\/#article","isPartOf":{"@id":"https:\/\/nsff.no\/magasinet\/2024\/11\/25\/in-progress-portrettintervju-tom-jarane\/"},"author":{"name":"H\u00e5kon Tr\u00f8nnes","@id":"https:\/\/nsff.no\/magasinet\/#\/schema\/person\/37116b4a6f4853fcafdd83b641cd613b"},"headline":"Portrettintervju av Tom Jarane","datePublished":"2024-11-25T20:54:08+00:00","dateModified":"2026-04-07T17:58:32+00:00","mainEntityOfPage":{"@id":"https:\/\/nsff.no\/magasinet\/2024\/11\/25\/in-progress-portrettintervju-tom-jarane\/"},"wordCount":1158,"commentCount":0,"publisher":{"@id":"https:\/\/nsff.no\/magasinet\/#organization"},"image":{"@id":"https:\/\/nsff.no\/magasinet\/2024\/11\/25\/in-progress-portrettintervju-tom-jarane\/#primaryimage"},"thumbnailUrl":"https:\/\/nsff.no\/magasinet\/wp-content\/uploads\/sites\/2\/2024\/11\/Mobilbilde-tatt-av-Roald-Synneva\u2560eg.jpg","keywords":["portrettintervju","Portrettintervju av Tom Jarane"],"articleSection":["Medlemmer","Nyheter"],"inLanguage":"nb-NO","potentialAction":[{"@type":"CommentAction","name":"Comment","target":["https:\/\/nsff.no\/magasinet\/2024\/11\/25\/in-progress-portrettintervju-tom-jarane\/#respond"]}]},{"@type":"WebPage","@id":"https:\/\/nsff.no\/magasinet\/2024\/11\/25\/in-progress-portrettintervju-tom-jarane\/","url":"https:\/\/nsff.no\/magasinet\/2024\/11\/25\/in-progress-portrettintervju-tom-jarane\/","name":"Portrettintervju av Tom Jarane - NSFF Magasin | Norsk Selskap for Fotografi","isPartOf":{"@id":"https:\/\/nsff.no\/magasinet\/#website"},"primaryImageOfPage":{"@id":"https:\/\/nsff.no\/magasinet\/2024\/11\/25\/in-progress-portrettintervju-tom-jarane\/#primaryimage"},"image":{"@id":"https:\/\/nsff.no\/magasinet\/2024\/11\/25\/in-progress-portrettintervju-tom-jarane\/#primaryimage"},"thumbnailUrl":"https:\/\/nsff.no\/magasinet\/wp-content\/uploads\/sites\/2\/2024\/11\/Mobilbilde-tatt-av-Roald-Synneva\u2560eg.jpg","datePublished":"2024-11-25T20:54:08+00:00","dateModified":"2026-04-07T17:58:32+00:00","breadcrumb":{"@id":"https:\/\/nsff.no\/magasinet\/2024\/11\/25\/in-progress-portrettintervju-tom-jarane\/#breadcrumb"},"inLanguage":"nb-NO","potentialAction":[{"@type":"ReadAction","target":["https:\/\/nsff.no\/magasinet\/2024\/11\/25\/in-progress-portrettintervju-tom-jarane\/"]}]},{"@type":"ImageObject","inLanguage":"nb-NO","@id":"https:\/\/nsff.no\/magasinet\/2024\/11\/25\/in-progress-portrettintervju-tom-jarane\/#primaryimage","url":"https:\/\/nsff.no\/magasinet\/wp-content\/uploads\/sites\/2\/2024\/11\/Mobilbilde-tatt-av-Roald-Synneva\u2560eg.jpg","contentUrl":"https:\/\/nsff.no\/magasinet\/wp-content\/uploads\/sites\/2\/2024\/11\/Mobilbilde-tatt-av-Roald-Synneva\u2560eg.jpg","width":1639,"height":922},{"@type":"BreadcrumbList","@id":"https:\/\/nsff.no\/magasinet\/2024\/11\/25\/in-progress-portrettintervju-tom-jarane\/#breadcrumb","itemListElement":[{"@type":"ListItem","position":1,"name":"Hjem","item":"https:\/\/nsff.no\/magasinet\/"},{"@type":"ListItem","position":2,"name":"Portrettintervju av Tom Jarane"}]},{"@type":"WebSite","@id":"https:\/\/nsff.no\/magasinet\/#website","url":"https:\/\/nsff.no\/magasinet\/","name":"NSFF Magasin | Norsk Selskap for Fotografi","description":"Medlemsmagasin for film- og fotoentusiaster","publisher":{"@id":"https:\/\/nsff.no\/magasinet\/#organization"},"potentialAction":[{"@type":"SearchAction","target":{"@type":"EntryPoint","urlTemplate":"https:\/\/nsff.no\/magasinet\/?s={search_term_string}"},"query-input":{"@type":"PropertyValueSpecification","valueRequired":true,"valueName":"search_term_string"}}],"inLanguage":"nb-NO"},{"@type":"Organization","@id":"https:\/\/nsff.no\/magasinet\/#organization","name":"Norsk Selskap for Fotografo","url":"https:\/\/nsff.no\/magasinet\/","logo":{"@type":"ImageObject","inLanguage":"nb-NO","@id":"https:\/\/nsff.no\/magasinet\/#\/schema\/logo\/image\/","url":"https:\/\/nsff.no\/magasinet\/wp-content\/uploads\/sites\/2\/2016\/05\/NSFF-fb-lenkebilde.png","contentUrl":"https:\/\/nsff.no\/magasinet\/wp-content\/uploads\/sites\/2\/2016\/05\/NSFF-fb-lenkebilde.png","width":1,"height":1,"caption":"Norsk Selskap for Fotografo"},"image":{"@id":"https:\/\/nsff.no\/magasinet\/#\/schema\/logo\/image\/"}},{"@type":"Person","@id":"https:\/\/nsff.no\/magasinet\/#\/schema\/person\/37116b4a6f4853fcafdd83b641cd613b","name":"H\u00e5kon Tr\u00f8nnes","image":{"@type":"ImageObject","inLanguage":"nb-NO","@id":"https:\/\/secure.gravatar.com\/avatar\/1af737762288f25f011dd81e988eb89286d1b0a8eb46219fef27cc0ec05cd61a?s=96&d=mm&r=g","url":"https:\/\/secure.gravatar.com\/avatar\/1af737762288f25f011dd81e988eb89286d1b0a8eb46219fef27cc0ec05cd61a?s=96&d=mm&r=g","contentUrl":"https:\/\/secure.gravatar.com\/avatar\/1af737762288f25f011dd81e988eb89286d1b0a8eb46219fef27cc0ec05cd61a?s=96&d=mm&r=g","caption":"H\u00e5kon Tr\u00f8nnes"},"description":"Medlem i Vingelen Fotoklubb.","sameAs":["https:\/\/www.facebook.com\/groups\/288169911254075\/"],"url":"https:\/\/nsff.no\/magasinet\/author\/hakontronnes\/"}]}},"_links":{"self":[{"href":"https:\/\/nsff.no\/magasinet\/wp-json\/wp\/v2\/posts\/15347","targetHints":{"allow":["GET"]}}],"collection":[{"href":"https:\/\/nsff.no\/magasinet\/wp-json\/wp\/v2\/posts"}],"about":[{"href":"https:\/\/nsff.no\/magasinet\/wp-json\/wp\/v2\/types\/post"}],"author":[{"embeddable":true,"href":"https:\/\/nsff.no\/magasinet\/wp-json\/wp\/v2\/users\/8"}],"replies":[{"embeddable":true,"href":"https:\/\/nsff.no\/magasinet\/wp-json\/wp\/v2\/comments?post=15347"}],"version-history":[{"count":28,"href":"https:\/\/nsff.no\/magasinet\/wp-json\/wp\/v2\/posts\/15347\/revisions"}],"predecessor-version":[{"id":15425,"href":"https:\/\/nsff.no\/magasinet\/wp-json\/wp\/v2\/posts\/15347\/revisions\/15425"}],"wp:featuredmedia":[{"embeddable":true,"href":"https:\/\/nsff.no\/magasinet\/wp-json\/wp\/v2\/media\/15394"}],"wp:attachment":[{"href":"https:\/\/nsff.no\/magasinet\/wp-json\/wp\/v2\/media?parent=15347"}],"wp:term":[{"taxonomy":"category","embeddable":true,"href":"https:\/\/nsff.no\/magasinet\/wp-json\/wp\/v2\/categories?post=15347"},{"taxonomy":"post_tag","embeddable":true,"href":"https:\/\/nsff.no\/magasinet\/wp-json\/wp\/v2\/tags?post=15347"}],"curies":[{"name":"wp","href":"https:\/\/api.w.org\/{rel}","templated":true}]}}