{"id":14575,"date":"2024-06-10T14:57:10","date_gmt":"2024-06-10T12:57:10","guid":{"rendered":"https:\/\/nsff.no\/magasinet\/?p=14575"},"modified":"2024-07-06T18:55:26","modified_gmt":"2024-07-06T16:55:26","slug":"utsikt-og-innsikt-pa-og-fra-langsanden","status":"publish","type":"post","link":"https:\/\/nsff.no\/magasinet\/2024\/06\/10\/utsikt-og-innsikt-pa-og-fra-langsanden\/","title":{"rendered":"Utsikt og innsikt p\u00e5 og fra Langsanden"},"content":{"rendered":"<p>[et_pb_section fb_built=&raquo;1&#8243; _builder_version=&raquo;4.25.1&#8243; _module_preset=&raquo;default&raquo; global_colors_info=&raquo;{}&raquo;][et_pb_row _builder_version=&raquo;4.25.1&#8243; _module_preset=&raquo;default&raquo; global_colors_info=&raquo;{}&raquo;][et_pb_column type=&raquo;4_4&#8243; _builder_version=&raquo;4.25.1&#8243; _module_preset=&raquo;default&raquo; global_colors_info=&raquo;{}&raquo;][et_pb_text _builder_version=&raquo;4.25.2&#8243; _module_preset=&raquo;default&raquo; hover_enabled=&raquo;0&#8243; global_colors_info=&raquo;{}&raquo; sticky_enabled=&raquo;0&#8243;]<\/p>\n<div dir=\"ltr\">\n<div>\n<div>\n<p><strong>Gildesk\u00e5l fotoklubb l\u00f8fter fram foto som uttrykksform som en del av &laquo;Bod\u00f8, europeisk kulturhovedstad 2024&raquo; med et st\u00f8rre prosjekt knyttet til den spektakul\u00e6re Langsanden p\u00e5 Sandhorn\u00f8ya, der klubben allerede i 2022 etablerte Galleri Langsanden. Vi gjennomf\u00f8rer b\u00e5de en nasjonal konkurranse i samarbeid med CEWE og et fotoprosjekt for ungdomsskoleelever i kommunen.<\/strong><\/p>\n<p>I skoleprosjektet inviterer vi skoleklasser fra ungdomsskoler i Gildeska\u030al til fotografering p\u00e5 Langsanden for a\u030a utforske stedet og fotografere med mobilkamera eller fotografiapparat. M\u00e5let er \u00e5 vekke nysgjerrighet for det som ikke er umiddelbart \u00e5penbart for alle. I de fleste landskap og situasjoner kan det finnes &laquo;skjulte&raquo; utsnitt, vinklinger og detaljer som kan vekke oppmerksomhet med et nysgjerrig blikk og gjennom kameraet\u00b4s &laquo;\u00f8ye&raquo;. Vi \u00f8nsker \u00e5 invitere elevene til nysgjerrig utforsking gjennom en lekende tiln\u00e6rming og gjennom det \u00e5pne \u00f8ynene for hvordan de kan uttrykke seg med fotografi. Vi starter med en introduksjon til temaet og praktiske tips p\u00e5 skolen f\u00f8r vi drar til Langsanden 17. juni for en foto\u00f8kt sammen med elevene under ledelse av av fotografer fra klubben. For at klubbmedlemmene skal v\u00e6re godt forberedt, har vi hyret inn fotograf Ida Bech til en workshop for oss p\u00e5 Langsanden i forkant. Bildene som elevene velger ut, vil klubben printe for utstilling i samarbeid med skolene.<\/p>\n<\/div>\n<\/div>\n<\/div>\n<div dir=\"ltr\">\n<div dir=\"ltr\">\n<div>\u00a0<\/div>\n<\/div>\n<\/div>\n<p>[\/et_pb_text][et_pb_image src=&raquo;https:\/\/nsff.no\/magasinet\/wp-content\/uploads\/sites\/2\/2024\/06\/thumbnail_Gunnar-Egeberg-pa-Langsanden-2-scaled.jpg&raquo; title_text=&raquo;thumbnail_Gunnar Egeberg p\u00e5 Langsanden (2)&raquo; align=&raquo;center&raquo; _builder_version=&raquo;4.25.1&#8243; _module_preset=&raquo;default&raquo; width=&raquo;60%&raquo; max_width=&raquo;60%&raquo; global_colors_info=&raquo;{}&raquo;][\/et_pb_image][et_pb_text _builder_version=&raquo;4.25.2&#8243; _module_preset=&raquo;default&raquo; global_colors_info=&raquo;{}&raquo;]<\/p>\n<pre>Bildetekst: Langsanden gir nye fotomuligheter hver gang, ogs\u00e5 for fotografer som har v\u00e6rt der \nutallige ganger f\u00f8r. (Foto: Marit Solbakken)\n<\/pre>\n<div>\u00a0<\/div>\n<div><a href=\"https:\/\/contest.cewe.no\/utsikt-og-innsikt\/no_no\/\" target=\"_blank\" rel=\"noopener noreferrer\" data-auth=\"NotApplicable\" data-linkindex=\"0\">Den nasjonale konkurransen<\/a> g\u00e5r fram til 25. juli 2024 og gjennomf\u00f8res i samarbeid med CEWE p\u00e5 deres konkurranseplatform, og har premier for til sammen 12.500 kr. Konkurransen er \u00e5pen b\u00e5de for bilder som fotografer har tatt p\u00e5 Langsanden tidligere og for nye bilder som man tar fram til midtsommer. M\u00e5let for konkurransen er som for skoleprosjektet \u00e5 stimulere til \u00e5 se strukturer og detaljer som du m\u00e5 n\u00e6r inn p\u00e5 for \u00e5 oppleve eller \u00e5 fange utsnitt i det fjerne. For selv i deler av landskapet som kan virke ordin\u00e6rt, og i v\u00e6r som vanligvis ikke anses som \u00abpent\u00bb, kan det skjule seg interessante motiv som kan gi overraskelse, undring og lyst til \u00e5 utforske videre. En sv\u00e6rt kompetent jury vil velge ut de 12 beste bildene. Disse skal printes p\u00e5 aluplater hos CEWE, og vil bli en ny utstilling p\u00e5 Galleri langsanden som \u00e5pnes p\u00e5 seinsommeren.<\/div>\n<div>\u00a0<\/div>\n<div>Prosjektet har blitt gjort mulig med stor st\u00f8tte fra Bod\u00f8 2023, CEWE, Gildesk\u00e5l kommune og GIFAS og med stor innsats fra klubbens medlemmer. &#8211; Vi ser fram til en spennende fotodag sammen med skoleelevene 17. juni, og h\u00e5per at riktig mange blir inspirert til \u00e5 delta i konkurransen med fotografier p\u00e5 og fra Langsanden.<\/div>\n<div>\u00a0<\/div>\n<div>\u00a0<\/div>\n<div>\u00a0<\/div>\n<div><strong>Bildetekst (forsidebilde):<\/strong> \u00a0Bare \u00e5 b\u00f8ye seg ned kan endre opplevelsen. (Foto: Gunnar Egeberg)<\/div>\n<p>[\/et_pb_text][\/et_pb_column][\/et_pb_row][\/et_pb_section]<\/p>\n","protected":false},"excerpt":{"rendered":"<p>Utsikt og innsikt p\u00e5 og fra Langsanden<\/p>\n","protected":false},"author":96,"featured_media":14607,"comment_status":"open","ping_status":"open","sticky":false,"template":"","format":"standard","meta":{"_et_pb_use_builder":"on","_et_pb_old_content":"","_et_gb_content_width":"","footnotes":""},"categories":[91,14],"tags":[922],"class_list":["post-14575","post","type-post","status-publish","format-standard","has-post-thumbnail","hentry","category-inspirasjon","category-nyheter","tag-utsikt-og-innsikt-pa-og-fra-langsanden","et-has-post-format-content","et_post_format-et-post-format-standard"],"yoast_head":"<!-- This site is optimized with the Yoast SEO plugin v27.5 - https:\/\/yoast.com\/product\/yoast-seo-wordpress\/ -->\n<title>Utsikt og innsikt p\u00e5 og fra Langsanden - NSFF Magasin | Norsk Selskap for Fotografi<\/title>\n<meta name=\"robots\" content=\"index, follow, max-snippet:-1, max-image-preview:large, max-video-preview:-1\" \/>\n<link rel=\"canonical\" href=\"https:\/\/nsff.no\/magasinet\/2024\/06\/10\/utsikt-og-innsikt-pa-og-fra-langsanden\/\" \/>\n<meta property=\"og:locale\" content=\"nb_NO\" \/>\n<meta property=\"og:type\" content=\"article\" \/>\n<meta property=\"og:title\" content=\"Utsikt og innsikt p\u00e5 og fra Langsanden\" \/>\n<meta property=\"og:description\" content=\"Utsikt og innsikt p\u00e5 og fra Langsanden\" \/>\n<meta property=\"og:url\" content=\"https:\/\/nsff.no\/magasinet\/2024\/06\/10\/utsikt-og-innsikt-pa-og-fra-langsanden\/\" \/>\n<meta property=\"og:site_name\" content=\"NSFF Magasin | Norsk Selskap for Fotografi\" \/>\n<meta property=\"article:published_time\" content=\"2024-06-10T12:57:10+00:00\" \/>\n<meta property=\"article:modified_time\" content=\"2024-07-06T16:55:26+00:00\" \/>\n<meta property=\"og:image\" content=\"https:\/\/nsff.no\/magasinet\/wp-content\/uploads\/sites\/2\/2024\/06\/Langsanden.NSFF-1-scaled.jpg\" \/>\n\t<meta property=\"og:image:width\" content=\"2560\" \/>\n\t<meta property=\"og:image:height\" content=\"1707\" \/>\n\t<meta property=\"og:image:type\" content=\"image\/jpeg\" \/>\n<meta name=\"author\" content=\"Petter Kj\u00e6rnes\" \/>\n<meta name=\"twitter:card\" content=\"summary_large_image\" \/>\n<meta name=\"twitter:label1\" content=\"Skrevet av\" \/>\n\t<meta name=\"twitter:data1\" content=\"Petter Kj\u00e6rnes\" \/>\n\t<meta name=\"twitter:label2\" content=\"Ansl. lesetid\" \/>\n\t<meta name=\"twitter:data2\" content=\"3 minutter\" \/>\n<script type=\"application\/ld+json\" class=\"yoast-schema-graph\">{\"@context\":\"https:\\\/\\\/schema.org\",\"@graph\":[{\"@type\":\"Article\",\"@id\":\"https:\\\/\\\/nsff.no\\\/magasinet\\\/2024\\\/06\\\/10\\\/utsikt-og-innsikt-pa-og-fra-langsanden\\\/#article\",\"isPartOf\":{\"@id\":\"https:\\\/\\\/nsff.no\\\/magasinet\\\/2024\\\/06\\\/10\\\/utsikt-og-innsikt-pa-og-fra-langsanden\\\/\"},\"author\":{\"name\":\"Petter Kj\u00e6rnes\",\"@id\":\"https:\\\/\\\/nsff.no\\\/magasinet\\\/#\\\/schema\\\/person\\\/a90f15be3006867e499eaa4f082c52c0\"},\"headline\":\"Utsikt og innsikt p\u00e5 og fra Langsanden\",\"datePublished\":\"2024-06-10T12:57:10+00:00\",\"dateModified\":\"2024-07-06T16:55:26+00:00\",\"mainEntityOfPage\":{\"@id\":\"https:\\\/\\\/nsff.no\\\/magasinet\\\/2024\\\/06\\\/10\\\/utsikt-og-innsikt-pa-og-fra-langsanden\\\/\"},\"wordCount\":552,\"commentCount\":0,\"publisher\":{\"@id\":\"https:\\\/\\\/nsff.no\\\/magasinet\\\/#organization\"},\"image\":{\"@id\":\"https:\\\/\\\/nsff.no\\\/magasinet\\\/2024\\\/06\\\/10\\\/utsikt-og-innsikt-pa-og-fra-langsanden\\\/#primaryimage\"},\"thumbnailUrl\":\"https:\\\/\\\/nsff.no\\\/magasinet\\\/wp-content\\\/uploads\\\/sites\\\/2\\\/2024\\\/06\\\/Langsanden.NSFF-1-scaled.jpg\",\"keywords\":[\"Utsikt og innsikt p\u00e5 og fra Langsanden\"],\"articleSection\":[\"Inspirasjon\",\"Nyheter\"],\"inLanguage\":\"nb-NO\",\"potentialAction\":[{\"@type\":\"CommentAction\",\"name\":\"Comment\",\"target\":[\"https:\\\/\\\/nsff.no\\\/magasinet\\\/2024\\\/06\\\/10\\\/utsikt-og-innsikt-pa-og-fra-langsanden\\\/#respond\"]}]},{\"@type\":\"WebPage\",\"@id\":\"https:\\\/\\\/nsff.no\\\/magasinet\\\/2024\\\/06\\\/10\\\/utsikt-og-innsikt-pa-og-fra-langsanden\\\/\",\"url\":\"https:\\\/\\\/nsff.no\\\/magasinet\\\/2024\\\/06\\\/10\\\/utsikt-og-innsikt-pa-og-fra-langsanden\\\/\",\"name\":\"Utsikt og innsikt p\u00e5 og fra Langsanden - NSFF Magasin | Norsk Selskap for Fotografi\",\"isPartOf\":{\"@id\":\"https:\\\/\\\/nsff.no\\\/magasinet\\\/#website\"},\"primaryImageOfPage\":{\"@id\":\"https:\\\/\\\/nsff.no\\\/magasinet\\\/2024\\\/06\\\/10\\\/utsikt-og-innsikt-pa-og-fra-langsanden\\\/#primaryimage\"},\"image\":{\"@id\":\"https:\\\/\\\/nsff.no\\\/magasinet\\\/2024\\\/06\\\/10\\\/utsikt-og-innsikt-pa-og-fra-langsanden\\\/#primaryimage\"},\"thumbnailUrl\":\"https:\\\/\\\/nsff.no\\\/magasinet\\\/wp-content\\\/uploads\\\/sites\\\/2\\\/2024\\\/06\\\/Langsanden.NSFF-1-scaled.jpg\",\"datePublished\":\"2024-06-10T12:57:10+00:00\",\"dateModified\":\"2024-07-06T16:55:26+00:00\",\"breadcrumb\":{\"@id\":\"https:\\\/\\\/nsff.no\\\/magasinet\\\/2024\\\/06\\\/10\\\/utsikt-og-innsikt-pa-og-fra-langsanden\\\/#breadcrumb\"},\"inLanguage\":\"nb-NO\",\"potentialAction\":[{\"@type\":\"ReadAction\",\"target\":[\"https:\\\/\\\/nsff.no\\\/magasinet\\\/2024\\\/06\\\/10\\\/utsikt-og-innsikt-pa-og-fra-langsanden\\\/\"]}]},{\"@type\":\"ImageObject\",\"inLanguage\":\"nb-NO\",\"@id\":\"https:\\\/\\\/nsff.no\\\/magasinet\\\/2024\\\/06\\\/10\\\/utsikt-og-innsikt-pa-og-fra-langsanden\\\/#primaryimage\",\"url\":\"https:\\\/\\\/nsff.no\\\/magasinet\\\/wp-content\\\/uploads\\\/sites\\\/2\\\/2024\\\/06\\\/Langsanden.NSFF-1-scaled.jpg\",\"contentUrl\":\"https:\\\/\\\/nsff.no\\\/magasinet\\\/wp-content\\\/uploads\\\/sites\\\/2\\\/2024\\\/06\\\/Langsanden.NSFF-1-scaled.jpg\",\"width\":2560,\"height\":1707,\"caption\":\"Langsanden\"},{\"@type\":\"BreadcrumbList\",\"@id\":\"https:\\\/\\\/nsff.no\\\/magasinet\\\/2024\\\/06\\\/10\\\/utsikt-og-innsikt-pa-og-fra-langsanden\\\/#breadcrumb\",\"itemListElement\":[{\"@type\":\"ListItem\",\"position\":1,\"name\":\"Hjem\",\"item\":\"https:\\\/\\\/nsff.no\\\/magasinet\\\/\"},{\"@type\":\"ListItem\",\"position\":2,\"name\":\"Utsikt og innsikt p\u00e5 og fra Langsanden\"}]},{\"@type\":\"WebSite\",\"@id\":\"https:\\\/\\\/nsff.no\\\/magasinet\\\/#website\",\"url\":\"https:\\\/\\\/nsff.no\\\/magasinet\\\/\",\"name\":\"NSFF Magasin | Norsk Selskap for Fotografi\",\"description\":\"Medlemsmagasin for film- og fotoentusiaster\",\"publisher\":{\"@id\":\"https:\\\/\\\/nsff.no\\\/magasinet\\\/#organization\"},\"potentialAction\":[{\"@type\":\"SearchAction\",\"target\":{\"@type\":\"EntryPoint\",\"urlTemplate\":\"https:\\\/\\\/nsff.no\\\/magasinet\\\/?s={search_term_string}\"},\"query-input\":{\"@type\":\"PropertyValueSpecification\",\"valueRequired\":true,\"valueName\":\"search_term_string\"}}],\"inLanguage\":\"nb-NO\"},{\"@type\":\"Organization\",\"@id\":\"https:\\\/\\\/nsff.no\\\/magasinet\\\/#organization\",\"name\":\"Norsk Selskap for Fotografo\",\"url\":\"https:\\\/\\\/nsff.no\\\/magasinet\\\/\",\"logo\":{\"@type\":\"ImageObject\",\"inLanguage\":\"nb-NO\",\"@id\":\"https:\\\/\\\/nsff.no\\\/magasinet\\\/#\\\/schema\\\/logo\\\/image\\\/\",\"url\":\"https:\\\/\\\/nsff.no\\\/magasinet\\\/wp-content\\\/uploads\\\/sites\\\/2\\\/2016\\\/05\\\/NSFF-fb-lenkebilde.png\",\"contentUrl\":\"https:\\\/\\\/nsff.no\\\/magasinet\\\/wp-content\\\/uploads\\\/sites\\\/2\\\/2016\\\/05\\\/NSFF-fb-lenkebilde.png\",\"width\":1,\"height\":1,\"caption\":\"Norsk Selskap for Fotografo\"},\"image\":{\"@id\":\"https:\\\/\\\/nsff.no\\\/magasinet\\\/#\\\/schema\\\/logo\\\/image\\\/\"}},{\"@type\":\"Person\",\"@id\":\"https:\\\/\\\/nsff.no\\\/magasinet\\\/#\\\/schema\\\/person\\\/a90f15be3006867e499eaa4f082c52c0\",\"name\":\"Petter Kj\u00e6rnes\",\"image\":{\"@type\":\"ImageObject\",\"inLanguage\":\"nb-NO\",\"@id\":\"https:\\\/\\\/secure.gravatar.com\\\/avatar\\\/206ddd4ff7a8f156660f3c9b47935482bcb387bc6c860870d84a6b2fac20b94f?s=96&d=mm&r=g\",\"url\":\"https:\\\/\\\/secure.gravatar.com\\\/avatar\\\/206ddd4ff7a8f156660f3c9b47935482bcb387bc6c860870d84a6b2fac20b94f?s=96&d=mm&r=g\",\"contentUrl\":\"https:\\\/\\\/secure.gravatar.com\\\/avatar\\\/206ddd4ff7a8f156660f3c9b47935482bcb387bc6c860870d84a6b2fac20b94f?s=96&d=mm&r=g\",\"caption\":\"Petter Kj\u00e6rnes\"},\"description\":\"Leder Gildesk\u00e5l fotoklubb, regionkontakt Nordland\",\"url\":\"https:\\\/\\\/nsff.no\\\/magasinet\\\/author\\\/petterkjaernes\\\/\"}]}<\/script>\n<!-- \/ Yoast SEO plugin. -->","yoast_head_json":{"title":"Utsikt og innsikt p\u00e5 og fra Langsanden - NSFF Magasin | Norsk Selskap for Fotografi","robots":{"index":"index","follow":"follow","max-snippet":"max-snippet:-1","max-image-preview":"max-image-preview:large","max-video-preview":"max-video-preview:-1"},"canonical":"https:\/\/nsff.no\/magasinet\/2024\/06\/10\/utsikt-og-innsikt-pa-og-fra-langsanden\/","og_locale":"nb_NO","og_type":"article","og_title":"Utsikt og innsikt p\u00e5 og fra Langsanden","og_description":"Utsikt og innsikt p\u00e5 og fra Langsanden","og_url":"https:\/\/nsff.no\/magasinet\/2024\/06\/10\/utsikt-og-innsikt-pa-og-fra-langsanden\/","og_site_name":"NSFF Magasin | Norsk Selskap for Fotografi","article_published_time":"2024-06-10T12:57:10+00:00","article_modified_time":"2024-07-06T16:55:26+00:00","og_image":[{"width":2560,"height":1707,"url":"https:\/\/nsff.no\/magasinet\/wp-content\/uploads\/sites\/2\/2024\/06\/Langsanden.NSFF-1-scaled.jpg","type":"image\/jpeg"}],"author":"Petter Kj\u00e6rnes","twitter_card":"summary_large_image","twitter_misc":{"Skrevet av":"Petter Kj\u00e6rnes","Ansl. lesetid":"3 minutter"},"schema":{"@context":"https:\/\/schema.org","@graph":[{"@type":"Article","@id":"https:\/\/nsff.no\/magasinet\/2024\/06\/10\/utsikt-og-innsikt-pa-og-fra-langsanden\/#article","isPartOf":{"@id":"https:\/\/nsff.no\/magasinet\/2024\/06\/10\/utsikt-og-innsikt-pa-og-fra-langsanden\/"},"author":{"name":"Petter Kj\u00e6rnes","@id":"https:\/\/nsff.no\/magasinet\/#\/schema\/person\/a90f15be3006867e499eaa4f082c52c0"},"headline":"Utsikt og innsikt p\u00e5 og fra Langsanden","datePublished":"2024-06-10T12:57:10+00:00","dateModified":"2024-07-06T16:55:26+00:00","mainEntityOfPage":{"@id":"https:\/\/nsff.no\/magasinet\/2024\/06\/10\/utsikt-og-innsikt-pa-og-fra-langsanden\/"},"wordCount":552,"commentCount":0,"publisher":{"@id":"https:\/\/nsff.no\/magasinet\/#organization"},"image":{"@id":"https:\/\/nsff.no\/magasinet\/2024\/06\/10\/utsikt-og-innsikt-pa-og-fra-langsanden\/#primaryimage"},"thumbnailUrl":"https:\/\/nsff.no\/magasinet\/wp-content\/uploads\/sites\/2\/2024\/06\/Langsanden.NSFF-1-scaled.jpg","keywords":["Utsikt og innsikt p\u00e5 og fra Langsanden"],"articleSection":["Inspirasjon","Nyheter"],"inLanguage":"nb-NO","potentialAction":[{"@type":"CommentAction","name":"Comment","target":["https:\/\/nsff.no\/magasinet\/2024\/06\/10\/utsikt-og-innsikt-pa-og-fra-langsanden\/#respond"]}]},{"@type":"WebPage","@id":"https:\/\/nsff.no\/magasinet\/2024\/06\/10\/utsikt-og-innsikt-pa-og-fra-langsanden\/","url":"https:\/\/nsff.no\/magasinet\/2024\/06\/10\/utsikt-og-innsikt-pa-og-fra-langsanden\/","name":"Utsikt og innsikt p\u00e5 og fra Langsanden - NSFF Magasin | Norsk Selskap for Fotografi","isPartOf":{"@id":"https:\/\/nsff.no\/magasinet\/#website"},"primaryImageOfPage":{"@id":"https:\/\/nsff.no\/magasinet\/2024\/06\/10\/utsikt-og-innsikt-pa-og-fra-langsanden\/#primaryimage"},"image":{"@id":"https:\/\/nsff.no\/magasinet\/2024\/06\/10\/utsikt-og-innsikt-pa-og-fra-langsanden\/#primaryimage"},"thumbnailUrl":"https:\/\/nsff.no\/magasinet\/wp-content\/uploads\/sites\/2\/2024\/06\/Langsanden.NSFF-1-scaled.jpg","datePublished":"2024-06-10T12:57:10+00:00","dateModified":"2024-07-06T16:55:26+00:00","breadcrumb":{"@id":"https:\/\/nsff.no\/magasinet\/2024\/06\/10\/utsikt-og-innsikt-pa-og-fra-langsanden\/#breadcrumb"},"inLanguage":"nb-NO","potentialAction":[{"@type":"ReadAction","target":["https:\/\/nsff.no\/magasinet\/2024\/06\/10\/utsikt-og-innsikt-pa-og-fra-langsanden\/"]}]},{"@type":"ImageObject","inLanguage":"nb-NO","@id":"https:\/\/nsff.no\/magasinet\/2024\/06\/10\/utsikt-og-innsikt-pa-og-fra-langsanden\/#primaryimage","url":"https:\/\/nsff.no\/magasinet\/wp-content\/uploads\/sites\/2\/2024\/06\/Langsanden.NSFF-1-scaled.jpg","contentUrl":"https:\/\/nsff.no\/magasinet\/wp-content\/uploads\/sites\/2\/2024\/06\/Langsanden.NSFF-1-scaled.jpg","width":2560,"height":1707,"caption":"Langsanden"},{"@type":"BreadcrumbList","@id":"https:\/\/nsff.no\/magasinet\/2024\/06\/10\/utsikt-og-innsikt-pa-og-fra-langsanden\/#breadcrumb","itemListElement":[{"@type":"ListItem","position":1,"name":"Hjem","item":"https:\/\/nsff.no\/magasinet\/"},{"@type":"ListItem","position":2,"name":"Utsikt og innsikt p\u00e5 og fra Langsanden"}]},{"@type":"WebSite","@id":"https:\/\/nsff.no\/magasinet\/#website","url":"https:\/\/nsff.no\/magasinet\/","name":"NSFF Magasin | Norsk Selskap for Fotografi","description":"Medlemsmagasin for film- og fotoentusiaster","publisher":{"@id":"https:\/\/nsff.no\/magasinet\/#organization"},"potentialAction":[{"@type":"SearchAction","target":{"@type":"EntryPoint","urlTemplate":"https:\/\/nsff.no\/magasinet\/?s={search_term_string}"},"query-input":{"@type":"PropertyValueSpecification","valueRequired":true,"valueName":"search_term_string"}}],"inLanguage":"nb-NO"},{"@type":"Organization","@id":"https:\/\/nsff.no\/magasinet\/#organization","name":"Norsk Selskap for Fotografo","url":"https:\/\/nsff.no\/magasinet\/","logo":{"@type":"ImageObject","inLanguage":"nb-NO","@id":"https:\/\/nsff.no\/magasinet\/#\/schema\/logo\/image\/","url":"https:\/\/nsff.no\/magasinet\/wp-content\/uploads\/sites\/2\/2016\/05\/NSFF-fb-lenkebilde.png","contentUrl":"https:\/\/nsff.no\/magasinet\/wp-content\/uploads\/sites\/2\/2016\/05\/NSFF-fb-lenkebilde.png","width":1,"height":1,"caption":"Norsk Selskap for Fotografo"},"image":{"@id":"https:\/\/nsff.no\/magasinet\/#\/schema\/logo\/image\/"}},{"@type":"Person","@id":"https:\/\/nsff.no\/magasinet\/#\/schema\/person\/a90f15be3006867e499eaa4f082c52c0","name":"Petter Kj\u00e6rnes","image":{"@type":"ImageObject","inLanguage":"nb-NO","@id":"https:\/\/secure.gravatar.com\/avatar\/206ddd4ff7a8f156660f3c9b47935482bcb387bc6c860870d84a6b2fac20b94f?s=96&d=mm&r=g","url":"https:\/\/secure.gravatar.com\/avatar\/206ddd4ff7a8f156660f3c9b47935482bcb387bc6c860870d84a6b2fac20b94f?s=96&d=mm&r=g","contentUrl":"https:\/\/secure.gravatar.com\/avatar\/206ddd4ff7a8f156660f3c9b47935482bcb387bc6c860870d84a6b2fac20b94f?s=96&d=mm&r=g","caption":"Petter Kj\u00e6rnes"},"description":"Leder Gildesk\u00e5l fotoklubb, regionkontakt Nordland","url":"https:\/\/nsff.no\/magasinet\/author\/petterkjaernes\/"}]}},"_links":{"self":[{"href":"https:\/\/nsff.no\/magasinet\/wp-json\/wp\/v2\/posts\/14575","targetHints":{"allow":["GET"]}}],"collection":[{"href":"https:\/\/nsff.no\/magasinet\/wp-json\/wp\/v2\/posts"}],"about":[{"href":"https:\/\/nsff.no\/magasinet\/wp-json\/wp\/v2\/types\/post"}],"author":[{"embeddable":true,"href":"https:\/\/nsff.no\/magasinet\/wp-json\/wp\/v2\/users\/96"}],"replies":[{"embeddable":true,"href":"https:\/\/nsff.no\/magasinet\/wp-json\/wp\/v2\/comments?post=14575"}],"version-history":[{"count":20,"href":"https:\/\/nsff.no\/magasinet\/wp-json\/wp\/v2\/posts\/14575\/revisions"}],"predecessor-version":[{"id":14616,"href":"https:\/\/nsff.no\/magasinet\/wp-json\/wp\/v2\/posts\/14575\/revisions\/14616"}],"wp:featuredmedia":[{"embeddable":true,"href":"https:\/\/nsff.no\/magasinet\/wp-json\/wp\/v2\/media\/14607"}],"wp:attachment":[{"href":"https:\/\/nsff.no\/magasinet\/wp-json\/wp\/v2\/media?parent=14575"}],"wp:term":[{"taxonomy":"category","embeddable":true,"href":"https:\/\/nsff.no\/magasinet\/wp-json\/wp\/v2\/categories?post=14575"},{"taxonomy":"post_tag","embeddable":true,"href":"https:\/\/nsff.no\/magasinet\/wp-json\/wp\/v2\/tags?post=14575"}],"curies":[{"name":"wp","href":"https:\/\/api.w.org\/{rel}","templated":true}]}}