{"id":14088,"date":"2025-03-24T21:48:18","date_gmt":"2025-03-24T20:48:18","guid":{"rendered":"https:\/\/nsff.no\/magasinet\/?p=14088"},"modified":"2025-03-25T13:19:52","modified_gmt":"2025-03-25T12:19:52","slug":"haugesund-fotofestival-arrangert-av-jan-kare-ness","status":"publish","type":"post","link":"https:\/\/nsff.no\/magasinet\/2025\/03\/24\/haugesund-fotofestival-arrangert-av-jan-kare-ness\/","title":{"rendered":"Haugesund fotofestival &#8211; Arrangert av Jan K\u00e5re Ness"},"content":{"rendered":"<p>[et_pb_section fb_built=&raquo;1&#8243; _builder_version=&raquo;4.24.3&#8243; _module_preset=&raquo;default&raquo; global_colors_info=&raquo;{}&raquo;][et_pb_row _builder_version=&raquo;4.24.3&#8243; _module_preset=&raquo;default&raquo; global_colors_info=&raquo;{}&raquo;][et_pb_column type=&raquo;4_4&#8243; _builder_version=&raquo;4.24.3&#8243; _module_preset=&raquo;default&raquo; global_colors_info=&raquo;{}&raquo;][et_pb_image src=&raquo;https:\/\/nsff.no\/magasinet\/wp-content\/uploads\/sites\/2\/2025\/03\/5.jpg&raquo; align=&raquo;center&raquo; _builder_version=&raquo;4.27.4&#8243; _module_preset=&raquo;default&raquo; width=&raquo;80%&raquo; max_width=&raquo;80%&raquo; global_colors_info=&raquo;{}&raquo;][\/et_pb_image][et_pb_text _builder_version=&raquo;4.27.4&#8243; _module_preset=&raquo;default&raquo; global_colors_info=&raquo;{}&raquo;]<\/p>\n<p style=\"text-align: center\"><strong>Tekst og bilder i artikkelen: <\/strong>Jan K\u00e5re Ness, Kristian Eidesvik, Carina Johansen, Helge S\u00f8gneboth, Trond Westby og Inger Postvoll<\/p>\n<p>&#8211; Rundt \u00e5rtusenskiftet ble jeg invitert til Sauda fotoklubb for \u00e5 vise fuglebilder fra Hardangervidda. Klubben kalte arrangementet \u00abVillmarkskveld\u00bb Det var sikkert 60-70 framm\u00f8tte. Da jeg kj\u00f8rte hjem, tenkte jeg at det burde v\u00e6re mulig \u00e5 arrangere noe lignende i Haugesund.<\/p>\n<p>H\u00f8sten 2002 satte Jan K\u00e5re derfor inn inn ei annonse i Haugesunds Avis om \u00abVillmarkskveld\u00bb p\u00e5 Hemmingstad bydelshus. Naturfotograf Ole Jacob Vorraa og han viste bilder. Det kom 80-90 personer.<\/p>\n<p>&nbsp;<\/p>\n<p>[\/et_pb_text][et_pb_image src=&raquo;https:\/\/nsff.no\/magasinet\/wp-content\/uploads\/sites\/2\/2025\/03\/14.jpg&raquo; align=&raquo;center&raquo; _builder_version=&raquo;4.27.4&#8243; _module_preset=&raquo;default&raquo; width=&raquo;80%&raquo; max_width=&raquo;80%&raquo; global_colors_info=&raquo;{}&raquo;][\/et_pb_image][et_pb_text _builder_version=&raquo;4.27.4&#8243; _module_preset=&raquo;default&raquo; global_colors_info=&raquo;{}&raquo;]<\/p>\n<p>Jeg hadde denne varianten i tre \u00e5r, f\u00f8r det ble problemer med \u00e5 f\u00e5 leie salen grunnet langtidskontrakter til andre organisasjoner. Derfor gikk det \u00e5tte \u00e5r uten noen \u00abVillmarkskveld\u00bb, men i 2012 startet jeg opp igjen i kulturhuset \u00abGamle Slaktehuset\u00bb i Haugesund. \u00abVillmarkskveld\u00bb ble da erstattet med en hel l\u00f8rdag og kalt \u00abVillmarksdag\u00bb. \u00c5tte naturfotografer viste bilder denne f\u00f8rste gangen. Stavanger foto ble invitert til \u00e5 ha stand og de m\u00f8tte opp med tre ansatte. Haugaland fotoklubb fikk ogs\u00e5 muligheten til \u00e5 profilere seg. I tillegg fikk medlemmer i den lokale fotoklubben rabatterte billettpriser.\u00a0 Det ble godt oppm\u00f8te fra natur- og fotointeresserte fra Stord i nord til J\u00e6ren i s\u00f8r og Odda i \u00f8st til Utsira i vest.<\/p>\n<p>&nbsp;<\/p>\n<p>[\/et_pb_text][et_pb_image src=&raquo;https:\/\/nsff.no\/magasinet\/wp-content\/uploads\/sites\/2\/2025\/03\/8.jpg&raquo; align=&raquo;center&raquo; _builder_version=&raquo;4.27.4&#8243; _module_preset=&raquo;default&raquo; width=&raquo;80%&raquo; max_width=&raquo;80%&raquo; global_colors_info=&raquo;{}&raquo;][\/et_pb_image][et_pb_text _builder_version=&raquo;4.27.4&#8243; _module_preset=&raquo;default&raquo; global_colors_info=&raquo;{}&raquo;]<\/p>\n<p>Grunnet lekkasje i taket i \u00abGamle Slaktehuset\u00bb \u00e5ret etter ble \u00abVillmarksdagen\u00bb hasteforflyttet til byens storstue i Hotel Maritim. Her var det gode stoler i amfi, sv\u00e6rt stort lerret og god lyd. Dette ble en heving av opplevelsen for de bes\u00f8kende.\u00a0 Senere ble arrangementet utvidet til to foredrag fredags kveld og fire l\u00f8rdagen.<\/p>\n<p>&#8211; Da f\u00f8ltes det naturlig med en ny navneendring; \u00abHaugesund fotofestival\u00bb Ved \u00e5 kalle arrangementet for festival, kunne andre sjangre innen foto implementeres; gatefoto, pressefoto, kreativ foto mm.<\/p>\n<p>Flere tilreisende bodde p\u00e5 hotel og noen hadde et d\u00f8gn i Haugesund, nesten som en guttetur.<\/p>\n<p>&#8211; Selv om de aller fleste fotografene som har vist bilder p\u00e5 Haugesund fotofestival, har har v\u00e6rt bosatt i Rogaland, valgte jeg i\u00a0 2020 \u00e5 droppe flyb\u00e5rne foredragsholdere relatert til klimakrisen. Derfor er n\u00e5 kun fotografer i fylkene Vestland og Rogaland aktuelle p\u00e5 festivalen.<\/p>\n<p>&nbsp;<\/p>\n<p>[\/et_pb_text][et_pb_image src=&raquo;https:\/\/nsff.no\/magasinet\/wp-content\/uploads\/sites\/2\/2025\/03\/33.jpg&raquo; title_text=&raquo;OLYMPUS DIGITAL CAMERA&raquo; align=&raquo;center&raquo; _builder_version=&raquo;4.27.4&#8243; _module_preset=&raquo;default&raquo; width=&raquo;80%&raquo; max_width=&raquo;80%&raquo; global_colors_info=&raquo;{}&raquo;][\/et_pb_image][et_pb_text _builder_version=&raquo;4.27.4&#8243; _module_preset=&raquo;default&raquo; global_colors_info=&raquo;{}&raquo;]<\/p>\n<div dir=\"ltr\" data-olk-copy-source=\"MessageBody\">I 2024 stilte underst\u00e5ende fotografer p\u00e5 arrangementet, i tillegg til at Jan K\u00e5re viste et utvalg bilder:<\/div>\n<div dir=\"ltr\" data-olk-copy-source=\"MessageBody\">\u00a0<\/div>\n<div dir=\"ltr\" data-olk-copy-source=\"MessageBody\">\u00a0<\/div>\n<h2 dir=\"ltr\" data-olk-copy-source=\"MessageBody\">Kristian Eidesvik<\/h2>\n<div dir=\"ltr\" data-olk-copy-source=\"MessageBody\">\u00a0<\/div>\n<div dir=\"ltr\" data-olk-copy-source=\"MessageBody\">&#8211; Jeg har drevet eget fotostudio tidligere og v\u00e6rt &laquo;bl\u00e5lysfotograf&raquo;, forteller han<\/div>\n<div dir=\"ltr\" data-olk-copy-source=\"MessageBody\">\u00a0<\/div>\n<div dir=\"ltr\" data-olk-copy-source=\"MessageBody\">Ellers er han selvl\u00e6rt med s\u00e6rlig interesse \u00a0for Nordlysbilder. P\u00e5 facebooksiden &laquo;Nordlyshaugalandet&raquo; har han litt i underkant av 8000 medlemmer. Til daglig jobber han i Ahlsell som tilbudsanvarlig, men p\u00e5 fritiden driver han med videoproduksjon og foto. Julen 2024 sendte TV Haugaland fem programmer med serien \u00abBak Artisten\u00bb, en dokumentar av kjente artister, Hanne S\u00f8rvaag, Matti R\u00f8ssland, Tony Poptamas og Graham John Smith.<\/div>\n<div dir=\"ltr\">\u00a0<\/div>\n<div dir=\"ltr\">\u00a0<\/div>\n<div dir=\"ltr\">Noen av bildene Kristian Eidesvik viste p\u00e5 arrangementet i 2024:<\/div>\n<div id=\"x_x_ms-outlook-mobile-signature\">\n<div dir=\"ltr\">\u00a0<\/div>\n<div dir=\"ltr\">\n<div dir=\"ltr\">\u00a0<\/div>\n<\/div>\n<\/div>\n<p>[\/et_pb_text][et_pb_gallery gallery_ids=&raquo;16977,16978,16979,16981&#8243; _builder_version=&raquo;4.27.4&#8243; _module_preset=&raquo;default&raquo; global_colors_info=&raquo;{}&raquo;][\/et_pb_gallery][et_pb_text _builder_version=&raquo;4.27.4&#8243; _module_preset=&raquo;default&raquo; global_colors_info=&raquo;{}&raquo;]<\/p>\n<h2 data-olk-copy-source=\"MessageBody\">Carina Johansen<\/h2>\n<div>\n<p>&#8211; Jeg trives best bak kamera, helst bak m\u00e5l p\u00e5 en fotballkamp, ute i naturen eller i m\u00f8te med spennende mennesker. Men noe av det f\u00f8rste jeg sa ja til i \u00e5r var \u00e5 holde foredrag for Haugesund fotofestival. Veldig skummelt, men ogs\u00e5 kjekt, for jeg skulle fortelle fotografer om min store lidenskap; foto! Senere har jeg holdt nye foredrag og hatt med meg en fin gjeng p\u00e5 workshop der jeg har f\u00e5tt vist hvordan jeg vanligvis dekker en fotballkamp. Jeg har jobbet som frilans presse- og sportsfotograf i Rogaland i 13 \u00e5r.<\/p>\n<\/div>\n<div>Noen av bildene Carina Johansen viste p\u00e5 arrangementet i 2024:<\/div>\n<div>\u00a0<\/div>\n<p>[\/et_pb_text][et_pb_gallery gallery_ids=&raquo;16985,16986,16987,16988&#8243; _builder_version=&raquo;4.27.4&#8243; _module_preset=&raquo;default&raquo; global_colors_info=&raquo;{}&raquo;][\/et_pb_gallery][et_pb_text _builder_version=&raquo;4.27.4&#8243; _module_preset=&raquo;default&raquo; global_colors_info=&raquo;{}&raquo;]<\/p>\n<h2>Helge S\u00f8gneboth<\/h2>\n<p>&#8211; Jeg startet med fotografering p\u00e5 midten av 1970-tallet fordi det virket spennende og utfordrende. De ti f\u00f8rste \u00e5rene ble det hundrevis av timer i m\u00f8rkerommet.<\/p>\n<div>S\u00f8gnebotten har fotografert mest landskapsfoto, var innom portrett og streetfoto i yngre dager. De siste 12-14 \u00e5rene har det blitt mest fuglefotografering.<\/div>\n<div>\u00a0<\/div>\n<div>\u00a0<\/div>\n<div>-Jeg oppdaget at dette var en mer utfordrende og krevende fotosjanger. Det er ogs\u00e5 totalt anderledes enn landskapsfoto. Bortsett fra at det kreves helt anderledes utstyr, s\u00e5 synst jeg at det fungerer greit \u00e5 kombinere fugl og landskapsfoto.\u00a0Det kjekkeste jeg har hatt i s\u00f8keren, er vanskelig \u00e5 si, men n\u00e5r ville dyr og sjeldne fugler er i s\u00f8keren og adrenalinet pumper, da trives jeg.<\/div>\n<div>\u00a0<\/div>\n<div>\u00a0<\/div>\n<div>Noen av bildene Helge S\u00f8gneboth viste p\u00e5 arrangementet i 2024:<\/div>\n<div>\u00a0<\/div>\n<div>\u00a0<\/div>\n<p>[\/et_pb_text][et_pb_gallery gallery_ids=&raquo;16997,16998,16999,17000&#8243; _builder_version=&raquo;4.27.4&#8243; _module_preset=&raquo;default&raquo; global_colors_info=&raquo;{}&raquo;][\/et_pb_gallery][et_pb_text _builder_version=&raquo;4.27.4&#8243; _module_preset=&raquo;default&raquo; hover_enabled=&raquo;0&#8243; global_colors_info=&raquo;{}&raquo; sticky_enabled=&raquo;0&#8243;]<\/p>\n<h2>Trond Westby<\/h2>\n<p><span data-olk-copy-source=\"MessageBody\">Trond Westby er en naturfotograf fra Stavanger med en lidenskap for fugler og dyr. Han bruker mye av tiden sin i n\u00e6rmilj\u00f8et for \u00e5 fange spesielle \u00f8yeblikk. Han er opptatt av \u00e5 vise at det vi har lokalt rundt &laquo;d\u00f8rene&raquo; kan v\u00e6re like spennende som \u00e5 ta p\u00e5 lange ekspidisjoner. Han reiser ogs\u00e5 \u00e5rlig til b\u00e5de Dovre og Svalbard. Det er det kalde og den arktiske naturen som tiltrekker Trond.\u00a0 Han deler ogs\u00e5 sine opplevelser og fotografiske eventyr p\u00e5 sin <strong><a href=\"https:\/\/www.youtube.com\/@trondwestby\">YouTube-kanal<\/a><\/strong>, hvor han inspirerer andre med sin kunnskap, erfaring og imponerende bilder.<\/span><\/p>\n<p>Noen av bildene Trond Westby viste p\u00e5 arrangementet i 2024:<\/p>\n<p>[\/et_pb_text][et_pb_gallery gallery_ids=&raquo;17004,17005,17006,17144&#8243; _builder_version=&raquo;4.27.4&#8243; _module_preset=&raquo;default&raquo; global_colors_info=&raquo;{}&raquo;][\/et_pb_gallery][\/et_pb_column][\/et_pb_row][\/et_pb_section]<\/p>\n","protected":false},"excerpt":{"rendered":"<p>Haugesund fotofestival 2024 &#8211; Arrangert av Jan K\u00e5re Ness<\/p>\n","protected":false},"author":41,"featured_media":17009,"comment_status":"open","ping_status":"open","sticky":false,"template":"","format":"standard","meta":{"_et_pb_use_builder":"on","_et_pb_old_content":"","_et_gb_content_width":"","footnotes":""},"categories":[260,14,623],"tags":[971,969,970],"class_list":["post-14088","post","type-post","status-publish","format-standard","has-post-thumbnail","hentry","category-foredrag","category-nyheter","category-treff","tag-haugesund-fotofestival-2024","tag-haugesund-fotofestival-2024-arrangert-av-jan-kare-ness","tag-jan-kare-ness","et-has-post-format-content","et_post_format-et-post-format-standard"],"yoast_head":"<!-- This site is optimized with the Yoast SEO plugin v27.5 - https:\/\/yoast.com\/product\/yoast-seo-wordpress\/ -->\n<title>Haugesund fotofestival - Arrangert av Jan K\u00e5re Ness - NSFF Magasin | Norsk Selskap for Fotografi<\/title>\n<meta name=\"robots\" content=\"index, follow, max-snippet:-1, max-image-preview:large, max-video-preview:-1\" \/>\n<link rel=\"canonical\" href=\"https:\/\/nsff.no\/magasinet\/2025\/03\/24\/haugesund-fotofestival-arrangert-av-jan-kare-ness\/\" \/>\n<meta property=\"og:locale\" content=\"nb_NO\" \/>\n<meta property=\"og:type\" content=\"article\" \/>\n<meta property=\"og:title\" content=\"Haugesund fotofestival 2024 - Arrangert av Jan K\u00e5re Ness\" \/>\n<meta property=\"og:description\" content=\"Haugesund fotofestival 2024 - Arrangert av Jan K\u00e5re Ness\" \/>\n<meta property=\"og:url\" content=\"https:\/\/nsff.no\/magasinet\/2025\/03\/24\/haugesund-fotofestival-arrangert-av-jan-kare-ness\/\" \/>\n<meta property=\"og:site_name\" content=\"NSFF Magasin | Norsk Selskap for Fotografi\" \/>\n<meta property=\"article:published_time\" content=\"2025-03-24T20:48:18+00:00\" \/>\n<meta property=\"article:modified_time\" content=\"2025-03-25T12:19:52+00:00\" \/>\n<meta property=\"og:image\" content=\"https:\/\/nsff.no\/magasinet\/wp-content\/uploads\/sites\/2\/2025\/03\/7-1024x768.jpg\" \/>\n\t<meta property=\"og:image:width\" content=\"1024\" \/>\n\t<meta property=\"og:image:height\" content=\"768\" \/>\n\t<meta property=\"og:image:type\" content=\"image\/jpeg\" \/>\n<meta name=\"author\" content=\"Inger Postvoll\" \/>\n<meta name=\"twitter:card\" content=\"summary_large_image\" \/>\n<meta name=\"twitter:label1\" content=\"Skrevet av\" \/>\n\t<meta name=\"twitter:data1\" content=\"Inger Postvoll\" \/>\n\t<meta name=\"twitter:label2\" content=\"Ansl. lesetid\" \/>\n\t<meta name=\"twitter:data2\" content=\"9 minutter\" \/>\n<script type=\"application\/ld+json\" class=\"yoast-schema-graph\">{\"@context\":\"https:\\\/\\\/schema.org\",\"@graph\":[{\"@type\":\"Article\",\"@id\":\"https:\\\/\\\/nsff.no\\\/magasinet\\\/2025\\\/03\\\/24\\\/haugesund-fotofestival-arrangert-av-jan-kare-ness\\\/#article\",\"isPartOf\":{\"@id\":\"https:\\\/\\\/nsff.no\\\/magasinet\\\/2025\\\/03\\\/24\\\/haugesund-fotofestival-arrangert-av-jan-kare-ness\\\/\"},\"author\":{\"name\":\"Inger Postvoll\",\"@id\":\"https:\\\/\\\/nsff.no\\\/magasinet\\\/#\\\/schema\\\/person\\\/b3f691ff0db3022e1c1c729ce5d53086\"},\"headline\":\"Haugesund fotofestival &#8211; Arrangert av Jan K\u00e5re Ness\",\"datePublished\":\"2025-03-24T20:48:18+00:00\",\"dateModified\":\"2025-03-25T12:19:52+00:00\",\"mainEntityOfPage\":{\"@id\":\"https:\\\/\\\/nsff.no\\\/magasinet\\\/2025\\\/03\\\/24\\\/haugesund-fotofestival-arrangert-av-jan-kare-ness\\\/\"},\"wordCount\":1148,\"commentCount\":0,\"publisher\":{\"@id\":\"https:\\\/\\\/nsff.no\\\/magasinet\\\/#organization\"},\"image\":{\"@id\":\"https:\\\/\\\/nsff.no\\\/magasinet\\\/2025\\\/03\\\/24\\\/haugesund-fotofestival-arrangert-av-jan-kare-ness\\\/#primaryimage\"},\"thumbnailUrl\":\"https:\\\/\\\/nsff.no\\\/magasinet\\\/wp-content\\\/uploads\\\/sites\\\/2\\\/2025\\\/03\\\/7.jpg\",\"keywords\":[\"Haugesund fotofestival 2024\",\"Haugesund fotofestival 2024 - Arrangert av Jan K\u00e5re Ness\",\"Jan K\u00e5re Ness\"],\"articleSection\":[\"Foredrag\",\"Nyheter\",\"Treff\"],\"inLanguage\":\"nb-NO\",\"potentialAction\":[{\"@type\":\"CommentAction\",\"name\":\"Comment\",\"target\":[\"https:\\\/\\\/nsff.no\\\/magasinet\\\/2025\\\/03\\\/24\\\/haugesund-fotofestival-arrangert-av-jan-kare-ness\\\/#respond\"]}]},{\"@type\":\"WebPage\",\"@id\":\"https:\\\/\\\/nsff.no\\\/magasinet\\\/2025\\\/03\\\/24\\\/haugesund-fotofestival-arrangert-av-jan-kare-ness\\\/\",\"url\":\"https:\\\/\\\/nsff.no\\\/magasinet\\\/2025\\\/03\\\/24\\\/haugesund-fotofestival-arrangert-av-jan-kare-ness\\\/\",\"name\":\"Haugesund fotofestival - Arrangert av Jan K\u00e5re Ness - NSFF Magasin | Norsk Selskap for Fotografi\",\"isPartOf\":{\"@id\":\"https:\\\/\\\/nsff.no\\\/magasinet\\\/#website\"},\"primaryImageOfPage\":{\"@id\":\"https:\\\/\\\/nsff.no\\\/magasinet\\\/2025\\\/03\\\/24\\\/haugesund-fotofestival-arrangert-av-jan-kare-ness\\\/#primaryimage\"},\"image\":{\"@id\":\"https:\\\/\\\/nsff.no\\\/magasinet\\\/2025\\\/03\\\/24\\\/haugesund-fotofestival-arrangert-av-jan-kare-ness\\\/#primaryimage\"},\"thumbnailUrl\":\"https:\\\/\\\/nsff.no\\\/magasinet\\\/wp-content\\\/uploads\\\/sites\\\/2\\\/2025\\\/03\\\/7.jpg\",\"datePublished\":\"2025-03-24T20:48:18+00:00\",\"dateModified\":\"2025-03-25T12:19:52+00:00\",\"breadcrumb\":{\"@id\":\"https:\\\/\\\/nsff.no\\\/magasinet\\\/2025\\\/03\\\/24\\\/haugesund-fotofestival-arrangert-av-jan-kare-ness\\\/#breadcrumb\"},\"inLanguage\":\"nb-NO\",\"potentialAction\":[{\"@type\":\"ReadAction\",\"target\":[\"https:\\\/\\\/nsff.no\\\/magasinet\\\/2025\\\/03\\\/24\\\/haugesund-fotofestival-arrangert-av-jan-kare-ness\\\/\"]}]},{\"@type\":\"ImageObject\",\"inLanguage\":\"nb-NO\",\"@id\":\"https:\\\/\\\/nsff.no\\\/magasinet\\\/2025\\\/03\\\/24\\\/haugesund-fotofestival-arrangert-av-jan-kare-ness\\\/#primaryimage\",\"url\":\"https:\\\/\\\/nsff.no\\\/magasinet\\\/wp-content\\\/uploads\\\/sites\\\/2\\\/2025\\\/03\\\/7.jpg\",\"contentUrl\":\"https:\\\/\\\/nsff.no\\\/magasinet\\\/wp-content\\\/uploads\\\/sites\\\/2\\\/2025\\\/03\\\/7.jpg\",\"width\":2400,\"height\":1800,\"caption\":\"OLYMPUS DIGITAL CAMERA\"},{\"@type\":\"BreadcrumbList\",\"@id\":\"https:\\\/\\\/nsff.no\\\/magasinet\\\/2025\\\/03\\\/24\\\/haugesund-fotofestival-arrangert-av-jan-kare-ness\\\/#breadcrumb\",\"itemListElement\":[{\"@type\":\"ListItem\",\"position\":1,\"name\":\"Hjem\",\"item\":\"https:\\\/\\\/nsff.no\\\/magasinet\\\/\"},{\"@type\":\"ListItem\",\"position\":2,\"name\":\"Haugesund fotofestival &#8211; Arrangert av Jan K\u00e5re Ness\"}]},{\"@type\":\"WebSite\",\"@id\":\"https:\\\/\\\/nsff.no\\\/magasinet\\\/#website\",\"url\":\"https:\\\/\\\/nsff.no\\\/magasinet\\\/\",\"name\":\"NSFF Magasin | Norsk Selskap for Fotografi\",\"description\":\"Medlemsmagasin for film- og fotoentusiaster\",\"publisher\":{\"@id\":\"https:\\\/\\\/nsff.no\\\/magasinet\\\/#organization\"},\"potentialAction\":[{\"@type\":\"SearchAction\",\"target\":{\"@type\":\"EntryPoint\",\"urlTemplate\":\"https:\\\/\\\/nsff.no\\\/magasinet\\\/?s={search_term_string}\"},\"query-input\":{\"@type\":\"PropertyValueSpecification\",\"valueRequired\":true,\"valueName\":\"search_term_string\"}}],\"inLanguage\":\"nb-NO\"},{\"@type\":\"Organization\",\"@id\":\"https:\\\/\\\/nsff.no\\\/magasinet\\\/#organization\",\"name\":\"Norsk Selskap for Fotografo\",\"url\":\"https:\\\/\\\/nsff.no\\\/magasinet\\\/\",\"logo\":{\"@type\":\"ImageObject\",\"inLanguage\":\"nb-NO\",\"@id\":\"https:\\\/\\\/nsff.no\\\/magasinet\\\/#\\\/schema\\\/logo\\\/image\\\/\",\"url\":\"https:\\\/\\\/nsff.no\\\/magasinet\\\/wp-content\\\/uploads\\\/sites\\\/2\\\/2016\\\/05\\\/NSFF-fb-lenkebilde.png\",\"contentUrl\":\"https:\\\/\\\/nsff.no\\\/magasinet\\\/wp-content\\\/uploads\\\/sites\\\/2\\\/2016\\\/05\\\/NSFF-fb-lenkebilde.png\",\"width\":1,\"height\":1,\"caption\":\"Norsk Selskap for Fotografo\"},\"image\":{\"@id\":\"https:\\\/\\\/nsff.no\\\/magasinet\\\/#\\\/schema\\\/logo\\\/image\\\/\"}},{\"@type\":\"Person\",\"@id\":\"https:\\\/\\\/nsff.no\\\/magasinet\\\/#\\\/schema\\\/person\\\/b3f691ff0db3022e1c1c729ce5d53086\",\"name\":\"Inger Postvoll\",\"image\":{\"@type\":\"ImageObject\",\"inLanguage\":\"nb-NO\",\"@id\":\"https:\\\/\\\/secure.gravatar.com\\\/avatar\\\/4718b38fb1f54786915fca8071e5d8d7ad74b9f1398a7e69b599f35c6dfcc45a?s=96&d=mm&r=g\",\"url\":\"https:\\\/\\\/secure.gravatar.com\\\/avatar\\\/4718b38fb1f54786915fca8071e5d8d7ad74b9f1398a7e69b599f35c6dfcc45a?s=96&d=mm&r=g\",\"contentUrl\":\"https:\\\/\\\/secure.gravatar.com\\\/avatar\\\/4718b38fb1f54786915fca8071e5d8d7ad74b9f1398a7e69b599f35c6dfcc45a?s=96&d=mm&r=g\",\"caption\":\"Inger Postvoll\"},\"description\":\"Redakt\u00f8r av NSFF Magasin. Medlem i Haugaland Fotoklubb og PSA. Initiativtaker til damegruppa Lens Babes.\",\"url\":\"https:\\\/\\\/nsff.no\\\/magasinet\\\/author\\\/ingerpostvoll\\\/\"}]}<\/script>\n<!-- \/ Yoast SEO plugin. -->","yoast_head_json":{"title":"Haugesund fotofestival - Arrangert av Jan K\u00e5re Ness - NSFF Magasin | Norsk Selskap for Fotografi","robots":{"index":"index","follow":"follow","max-snippet":"max-snippet:-1","max-image-preview":"max-image-preview:large","max-video-preview":"max-video-preview:-1"},"canonical":"https:\/\/nsff.no\/magasinet\/2025\/03\/24\/haugesund-fotofestival-arrangert-av-jan-kare-ness\/","og_locale":"nb_NO","og_type":"article","og_title":"Haugesund fotofestival 2024 - Arrangert av Jan K\u00e5re Ness","og_description":"Haugesund fotofestival 2024 - Arrangert av Jan K\u00e5re Ness","og_url":"https:\/\/nsff.no\/magasinet\/2025\/03\/24\/haugesund-fotofestival-arrangert-av-jan-kare-ness\/","og_site_name":"NSFF Magasin | Norsk Selskap for Fotografi","article_published_time":"2025-03-24T20:48:18+00:00","article_modified_time":"2025-03-25T12:19:52+00:00","og_image":[{"width":1024,"height":768,"url":"https:\/\/nsff.no\/magasinet\/wp-content\/uploads\/sites\/2\/2025\/03\/7-1024x768.jpg","type":"image\/jpeg"}],"author":"Inger Postvoll","twitter_card":"summary_large_image","twitter_misc":{"Skrevet av":"Inger Postvoll","Ansl. lesetid":"9 minutter"},"schema":{"@context":"https:\/\/schema.org","@graph":[{"@type":"Article","@id":"https:\/\/nsff.no\/magasinet\/2025\/03\/24\/haugesund-fotofestival-arrangert-av-jan-kare-ness\/#article","isPartOf":{"@id":"https:\/\/nsff.no\/magasinet\/2025\/03\/24\/haugesund-fotofestival-arrangert-av-jan-kare-ness\/"},"author":{"name":"Inger Postvoll","@id":"https:\/\/nsff.no\/magasinet\/#\/schema\/person\/b3f691ff0db3022e1c1c729ce5d53086"},"headline":"Haugesund fotofestival &#8211; Arrangert av Jan K\u00e5re Ness","datePublished":"2025-03-24T20:48:18+00:00","dateModified":"2025-03-25T12:19:52+00:00","mainEntityOfPage":{"@id":"https:\/\/nsff.no\/magasinet\/2025\/03\/24\/haugesund-fotofestival-arrangert-av-jan-kare-ness\/"},"wordCount":1148,"commentCount":0,"publisher":{"@id":"https:\/\/nsff.no\/magasinet\/#organization"},"image":{"@id":"https:\/\/nsff.no\/magasinet\/2025\/03\/24\/haugesund-fotofestival-arrangert-av-jan-kare-ness\/#primaryimage"},"thumbnailUrl":"https:\/\/nsff.no\/magasinet\/wp-content\/uploads\/sites\/2\/2025\/03\/7.jpg","keywords":["Haugesund fotofestival 2024","Haugesund fotofestival 2024 - Arrangert av Jan K\u00e5re Ness","Jan K\u00e5re Ness"],"articleSection":["Foredrag","Nyheter","Treff"],"inLanguage":"nb-NO","potentialAction":[{"@type":"CommentAction","name":"Comment","target":["https:\/\/nsff.no\/magasinet\/2025\/03\/24\/haugesund-fotofestival-arrangert-av-jan-kare-ness\/#respond"]}]},{"@type":"WebPage","@id":"https:\/\/nsff.no\/magasinet\/2025\/03\/24\/haugesund-fotofestival-arrangert-av-jan-kare-ness\/","url":"https:\/\/nsff.no\/magasinet\/2025\/03\/24\/haugesund-fotofestival-arrangert-av-jan-kare-ness\/","name":"Haugesund fotofestival - Arrangert av Jan K\u00e5re Ness - NSFF Magasin | Norsk Selskap for Fotografi","isPartOf":{"@id":"https:\/\/nsff.no\/magasinet\/#website"},"primaryImageOfPage":{"@id":"https:\/\/nsff.no\/magasinet\/2025\/03\/24\/haugesund-fotofestival-arrangert-av-jan-kare-ness\/#primaryimage"},"image":{"@id":"https:\/\/nsff.no\/magasinet\/2025\/03\/24\/haugesund-fotofestival-arrangert-av-jan-kare-ness\/#primaryimage"},"thumbnailUrl":"https:\/\/nsff.no\/magasinet\/wp-content\/uploads\/sites\/2\/2025\/03\/7.jpg","datePublished":"2025-03-24T20:48:18+00:00","dateModified":"2025-03-25T12:19:52+00:00","breadcrumb":{"@id":"https:\/\/nsff.no\/magasinet\/2025\/03\/24\/haugesund-fotofestival-arrangert-av-jan-kare-ness\/#breadcrumb"},"inLanguage":"nb-NO","potentialAction":[{"@type":"ReadAction","target":["https:\/\/nsff.no\/magasinet\/2025\/03\/24\/haugesund-fotofestival-arrangert-av-jan-kare-ness\/"]}]},{"@type":"ImageObject","inLanguage":"nb-NO","@id":"https:\/\/nsff.no\/magasinet\/2025\/03\/24\/haugesund-fotofestival-arrangert-av-jan-kare-ness\/#primaryimage","url":"https:\/\/nsff.no\/magasinet\/wp-content\/uploads\/sites\/2\/2025\/03\/7.jpg","contentUrl":"https:\/\/nsff.no\/magasinet\/wp-content\/uploads\/sites\/2\/2025\/03\/7.jpg","width":2400,"height":1800,"caption":"OLYMPUS DIGITAL CAMERA"},{"@type":"BreadcrumbList","@id":"https:\/\/nsff.no\/magasinet\/2025\/03\/24\/haugesund-fotofestival-arrangert-av-jan-kare-ness\/#breadcrumb","itemListElement":[{"@type":"ListItem","position":1,"name":"Hjem","item":"https:\/\/nsff.no\/magasinet\/"},{"@type":"ListItem","position":2,"name":"Haugesund fotofestival &#8211; Arrangert av Jan K\u00e5re Ness"}]},{"@type":"WebSite","@id":"https:\/\/nsff.no\/magasinet\/#website","url":"https:\/\/nsff.no\/magasinet\/","name":"NSFF Magasin | Norsk Selskap for Fotografi","description":"Medlemsmagasin for film- og fotoentusiaster","publisher":{"@id":"https:\/\/nsff.no\/magasinet\/#organization"},"potentialAction":[{"@type":"SearchAction","target":{"@type":"EntryPoint","urlTemplate":"https:\/\/nsff.no\/magasinet\/?s={search_term_string}"},"query-input":{"@type":"PropertyValueSpecification","valueRequired":true,"valueName":"search_term_string"}}],"inLanguage":"nb-NO"},{"@type":"Organization","@id":"https:\/\/nsff.no\/magasinet\/#organization","name":"Norsk Selskap for Fotografo","url":"https:\/\/nsff.no\/magasinet\/","logo":{"@type":"ImageObject","inLanguage":"nb-NO","@id":"https:\/\/nsff.no\/magasinet\/#\/schema\/logo\/image\/","url":"https:\/\/nsff.no\/magasinet\/wp-content\/uploads\/sites\/2\/2016\/05\/NSFF-fb-lenkebilde.png","contentUrl":"https:\/\/nsff.no\/magasinet\/wp-content\/uploads\/sites\/2\/2016\/05\/NSFF-fb-lenkebilde.png","width":1,"height":1,"caption":"Norsk Selskap for Fotografo"},"image":{"@id":"https:\/\/nsff.no\/magasinet\/#\/schema\/logo\/image\/"}},{"@type":"Person","@id":"https:\/\/nsff.no\/magasinet\/#\/schema\/person\/b3f691ff0db3022e1c1c729ce5d53086","name":"Inger Postvoll","image":{"@type":"ImageObject","inLanguage":"nb-NO","@id":"https:\/\/secure.gravatar.com\/avatar\/4718b38fb1f54786915fca8071e5d8d7ad74b9f1398a7e69b599f35c6dfcc45a?s=96&d=mm&r=g","url":"https:\/\/secure.gravatar.com\/avatar\/4718b38fb1f54786915fca8071e5d8d7ad74b9f1398a7e69b599f35c6dfcc45a?s=96&d=mm&r=g","contentUrl":"https:\/\/secure.gravatar.com\/avatar\/4718b38fb1f54786915fca8071e5d8d7ad74b9f1398a7e69b599f35c6dfcc45a?s=96&d=mm&r=g","caption":"Inger Postvoll"},"description":"Redakt\u00f8r av NSFF Magasin. Medlem i Haugaland Fotoklubb og PSA. Initiativtaker til damegruppa Lens Babes.","url":"https:\/\/nsff.no\/magasinet\/author\/ingerpostvoll\/"}]}},"_links":{"self":[{"href":"https:\/\/nsff.no\/magasinet\/wp-json\/wp\/v2\/posts\/14088","targetHints":{"allow":["GET"]}}],"collection":[{"href":"https:\/\/nsff.no\/magasinet\/wp-json\/wp\/v2\/posts"}],"about":[{"href":"https:\/\/nsff.no\/magasinet\/wp-json\/wp\/v2\/types\/post"}],"author":[{"embeddable":true,"href":"https:\/\/nsff.no\/magasinet\/wp-json\/wp\/v2\/users\/41"}],"replies":[{"embeddable":true,"href":"https:\/\/nsff.no\/magasinet\/wp-json\/wp\/v2\/comments?post=14088"}],"version-history":[{"count":59,"href":"https:\/\/nsff.no\/magasinet\/wp-json\/wp\/v2\/posts\/14088\/revisions"}],"predecessor-version":[{"id":17147,"href":"https:\/\/nsff.no\/magasinet\/wp-json\/wp\/v2\/posts\/14088\/revisions\/17147"}],"wp:featuredmedia":[{"embeddable":true,"href":"https:\/\/nsff.no\/magasinet\/wp-json\/wp\/v2\/media\/17009"}],"wp:attachment":[{"href":"https:\/\/nsff.no\/magasinet\/wp-json\/wp\/v2\/media?parent=14088"}],"wp:term":[{"taxonomy":"category","embeddable":true,"href":"https:\/\/nsff.no\/magasinet\/wp-json\/wp\/v2\/categories?post=14088"},{"taxonomy":"post_tag","embeddable":true,"href":"https:\/\/nsff.no\/magasinet\/wp-json\/wp\/v2\/tags?post=14088"}],"curies":[{"name":"wp","href":"https:\/\/api.w.org\/{rel}","templated":true}]}}