{"id":13838,"date":"2024-03-11T20:26:49","date_gmt":"2024-03-11T19:26:49","guid":{"rendered":"https:\/\/nsff.no\/magasinet\/?p=13838"},"modified":"2024-03-11T20:26:52","modified_gmt":"2024-03-11T19:26:52","slug":"bergen-fritidsfilmere-til-asane-kulturhus","status":"publish","type":"post","link":"https:\/\/nsff.no\/magasinet\/2024\/03\/11\/bergen-fritidsfilmere-til-asane-kulturhus\/","title":{"rendered":"Bergen Fritidsfilmere til \u00c5sane Kulturhus"},"content":{"rendered":"<p>[et_pb_section fb_built=&raquo;1&#8243; _builder_version=&raquo;4.24.2&#8243; _module_preset=&raquo;default&raquo; global_colors_info=&raquo;{}&raquo;][et_pb_row _builder_version=&raquo;4.24.2&#8243; _module_preset=&raquo;default&raquo; global_colors_info=&raquo;{}&raquo;][et_pb_column type=&raquo;4_4&#8243; _builder_version=&raquo;4.24.2&#8243; _module_preset=&raquo;default&raquo; global_colors_info=&raquo;{}&raquo;][et_pb_image src=&raquo;https:\/\/nsff.no\/magasinet\/wp-content\/uploads\/sites\/2\/2024\/03\/IMG_4718-2.jpeg&raquo; title_text=&raquo;IMG_4718 2&#8243; align=&raquo;center&raquo; _builder_version=&raquo;4.24.2&#8243; _module_preset=&raquo;default&raquo; width=&raquo;80%&raquo; max_width=&raquo;80%&raquo; global_colors_info=&raquo;{}&raquo;][\/et_pb_image][et_pb_text _builder_version=&raquo;4.24.2&#8243; _module_preset=&raquo;default&raquo; global_colors_info=&raquo;{}&raquo;]<\/p>\n<p>Bergen Fritidsfilmere har f\u00e5tt positivt innpass i \u00c5sane Kulturhus. \u00c5sane er en av Bergens store bydeler; ca. 20 km nord for Bergen sentrum. Muligheten gir oss et mye st\u00f8rre potensiale i forhold til eksponering med tanke p\u00e5 nyrekruttering som har v\u00e6rt et problem for NSFF-klubben i flere \u00e5r n\u00e5.<br aria-hidden=\"true\" \/><br aria-hidden=\"true\" \/>I \u00c5sane Kulturhus l\u00e5ner vi lokaler helt gratis. V\u00e5rt prim\u00e6rlokale er \u201dDigitalt Verksted\u201d hvor det meste er p\u00e5 plass for v\u00e5r virksomhet. Bergen Fritidsfilmere h\u00e5per med dette p\u00e5 sikt \u00e5 kunne utvide medlemsantallet til det beste for norsk amat\u00f8rfilm i bergensregionen. Det er Bergen Fritidsfilmere, NSFF og norsk amat\u00f8rfilm tjent med.<\/p>\n<div>\u00a0<\/div>\n<div>For interesserte tar man kontakt via: kontakt@bergenfritidsfilmere.no<\/div>\n<p>[\/et_pb_text][et_pb_image src=&raquo;https:\/\/nsff.no\/magasinet\/wp-content\/uploads\/sites\/2\/2024\/03\/IMG_4763.jpeg&raquo; title_text=&raquo;IMG_4763&#8243; align=&raquo;center&raquo; _builder_version=&raquo;4.24.2&#8243; _module_preset=&raquo;default&raquo; width=&raquo;80%&raquo; max_width=&raquo;80%&raquo; global_colors_info=&raquo;{}&raquo;][\/et_pb_image][\/et_pb_column][\/et_pb_row][\/et_pb_section]<\/p>\n","protected":false},"excerpt":{"rendered":"<p>Bergen Fritidsfilmere til \u00c5sane Kulturhus<\/p>\n","protected":false},"author":3,"featured_media":13843,"comment_status":"open","ping_status":"open","sticky":false,"template":"","format":"standard","meta":{"_et_pb_use_builder":"on","_et_pb_old_content":"","_et_gb_content_width":"","footnotes":""},"categories":[5,14],"tags":[40,908],"class_list":["post-13838","post","type-post","status-publish","format-standard","has-post-thumbnail","hentry","category-film","category-nyheter","tag-bergen-fritidsfilmere","tag-bergen-fritidsfilmere-til-asane-kulturhus","et-has-post-format-content","et_post_format-et-post-format-standard"],"yoast_head":"<!-- This site is optimized with the Yoast SEO plugin v27.5 - https:\/\/yoast.com\/product\/yoast-seo-wordpress\/ -->\n<title>Bergen Fritidsfilmere til \u00c5sane Kulturhus - NSFF Magasin | Norsk Selskap for Fotografi<\/title>\n<meta name=\"robots\" content=\"index, follow, max-snippet:-1, max-image-preview:large, max-video-preview:-1\" \/>\n<link rel=\"canonical\" href=\"https:\/\/nsff.no\/magasinet\/2024\/03\/11\/bergen-fritidsfilmere-til-asane-kulturhus\/\" \/>\n<meta property=\"og:locale\" content=\"nb_NO\" \/>\n<meta property=\"og:type\" content=\"article\" \/>\n<meta property=\"og:title\" content=\"Bergen Fritidsfilmere til \u00c5sane Kulturhus\" \/>\n<meta property=\"og:description\" content=\"Bergen Fritidsfilmere til \u00c5sane Kulturhus\" \/>\n<meta property=\"og:url\" content=\"https:\/\/nsff.no\/magasinet\/2024\/03\/11\/bergen-fritidsfilmere-til-asane-kulturhus\/\" \/>\n<meta property=\"og:site_name\" content=\"NSFF Magasin | Norsk Selskap for Fotografi\" \/>\n<meta property=\"article:published_time\" content=\"2024-03-11T19:26:49+00:00\" \/>\n<meta property=\"article:modified_time\" content=\"2024-03-11T19:26:52+00:00\" \/>\n<meta property=\"og:image\" content=\"https:\/\/nsff.no\/magasinet\/wp-content\/uploads\/sites\/2\/2024\/03\/IMG_4716-2.jpeg\" \/>\n\t<meta property=\"og:image:width\" content=\"1280\" \/>\n\t<meta property=\"og:image:height\" content=\"720\" \/>\n\t<meta property=\"og:image:type\" content=\"image\/jpeg\" \/>\n<meta name=\"author\" content=\"Roy Morten Gleditsch\" \/>\n<meta name=\"twitter:card\" content=\"summary_large_image\" \/>\n<meta name=\"twitter:label1\" content=\"Skrevet av\" \/>\n\t<meta name=\"twitter:data1\" content=\"Roy Morten Gleditsch\" \/>\n\t<meta name=\"twitter:label2\" content=\"Ansl. lesetid\" \/>\n\t<meta name=\"twitter:data2\" content=\"2 minutter\" \/>\n<script type=\"application\/ld+json\" class=\"yoast-schema-graph\">{\"@context\":\"https:\\\/\\\/schema.org\",\"@graph\":[{\"@type\":\"Article\",\"@id\":\"https:\\\/\\\/nsff.no\\\/magasinet\\\/2024\\\/03\\\/11\\\/bergen-fritidsfilmere-til-asane-kulturhus\\\/#article\",\"isPartOf\":{\"@id\":\"https:\\\/\\\/nsff.no\\\/magasinet\\\/2024\\\/03\\\/11\\\/bergen-fritidsfilmere-til-asane-kulturhus\\\/\"},\"author\":{\"name\":\"Roy Morten Gleditsch\",\"@id\":\"https:\\\/\\\/nsff.no\\\/magasinet\\\/#\\\/schema\\\/person\\\/00e43e4e855e12444beb4e6e3fe9edc0\"},\"headline\":\"Bergen Fritidsfilmere til \u00c5sane Kulturhus\",\"datePublished\":\"2024-03-11T19:26:49+00:00\",\"dateModified\":\"2024-03-11T19:26:52+00:00\",\"mainEntityOfPage\":{\"@id\":\"https:\\\/\\\/nsff.no\\\/magasinet\\\/2024\\\/03\\\/11\\\/bergen-fritidsfilmere-til-asane-kulturhus\\\/\"},\"wordCount\":246,\"commentCount\":0,\"publisher\":{\"@id\":\"https:\\\/\\\/nsff.no\\\/magasinet\\\/#organization\"},\"image\":{\"@id\":\"https:\\\/\\\/nsff.no\\\/magasinet\\\/2024\\\/03\\\/11\\\/bergen-fritidsfilmere-til-asane-kulturhus\\\/#primaryimage\"},\"thumbnailUrl\":\"https:\\\/\\\/nsff.no\\\/magasinet\\\/wp-content\\\/uploads\\\/sites\\\/2\\\/2024\\\/03\\\/IMG_4716-2.jpeg\",\"keywords\":[\"Bergen Fritidsfilmere\",\"Bergen Fritidsfilmere til \u00c5sane Kulturhus\"],\"articleSection\":[\"Film\",\"Nyheter\"],\"inLanguage\":\"nb-NO\",\"potentialAction\":[{\"@type\":\"CommentAction\",\"name\":\"Comment\",\"target\":[\"https:\\\/\\\/nsff.no\\\/magasinet\\\/2024\\\/03\\\/11\\\/bergen-fritidsfilmere-til-asane-kulturhus\\\/#respond\"]}]},{\"@type\":\"WebPage\",\"@id\":\"https:\\\/\\\/nsff.no\\\/magasinet\\\/2024\\\/03\\\/11\\\/bergen-fritidsfilmere-til-asane-kulturhus\\\/\",\"url\":\"https:\\\/\\\/nsff.no\\\/magasinet\\\/2024\\\/03\\\/11\\\/bergen-fritidsfilmere-til-asane-kulturhus\\\/\",\"name\":\"Bergen Fritidsfilmere til \u00c5sane Kulturhus - NSFF Magasin | Norsk Selskap for Fotografi\",\"isPartOf\":{\"@id\":\"https:\\\/\\\/nsff.no\\\/magasinet\\\/#website\"},\"primaryImageOfPage\":{\"@id\":\"https:\\\/\\\/nsff.no\\\/magasinet\\\/2024\\\/03\\\/11\\\/bergen-fritidsfilmere-til-asane-kulturhus\\\/#primaryimage\"},\"image\":{\"@id\":\"https:\\\/\\\/nsff.no\\\/magasinet\\\/2024\\\/03\\\/11\\\/bergen-fritidsfilmere-til-asane-kulturhus\\\/#primaryimage\"},\"thumbnailUrl\":\"https:\\\/\\\/nsff.no\\\/magasinet\\\/wp-content\\\/uploads\\\/sites\\\/2\\\/2024\\\/03\\\/IMG_4716-2.jpeg\",\"datePublished\":\"2024-03-11T19:26:49+00:00\",\"dateModified\":\"2024-03-11T19:26:52+00:00\",\"breadcrumb\":{\"@id\":\"https:\\\/\\\/nsff.no\\\/magasinet\\\/2024\\\/03\\\/11\\\/bergen-fritidsfilmere-til-asane-kulturhus\\\/#breadcrumb\"},\"inLanguage\":\"nb-NO\",\"potentialAction\":[{\"@type\":\"ReadAction\",\"target\":[\"https:\\\/\\\/nsff.no\\\/magasinet\\\/2024\\\/03\\\/11\\\/bergen-fritidsfilmere-til-asane-kulturhus\\\/\"]}]},{\"@type\":\"ImageObject\",\"inLanguage\":\"nb-NO\",\"@id\":\"https:\\\/\\\/nsff.no\\\/magasinet\\\/2024\\\/03\\\/11\\\/bergen-fritidsfilmere-til-asane-kulturhus\\\/#primaryimage\",\"url\":\"https:\\\/\\\/nsff.no\\\/magasinet\\\/wp-content\\\/uploads\\\/sites\\\/2\\\/2024\\\/03\\\/IMG_4716-2.jpeg\",\"contentUrl\":\"https:\\\/\\\/nsff.no\\\/magasinet\\\/wp-content\\\/uploads\\\/sites\\\/2\\\/2024\\\/03\\\/IMG_4716-2.jpeg\",\"width\":1280,\"height\":720},{\"@type\":\"BreadcrumbList\",\"@id\":\"https:\\\/\\\/nsff.no\\\/magasinet\\\/2024\\\/03\\\/11\\\/bergen-fritidsfilmere-til-asane-kulturhus\\\/#breadcrumb\",\"itemListElement\":[{\"@type\":\"ListItem\",\"position\":1,\"name\":\"Hjem\",\"item\":\"https:\\\/\\\/nsff.no\\\/magasinet\\\/\"},{\"@type\":\"ListItem\",\"position\":2,\"name\":\"Bergen Fritidsfilmere til \u00c5sane Kulturhus\"}]},{\"@type\":\"WebSite\",\"@id\":\"https:\\\/\\\/nsff.no\\\/magasinet\\\/#website\",\"url\":\"https:\\\/\\\/nsff.no\\\/magasinet\\\/\",\"name\":\"NSFF Magasin | Norsk Selskap for Fotografi\",\"description\":\"Medlemsmagasin for film- og fotoentusiaster\",\"publisher\":{\"@id\":\"https:\\\/\\\/nsff.no\\\/magasinet\\\/#organization\"},\"potentialAction\":[{\"@type\":\"SearchAction\",\"target\":{\"@type\":\"EntryPoint\",\"urlTemplate\":\"https:\\\/\\\/nsff.no\\\/magasinet\\\/?s={search_term_string}\"},\"query-input\":{\"@type\":\"PropertyValueSpecification\",\"valueRequired\":true,\"valueName\":\"search_term_string\"}}],\"inLanguage\":\"nb-NO\"},{\"@type\":\"Organization\",\"@id\":\"https:\\\/\\\/nsff.no\\\/magasinet\\\/#organization\",\"name\":\"Norsk Selskap for Fotografo\",\"url\":\"https:\\\/\\\/nsff.no\\\/magasinet\\\/\",\"logo\":{\"@type\":\"ImageObject\",\"inLanguage\":\"nb-NO\",\"@id\":\"https:\\\/\\\/nsff.no\\\/magasinet\\\/#\\\/schema\\\/logo\\\/image\\\/\",\"url\":\"https:\\\/\\\/nsff.no\\\/magasinet\\\/wp-content\\\/uploads\\\/sites\\\/2\\\/2016\\\/05\\\/NSFF-fb-lenkebilde.png\",\"contentUrl\":\"https:\\\/\\\/nsff.no\\\/magasinet\\\/wp-content\\\/uploads\\\/sites\\\/2\\\/2016\\\/05\\\/NSFF-fb-lenkebilde.png\",\"width\":1,\"height\":1,\"caption\":\"Norsk Selskap for Fotografo\"},\"image\":{\"@id\":\"https:\\\/\\\/nsff.no\\\/magasinet\\\/#\\\/schema\\\/logo\\\/image\\\/\"}},{\"@type\":\"Person\",\"@id\":\"https:\\\/\\\/nsff.no\\\/magasinet\\\/#\\\/schema\\\/person\\\/00e43e4e855e12444beb4e6e3fe9edc0\",\"name\":\"Roy Morten Gleditsch\",\"image\":{\"@type\":\"ImageObject\",\"inLanguage\":\"nb-NO\",\"@id\":\"https:\\\/\\\/secure.gravatar.com\\\/avatar\\\/885548ffa38b81c256c0f774865a7d996476149a5e9f193bf32459b364a2cf39?s=96&d=mm&r=g\",\"url\":\"https:\\\/\\\/secure.gravatar.com\\\/avatar\\\/885548ffa38b81c256c0f774865a7d996476149a5e9f193bf32459b364a2cf39?s=96&d=mm&r=g\",\"contentUrl\":\"https:\\\/\\\/secure.gravatar.com\\\/avatar\\\/885548ffa38b81c256c0f774865a7d996476149a5e9f193bf32459b364a2cf39?s=96&d=mm&r=g\",\"caption\":\"Roy Morten Gleditsch\"},\"description\":\"Filmskaper siden 1970. Medlem av Bergen Fritidsfilmere siden 1980. Redakt\u00f8r av NSFF Magasin fra oppstarten til juni 2016, tidligere medlem av Filmutvalget. \u00c6resmedlem NSFF.\",\"sameAs\":[\"http:\\\/\\\/www.bergenfritidsfilmere.no\\\/\"],\"url\":\"https:\\\/\\\/nsff.no\\\/magasinet\\\/author\\\/magasinet\\\/\"}]}<\/script>\n<!-- \/ Yoast SEO plugin. -->","yoast_head_json":{"title":"Bergen Fritidsfilmere til \u00c5sane Kulturhus - NSFF Magasin | Norsk Selskap for Fotografi","robots":{"index":"index","follow":"follow","max-snippet":"max-snippet:-1","max-image-preview":"max-image-preview:large","max-video-preview":"max-video-preview:-1"},"canonical":"https:\/\/nsff.no\/magasinet\/2024\/03\/11\/bergen-fritidsfilmere-til-asane-kulturhus\/","og_locale":"nb_NO","og_type":"article","og_title":"Bergen Fritidsfilmere til \u00c5sane Kulturhus","og_description":"Bergen Fritidsfilmere til \u00c5sane Kulturhus","og_url":"https:\/\/nsff.no\/magasinet\/2024\/03\/11\/bergen-fritidsfilmere-til-asane-kulturhus\/","og_site_name":"NSFF Magasin | Norsk Selskap for Fotografi","article_published_time":"2024-03-11T19:26:49+00:00","article_modified_time":"2024-03-11T19:26:52+00:00","og_image":[{"width":1280,"height":720,"url":"https:\/\/nsff.no\/magasinet\/wp-content\/uploads\/sites\/2\/2024\/03\/IMG_4716-2.jpeg","type":"image\/jpeg"}],"author":"Roy Morten Gleditsch","twitter_card":"summary_large_image","twitter_misc":{"Skrevet av":"Roy Morten Gleditsch","Ansl. lesetid":"2 minutter"},"schema":{"@context":"https:\/\/schema.org","@graph":[{"@type":"Article","@id":"https:\/\/nsff.no\/magasinet\/2024\/03\/11\/bergen-fritidsfilmere-til-asane-kulturhus\/#article","isPartOf":{"@id":"https:\/\/nsff.no\/magasinet\/2024\/03\/11\/bergen-fritidsfilmere-til-asane-kulturhus\/"},"author":{"name":"Roy Morten Gleditsch","@id":"https:\/\/nsff.no\/magasinet\/#\/schema\/person\/00e43e4e855e12444beb4e6e3fe9edc0"},"headline":"Bergen Fritidsfilmere til \u00c5sane Kulturhus","datePublished":"2024-03-11T19:26:49+00:00","dateModified":"2024-03-11T19:26:52+00:00","mainEntityOfPage":{"@id":"https:\/\/nsff.no\/magasinet\/2024\/03\/11\/bergen-fritidsfilmere-til-asane-kulturhus\/"},"wordCount":246,"commentCount":0,"publisher":{"@id":"https:\/\/nsff.no\/magasinet\/#organization"},"image":{"@id":"https:\/\/nsff.no\/magasinet\/2024\/03\/11\/bergen-fritidsfilmere-til-asane-kulturhus\/#primaryimage"},"thumbnailUrl":"https:\/\/nsff.no\/magasinet\/wp-content\/uploads\/sites\/2\/2024\/03\/IMG_4716-2.jpeg","keywords":["Bergen Fritidsfilmere","Bergen Fritidsfilmere til \u00c5sane Kulturhus"],"articleSection":["Film","Nyheter"],"inLanguage":"nb-NO","potentialAction":[{"@type":"CommentAction","name":"Comment","target":["https:\/\/nsff.no\/magasinet\/2024\/03\/11\/bergen-fritidsfilmere-til-asane-kulturhus\/#respond"]}]},{"@type":"WebPage","@id":"https:\/\/nsff.no\/magasinet\/2024\/03\/11\/bergen-fritidsfilmere-til-asane-kulturhus\/","url":"https:\/\/nsff.no\/magasinet\/2024\/03\/11\/bergen-fritidsfilmere-til-asane-kulturhus\/","name":"Bergen Fritidsfilmere til \u00c5sane Kulturhus - NSFF Magasin | Norsk Selskap for Fotografi","isPartOf":{"@id":"https:\/\/nsff.no\/magasinet\/#website"},"primaryImageOfPage":{"@id":"https:\/\/nsff.no\/magasinet\/2024\/03\/11\/bergen-fritidsfilmere-til-asane-kulturhus\/#primaryimage"},"image":{"@id":"https:\/\/nsff.no\/magasinet\/2024\/03\/11\/bergen-fritidsfilmere-til-asane-kulturhus\/#primaryimage"},"thumbnailUrl":"https:\/\/nsff.no\/magasinet\/wp-content\/uploads\/sites\/2\/2024\/03\/IMG_4716-2.jpeg","datePublished":"2024-03-11T19:26:49+00:00","dateModified":"2024-03-11T19:26:52+00:00","breadcrumb":{"@id":"https:\/\/nsff.no\/magasinet\/2024\/03\/11\/bergen-fritidsfilmere-til-asane-kulturhus\/#breadcrumb"},"inLanguage":"nb-NO","potentialAction":[{"@type":"ReadAction","target":["https:\/\/nsff.no\/magasinet\/2024\/03\/11\/bergen-fritidsfilmere-til-asane-kulturhus\/"]}]},{"@type":"ImageObject","inLanguage":"nb-NO","@id":"https:\/\/nsff.no\/magasinet\/2024\/03\/11\/bergen-fritidsfilmere-til-asane-kulturhus\/#primaryimage","url":"https:\/\/nsff.no\/magasinet\/wp-content\/uploads\/sites\/2\/2024\/03\/IMG_4716-2.jpeg","contentUrl":"https:\/\/nsff.no\/magasinet\/wp-content\/uploads\/sites\/2\/2024\/03\/IMG_4716-2.jpeg","width":1280,"height":720},{"@type":"BreadcrumbList","@id":"https:\/\/nsff.no\/magasinet\/2024\/03\/11\/bergen-fritidsfilmere-til-asane-kulturhus\/#breadcrumb","itemListElement":[{"@type":"ListItem","position":1,"name":"Hjem","item":"https:\/\/nsff.no\/magasinet\/"},{"@type":"ListItem","position":2,"name":"Bergen Fritidsfilmere til \u00c5sane Kulturhus"}]},{"@type":"WebSite","@id":"https:\/\/nsff.no\/magasinet\/#website","url":"https:\/\/nsff.no\/magasinet\/","name":"NSFF Magasin | Norsk Selskap for Fotografi","description":"Medlemsmagasin for film- og fotoentusiaster","publisher":{"@id":"https:\/\/nsff.no\/magasinet\/#organization"},"potentialAction":[{"@type":"SearchAction","target":{"@type":"EntryPoint","urlTemplate":"https:\/\/nsff.no\/magasinet\/?s={search_term_string}"},"query-input":{"@type":"PropertyValueSpecification","valueRequired":true,"valueName":"search_term_string"}}],"inLanguage":"nb-NO"},{"@type":"Organization","@id":"https:\/\/nsff.no\/magasinet\/#organization","name":"Norsk Selskap for Fotografo","url":"https:\/\/nsff.no\/magasinet\/","logo":{"@type":"ImageObject","inLanguage":"nb-NO","@id":"https:\/\/nsff.no\/magasinet\/#\/schema\/logo\/image\/","url":"https:\/\/nsff.no\/magasinet\/wp-content\/uploads\/sites\/2\/2016\/05\/NSFF-fb-lenkebilde.png","contentUrl":"https:\/\/nsff.no\/magasinet\/wp-content\/uploads\/sites\/2\/2016\/05\/NSFF-fb-lenkebilde.png","width":1,"height":1,"caption":"Norsk Selskap for Fotografo"},"image":{"@id":"https:\/\/nsff.no\/magasinet\/#\/schema\/logo\/image\/"}},{"@type":"Person","@id":"https:\/\/nsff.no\/magasinet\/#\/schema\/person\/00e43e4e855e12444beb4e6e3fe9edc0","name":"Roy Morten Gleditsch","image":{"@type":"ImageObject","inLanguage":"nb-NO","@id":"https:\/\/secure.gravatar.com\/avatar\/885548ffa38b81c256c0f774865a7d996476149a5e9f193bf32459b364a2cf39?s=96&d=mm&r=g","url":"https:\/\/secure.gravatar.com\/avatar\/885548ffa38b81c256c0f774865a7d996476149a5e9f193bf32459b364a2cf39?s=96&d=mm&r=g","contentUrl":"https:\/\/secure.gravatar.com\/avatar\/885548ffa38b81c256c0f774865a7d996476149a5e9f193bf32459b364a2cf39?s=96&d=mm&r=g","caption":"Roy Morten Gleditsch"},"description":"Filmskaper siden 1970. Medlem av Bergen Fritidsfilmere siden 1980. Redakt\u00f8r av NSFF Magasin fra oppstarten til juni 2016, tidligere medlem av Filmutvalget. \u00c6resmedlem NSFF.","sameAs":["http:\/\/www.bergenfritidsfilmere.no\/"],"url":"https:\/\/nsff.no\/magasinet\/author\/magasinet\/"}]}},"_links":{"self":[{"href":"https:\/\/nsff.no\/magasinet\/wp-json\/wp\/v2\/posts\/13838","targetHints":{"allow":["GET"]}}],"collection":[{"href":"https:\/\/nsff.no\/magasinet\/wp-json\/wp\/v2\/posts"}],"about":[{"href":"https:\/\/nsff.no\/magasinet\/wp-json\/wp\/v2\/types\/post"}],"author":[{"embeddable":true,"href":"https:\/\/nsff.no\/magasinet\/wp-json\/wp\/v2\/users\/3"}],"replies":[{"embeddable":true,"href":"https:\/\/nsff.no\/magasinet\/wp-json\/wp\/v2\/comments?post=13838"}],"version-history":[{"count":7,"href":"https:\/\/nsff.no\/magasinet\/wp-json\/wp\/v2\/posts\/13838\/revisions"}],"predecessor-version":[{"id":13852,"href":"https:\/\/nsff.no\/magasinet\/wp-json\/wp\/v2\/posts\/13838\/revisions\/13852"}],"wp:featuredmedia":[{"embeddable":true,"href":"https:\/\/nsff.no\/magasinet\/wp-json\/wp\/v2\/media\/13843"}],"wp:attachment":[{"href":"https:\/\/nsff.no\/magasinet\/wp-json\/wp\/v2\/media?parent=13838"}],"wp:term":[{"taxonomy":"category","embeddable":true,"href":"https:\/\/nsff.no\/magasinet\/wp-json\/wp\/v2\/categories?post=13838"},{"taxonomy":"post_tag","embeddable":true,"href":"https:\/\/nsff.no\/magasinet\/wp-json\/wp\/v2\/tags?post=13838"}],"curies":[{"name":"wp","href":"https:\/\/api.w.org\/{rel}","templated":true}]}}