{"id":1377,"date":"2014-12-20T19:33:00","date_gmt":"2014-12-20T18:33:00","guid":{"rendered":"http:\/\/www.nsff.no\/wp\/magasinet\/?p=1377"},"modified":"2017-07-09T17:32:41","modified_gmt":"2017-07-09T15:32:41","slug":"portrett-hakon-gronning","status":"publish","type":"post","link":"https:\/\/nsff.no\/magasinet\/2014\/12\/20\/portrett-hakon-gronning\/","title":{"rendered":"Portrett: H\u00e5kon Gr\u00f8nning"},"content":{"rendered":"<p>[et_pb_section bb_built=&raquo;1&#8243; admin_label=&raquo;section&raquo;][et_pb_row background_position=&raquo;top_left&raquo; background_repeat=&raquo;repeat&raquo; background_size=&raquo;initial&raquo;][et_pb_column type=&raquo;1_4&#8243;][et_pb_image src=&raquo;http:\/\/nsff.no\/magasinet\/wp-content\/uploads\/sites\/2\/2014\/12\/Portrett-c-Marina-Knudsen-MalinchePhoto_R.jpg&raquo; alt=&raquo;H\u00e5kon Gr\u00f8nning (Foto: Marina Knudsen MalinchePhoto)&raquo; show_in_lightbox=&raquo;on&raquo; url_new_window=&raquo;off&raquo; use_overlay=&raquo;off&raquo; animation=&raquo;off&raquo; sticky=&raquo;off&raquo; align=&raquo;left&raquo; force_fullwidth=&raquo;off&raquo; always_center_on_mobile=&raquo;on&raquo; use_border_color=&raquo;off&raquo; border_color=&raquo;#ffffff&raquo; border_style=&raquo;solid&raquo; title_text=&raquo;H\u00e5kon Gr\u00f8nning (Foto: Marina Knudsen MalinchePhoto)&raquo; \/][\/et_pb_column][et_pb_column type=&raquo;3_4&#8243;][et_pb_text background_layout=&raquo;light&raquo; text_orientation=&raquo;left&raquo; border_style=&raquo;solid&raquo; background_position=&raquo;top_left&raquo; background_repeat=&raquo;repeat&raquo; background_size=&raquo;initial&raquo; _builder_version=&raquo;3.0.60&#8243;]<\/p>\n<p>Interessen for foto ble vekket i forbindelse med en reise til India, Nepal og Burma i 1986. Da var jeg allerede 30 \u00e5r. P\u00e5 reisen hadde jeg med en Olympus OM-1 som jeg hadde bestilt direkte fra Japan i begynnelsen av studietiden, 10 \u00e5r f\u00f8r.<\/p>\n<p>Samme \u00e5r meldte jeg meg inn i Trondhjems Kameraklubb (TKK) hvor jeg m\u00f8tte mange engasjerte medlemmer og startet min fotografiske reise. Jeg var med i styret i TKK i ganske mange \u00e5r, ogs\u00e5 et par \u00e5r som leder. P\u00e5 denne tiden ble jeg ogs\u00e5 medlem av naturfotoforeningen BioFoto.<\/p>\n<p>[\/et_pb_text][\/et_pb_column][\/et_pb_row][et_pb_row background_position=&raquo;top_left&raquo; background_repeat=&raquo;repeat&raquo; background_size=&raquo;initial&raquo;][et_pb_column type=&raquo;4_4&#8243;][et_pb_text _builder_version=&raquo;3.0.60&#8243; background_layout=&raquo;light&raquo; text_orientation=&raquo;left&raquo; border_style=&raquo;solid&raquo;]<\/p>\n<p>Jeg s\u00f8kte kunnskap og deltok p\u00e5 flere \u00abMorten Krogvold workshop\u00bb p\u00e5 V\u00e5g\u00e5 ut over 1990-tallet. De var god utdanning. I tillegg til \u00e5 jobbe med egne foto-oppgaver fikk vi en viktig referanse til fotografisk historie, til fotografer og filmskapere gjennom det tjuende \u00e5rhundret. P\u00e5 workshopene var det ogs\u00e5 en modell tilgjengelig. Det syntes jeg var ganske skummelt, \u00e5 skulle fotografere en \u00abfremmed\u00bb dame. Derfor bestemte jeg meg like godt for \u00e5 pr\u00f8ve meg p\u00e5 akt! Det gikk ganske d\u00e5rlig, jeg ble temmelig usikker og flau. Aldri mer!<\/p>\n<p>Motivomr\u00e5det var ellers ganske allsidig den f\u00f8rste tiden, men med hovedvekt p\u00e5 natur og landskap.<\/p>\n<p>Ut over 1990-tallet skiftet hovedfokus til motiver med barn. Det kan muligens ha sammenheng med at jeg hadde f\u00e5tt to d\u00f8tre. Samv\u00e6ret med barna var viktig for meg, og da var det jo mye bedre \u00e5 fotografere disse enn \u00e5 l\u00f8pe rundt etter blomster, stein og fossefall. P\u00e5 denne tiden leverte jeg bilder til svenske BarnBildByr\u00e5n som resulterte i at jeg fikk forsidebildet p\u00e5 \u00abStora boken om barn\u00bb. Det synes jeg var en fin anerkjennelse! I tillegg deltok jeg jevnlig i nasjonale fotokonkurranser.<\/p>\n<p>[\/et_pb_text][et_pb_gallery gallery_ids=&raquo;1350,1348,1347,1365,1351,1352,1345&#8243; fullwidth=&raquo;off&raquo; posts_number=&raquo;20&#8243; show_title_and_caption=&raquo;off&raquo; show_pagination=&raquo;on&raquo; background_layout=&raquo;light&raquo; auto=&raquo;off&raquo; hover_overlay_color=&raquo;rgba(255,255,255,0.9)&raquo; border_style=&raquo;solid&raquo; _builder_version=&raquo;3.0.60&#8243; orientation=&raquo;portrait&raquo; zoom_icon_color=&raquo;#054e9e&raquo; \/][et_pb_text _builder_version=&raquo;3.0.60&#8243; background_layout=&raquo;light&raquo; text_orientation=&raquo;left&raquo; border_style=&raquo;solid&raquo;]<\/p>\n<p>Foto har hele tiden v\u00e6rt en hobby, jeg hadde lyst. En periode ble lysten borte og jeg hadde en lang pause. Overgangen til digital var ogs\u00e5 ganske hard. Praktisk kunnskap og erfaring opparbeidet over lang tid om film, framkalling og framstilling av print i m\u00f8rkerommet ble plutselig nesten overfl\u00f8dig. Fordelen denne kunnskapen hadde gitt meg, skrumpet kraftig inn.<\/p>\n<p>De siste \u00e5rene har foto-interessen \u00f8kt til n\u00e6rmest en besettelse. Motivomr\u00e5det er fortsatt bredt men med ekstra lidenskap og interesse for portrett og \u2013 ja, nettopp akt! Kunnskap og inspirasjonen har jeg funnet gjennom diverse kurs og workshoper. Det siste \u00e5ret har jeg ogs\u00e5 selv arrangert mine to f\u00f8rste akt- og portrettworkshoper.<\/p>\n<p>H\u00f8sten 2013 deltok jeg i min f\u00f8rste internasjonale konkurranse med FIAP-godkjenning. Siden det har jeg v\u00e6rt s\u00e5 heldig \u00e5 bli bel\u00f8nnet mange ganger med b\u00e5de hederlige omtaler og medaljer. Det er godt \u00e5 v\u00e6re en del av et milj\u00f8, og Trondhjems Kameraklubb har gitt meg vennskap og inspirasjon gjennom mer enn 25 \u00e5r.<\/p>\n<p>Takk til alle jeg har reist sammen med hittil, jeg gleder meg til resten av reisen!<\/p>\n<p>[\/et_pb_text][\/et_pb_column][\/et_pb_row][\/et_pb_section]<\/p>\n","protected":false},"excerpt":{"rendered":"<p>H\u00e5kon Gr\u00f8nning fikk sin interesse for foto vekket i forbindelse med en reise til India, Nepal og Burma i 1986, og meldte seg samme \u00e5r inn i Trondhjems Kameraklubb.<\/p>\n","protected":false},"author":25,"featured_media":1349,"comment_status":"open","ping_status":"closed","sticky":false,"template":"","format":"standard","meta":{"_et_pb_use_builder":"on","_et_pb_old_content":"","_et_gb_content_width":"","footnotes":""},"categories":[17,90],"tags":[141,33,108],"class_list":["post-1377","post","type-post","status-publish","format-standard","has-post-thumbnail","hentry","category-medlemmer","category-presentasjoner","tag-hakon-gronning","tag-medlemsportrett","tag-trondhjems-kameraklubb","et-has-post-format-content","et_post_format-et-post-format-standard"],"yoast_head":"<!-- This site is optimized with the Yoast SEO plugin v27.5 - https:\/\/yoast.com\/product\/yoast-seo-wordpress\/ -->\n<title>Portrett: H\u00e5kon Gr\u00f8nning - NSFF Magasin | Norsk Selskap for Fotografi<\/title>\n<meta name=\"description\" content=\"H\u00e5kon Gr\u00f8nning fikk sin interesse for foto vekket under en reise til India, Nepal og Burma i 1986, og meldte seg samme \u00e5r inn i Trondhjems Kameraklubb.\" \/>\n<meta name=\"robots\" content=\"index, follow, max-snippet:-1, max-image-preview:large, max-video-preview:-1\" \/>\n<link rel=\"canonical\" href=\"https:\/\/nsff.no\/magasinet\/2014\/12\/20\/portrett-hakon-gronning\/\" \/>\n<meta property=\"og:locale\" content=\"nb_NO\" \/>\n<meta property=\"og:type\" content=\"article\" \/>\n<meta property=\"og:title\" content=\"Portrett: H\u00e5kon Gr\u00f8nning - NSFF Magasin | Norsk Selskap for Fotografi\" \/>\n<meta property=\"og:description\" content=\"H\u00e5kon Gr\u00f8nning fikk sin interesse for foto vekket under en reise til India, Nepal og Burma i 1986, og meldte seg samme \u00e5r inn i Trondhjems Kameraklubb.\" \/>\n<meta property=\"og:url\" content=\"https:\/\/nsff.no\/magasinet\/2014\/12\/20\/portrett-hakon-gronning\/\" \/>\n<meta property=\"og:site_name\" content=\"NSFF Magasin | Norsk Selskap for Fotografi\" \/>\n<meta property=\"article:published_time\" content=\"2014-12-20T18:33:00+00:00\" \/>\n<meta property=\"article:modified_time\" content=\"2017-07-09T15:32:41+00:00\" \/>\n<meta property=\"og:image\" content=\"https:\/\/nsff.no\/magasinet\/wp-content\/uploads\/sites\/2\/2014\/12\/Everything-is-submarine_R.jpg\" \/>\n\t<meta property=\"og:image:width\" content=\"1\" \/>\n\t<meta property=\"og:image:height\" content=\"1\" \/>\n\t<meta property=\"og:image:type\" content=\"image\/jpeg\" \/>\n<meta name=\"author\" content=\"H\u00e5kon Gr\u00f8nning\" \/>\n<meta name=\"twitter:card\" content=\"summary_large_image\" \/>\n<meta name=\"twitter:label1\" content=\"Skrevet av\" \/>\n\t<meta name=\"twitter:data1\" content=\"H\u00e5kon Gr\u00f8nning\" \/>\n\t<meta name=\"twitter:label2\" content=\"Ansl. lesetid\" \/>\n\t<meta name=\"twitter:data2\" content=\"4 minutter\" \/>\n<script type=\"application\/ld+json\" class=\"yoast-schema-graph\">{\"@context\":\"https:\\\/\\\/schema.org\",\"@graph\":[{\"@type\":\"Article\",\"@id\":\"https:\\\/\\\/nsff.no\\\/magasinet\\\/2014\\\/12\\\/20\\\/portrett-hakon-gronning\\\/#article\",\"isPartOf\":{\"@id\":\"https:\\\/\\\/nsff.no\\\/magasinet\\\/2014\\\/12\\\/20\\\/portrett-hakon-gronning\\\/\"},\"author\":{\"name\":\"H\u00e5kon Gr\u00f8nning\",\"@id\":\"https:\\\/\\\/nsff.no\\\/magasinet\\\/#\\\/schema\\\/person\\\/01a34fbb553844e84b4aeabe91ef80cd\"},\"headline\":\"Portrett: H\u00e5kon Gr\u00f8nning\",\"datePublished\":\"2014-12-20T18:33:00+00:00\",\"dateModified\":\"2017-07-09T15:32:41+00:00\",\"mainEntityOfPage\":{\"@id\":\"https:\\\/\\\/nsff.no\\\/magasinet\\\/2014\\\/12\\\/20\\\/portrett-hakon-gronning\\\/\"},\"wordCount\":705,\"commentCount\":2,\"publisher\":{\"@id\":\"https:\\\/\\\/nsff.no\\\/magasinet\\\/#organization\"},\"image\":{\"@id\":\"https:\\\/\\\/nsff.no\\\/magasinet\\\/2014\\\/12\\\/20\\\/portrett-hakon-gronning\\\/#primaryimage\"},\"thumbnailUrl\":\"https:\\\/\\\/nsff.no\\\/magasinet\\\/wp-content\\\/uploads\\\/sites\\\/2\\\/2014\\\/12\\\/Everything-is-submarine_R.jpg\",\"keywords\":[\"H\u00e5kon Gr\u00f8nning\",\"medlemsportrett\",\"Trondhjems Kameraklubb\"],\"articleSection\":[\"Medlemmer\",\"Presentasjoner\"],\"inLanguage\":\"nb-NO\",\"potentialAction\":[{\"@type\":\"CommentAction\",\"name\":\"Comment\",\"target\":[\"https:\\\/\\\/nsff.no\\\/magasinet\\\/2014\\\/12\\\/20\\\/portrett-hakon-gronning\\\/#respond\"]}]},{\"@type\":\"WebPage\",\"@id\":\"https:\\\/\\\/nsff.no\\\/magasinet\\\/2014\\\/12\\\/20\\\/portrett-hakon-gronning\\\/\",\"url\":\"https:\\\/\\\/nsff.no\\\/magasinet\\\/2014\\\/12\\\/20\\\/portrett-hakon-gronning\\\/\",\"name\":\"Portrett: H\u00e5kon Gr\u00f8nning - NSFF Magasin | Norsk Selskap for Fotografi\",\"isPartOf\":{\"@id\":\"https:\\\/\\\/nsff.no\\\/magasinet\\\/#website\"},\"primaryImageOfPage\":{\"@id\":\"https:\\\/\\\/nsff.no\\\/magasinet\\\/2014\\\/12\\\/20\\\/portrett-hakon-gronning\\\/#primaryimage\"},\"image\":{\"@id\":\"https:\\\/\\\/nsff.no\\\/magasinet\\\/2014\\\/12\\\/20\\\/portrett-hakon-gronning\\\/#primaryimage\"},\"thumbnailUrl\":\"https:\\\/\\\/nsff.no\\\/magasinet\\\/wp-content\\\/uploads\\\/sites\\\/2\\\/2014\\\/12\\\/Everything-is-submarine_R.jpg\",\"datePublished\":\"2014-12-20T18:33:00+00:00\",\"dateModified\":\"2017-07-09T15:32:41+00:00\",\"description\":\"H\u00e5kon Gr\u00f8nning fikk sin interesse for foto vekket under en reise til India, Nepal og Burma i 1986, og meldte seg samme \u00e5r inn i Trondhjems Kameraklubb.\",\"breadcrumb\":{\"@id\":\"https:\\\/\\\/nsff.no\\\/magasinet\\\/2014\\\/12\\\/20\\\/portrett-hakon-gronning\\\/#breadcrumb\"},\"inLanguage\":\"nb-NO\",\"potentialAction\":[{\"@type\":\"ReadAction\",\"target\":[\"https:\\\/\\\/nsff.no\\\/magasinet\\\/2014\\\/12\\\/20\\\/portrett-hakon-gronning\\\/\"]}]},{\"@type\":\"ImageObject\",\"inLanguage\":\"nb-NO\",\"@id\":\"https:\\\/\\\/nsff.no\\\/magasinet\\\/2014\\\/12\\\/20\\\/portrett-hakon-gronning\\\/#primaryimage\",\"url\":\"https:\\\/\\\/nsff.no\\\/magasinet\\\/wp-content\\\/uploads\\\/sites\\\/2\\\/2014\\\/12\\\/Everything-is-submarine_R.jpg\",\"contentUrl\":\"https:\\\/\\\/nsff.no\\\/magasinet\\\/wp-content\\\/uploads\\\/sites\\\/2\\\/2014\\\/12\\\/Everything-is-submarine_R.jpg\",\"caption\":\"Everything is submarine--H\u00e5kon Gr\u00f8nning\"},{\"@type\":\"BreadcrumbList\",\"@id\":\"https:\\\/\\\/nsff.no\\\/magasinet\\\/2014\\\/12\\\/20\\\/portrett-hakon-gronning\\\/#breadcrumb\",\"itemListElement\":[{\"@type\":\"ListItem\",\"position\":1,\"name\":\"Hjem\",\"item\":\"https:\\\/\\\/nsff.no\\\/magasinet\\\/\"},{\"@type\":\"ListItem\",\"position\":2,\"name\":\"Portrett: H\u00e5kon Gr\u00f8nning\"}]},{\"@type\":\"WebSite\",\"@id\":\"https:\\\/\\\/nsff.no\\\/magasinet\\\/#website\",\"url\":\"https:\\\/\\\/nsff.no\\\/magasinet\\\/\",\"name\":\"NSFF Magasin | Norsk Selskap for Fotografi\",\"description\":\"Medlemsmagasin for film- og fotoentusiaster\",\"publisher\":{\"@id\":\"https:\\\/\\\/nsff.no\\\/magasinet\\\/#organization\"},\"potentialAction\":[{\"@type\":\"SearchAction\",\"target\":{\"@type\":\"EntryPoint\",\"urlTemplate\":\"https:\\\/\\\/nsff.no\\\/magasinet\\\/?s={search_term_string}\"},\"query-input\":{\"@type\":\"PropertyValueSpecification\",\"valueRequired\":true,\"valueName\":\"search_term_string\"}}],\"inLanguage\":\"nb-NO\"},{\"@type\":\"Organization\",\"@id\":\"https:\\\/\\\/nsff.no\\\/magasinet\\\/#organization\",\"name\":\"Norsk Selskap for Fotografo\",\"url\":\"https:\\\/\\\/nsff.no\\\/magasinet\\\/\",\"logo\":{\"@type\":\"ImageObject\",\"inLanguage\":\"nb-NO\",\"@id\":\"https:\\\/\\\/nsff.no\\\/magasinet\\\/#\\\/schema\\\/logo\\\/image\\\/\",\"url\":\"https:\\\/\\\/nsff.no\\\/magasinet\\\/wp-content\\\/uploads\\\/sites\\\/2\\\/2016\\\/05\\\/NSFF-fb-lenkebilde.png\",\"contentUrl\":\"https:\\\/\\\/nsff.no\\\/magasinet\\\/wp-content\\\/uploads\\\/sites\\\/2\\\/2016\\\/05\\\/NSFF-fb-lenkebilde.png\",\"width\":1,\"height\":1,\"caption\":\"Norsk Selskap for Fotografo\"},\"image\":{\"@id\":\"https:\\\/\\\/nsff.no\\\/magasinet\\\/#\\\/schema\\\/logo\\\/image\\\/\"}},{\"@type\":\"Person\",\"@id\":\"https:\\\/\\\/nsff.no\\\/magasinet\\\/#\\\/schema\\\/person\\\/01a34fbb553844e84b4aeabe91ef80cd\",\"name\":\"H\u00e5kon Gr\u00f8nning\",\"image\":{\"@type\":\"ImageObject\",\"inLanguage\":\"nb-NO\",\"@id\":\"https:\\\/\\\/secure.gravatar.com\\\/avatar\\\/a280f8fb1b4e2f156d49075f8daffee94f66c92301d1647696ac4e8622629f74?s=96&d=mm&r=g\",\"url\":\"https:\\\/\\\/secure.gravatar.com\\\/avatar\\\/a280f8fb1b4e2f156d49075f8daffee94f66c92301d1647696ac4e8622629f74?s=96&d=mm&r=g\",\"contentUrl\":\"https:\\\/\\\/secure.gravatar.com\\\/avatar\\\/a280f8fb1b4e2f156d49075f8daffee94f66c92301d1647696ac4e8622629f74?s=96&d=mm&r=g\",\"caption\":\"H\u00e5kon Gr\u00f8nning\"},\"description\":\"\u00c6resmedlem i Trondhjems Kameraklubb. ANSFF (2015), ENSFF (2015); AFIAP (2015), EFIAP (2016), EFIAP\\\/b (2017), EFIAP\\\/s (2018), EFIAP\\\/g (2019); NSMiF\\\/b (2018), NSMiF\\\/s (2019).\",\"sameAs\":[\"https:\\\/\\\/hgrfoto.wordpress.com\\\/\"],\"url\":\"https:\\\/\\\/nsff.no\\\/magasinet\\\/author\\\/hakongronning\\\/\"}]}<\/script>\n<!-- \/ Yoast SEO plugin. -->","yoast_head_json":{"title":"Portrett: H\u00e5kon Gr\u00f8nning - NSFF Magasin | Norsk Selskap for Fotografi","description":"H\u00e5kon Gr\u00f8nning fikk sin interesse for foto vekket under en reise til India, Nepal og Burma i 1986, og meldte seg samme \u00e5r inn i Trondhjems Kameraklubb.","robots":{"index":"index","follow":"follow","max-snippet":"max-snippet:-1","max-image-preview":"max-image-preview:large","max-video-preview":"max-video-preview:-1"},"canonical":"https:\/\/nsff.no\/magasinet\/2014\/12\/20\/portrett-hakon-gronning\/","og_locale":"nb_NO","og_type":"article","og_title":"Portrett: H\u00e5kon Gr\u00f8nning - NSFF Magasin | Norsk Selskap for Fotografi","og_description":"H\u00e5kon Gr\u00f8nning fikk sin interesse for foto vekket under en reise til India, Nepal og Burma i 1986, og meldte seg samme \u00e5r inn i Trondhjems Kameraklubb.","og_url":"https:\/\/nsff.no\/magasinet\/2014\/12\/20\/portrett-hakon-gronning\/","og_site_name":"NSFF Magasin | Norsk Selskap for Fotografi","article_published_time":"2014-12-20T18:33:00+00:00","article_modified_time":"2017-07-09T15:32:41+00:00","og_image":[{"url":"https:\/\/nsff.no\/magasinet\/wp-content\/uploads\/sites\/2\/2014\/12\/Everything-is-submarine_R.jpg","width":1,"height":1,"type":"image\/jpeg"}],"author":"H\u00e5kon Gr\u00f8nning","twitter_card":"summary_large_image","twitter_misc":{"Skrevet av":"H\u00e5kon Gr\u00f8nning","Ansl. lesetid":"4 minutter"},"schema":{"@context":"https:\/\/schema.org","@graph":[{"@type":"Article","@id":"https:\/\/nsff.no\/magasinet\/2014\/12\/20\/portrett-hakon-gronning\/#article","isPartOf":{"@id":"https:\/\/nsff.no\/magasinet\/2014\/12\/20\/portrett-hakon-gronning\/"},"author":{"name":"H\u00e5kon Gr\u00f8nning","@id":"https:\/\/nsff.no\/magasinet\/#\/schema\/person\/01a34fbb553844e84b4aeabe91ef80cd"},"headline":"Portrett: H\u00e5kon Gr\u00f8nning","datePublished":"2014-12-20T18:33:00+00:00","dateModified":"2017-07-09T15:32:41+00:00","mainEntityOfPage":{"@id":"https:\/\/nsff.no\/magasinet\/2014\/12\/20\/portrett-hakon-gronning\/"},"wordCount":705,"commentCount":2,"publisher":{"@id":"https:\/\/nsff.no\/magasinet\/#organization"},"image":{"@id":"https:\/\/nsff.no\/magasinet\/2014\/12\/20\/portrett-hakon-gronning\/#primaryimage"},"thumbnailUrl":"https:\/\/nsff.no\/magasinet\/wp-content\/uploads\/sites\/2\/2014\/12\/Everything-is-submarine_R.jpg","keywords":["H\u00e5kon Gr\u00f8nning","medlemsportrett","Trondhjems Kameraklubb"],"articleSection":["Medlemmer","Presentasjoner"],"inLanguage":"nb-NO","potentialAction":[{"@type":"CommentAction","name":"Comment","target":["https:\/\/nsff.no\/magasinet\/2014\/12\/20\/portrett-hakon-gronning\/#respond"]}]},{"@type":"WebPage","@id":"https:\/\/nsff.no\/magasinet\/2014\/12\/20\/portrett-hakon-gronning\/","url":"https:\/\/nsff.no\/magasinet\/2014\/12\/20\/portrett-hakon-gronning\/","name":"Portrett: H\u00e5kon Gr\u00f8nning - NSFF Magasin | Norsk Selskap for Fotografi","isPartOf":{"@id":"https:\/\/nsff.no\/magasinet\/#website"},"primaryImageOfPage":{"@id":"https:\/\/nsff.no\/magasinet\/2014\/12\/20\/portrett-hakon-gronning\/#primaryimage"},"image":{"@id":"https:\/\/nsff.no\/magasinet\/2014\/12\/20\/portrett-hakon-gronning\/#primaryimage"},"thumbnailUrl":"https:\/\/nsff.no\/magasinet\/wp-content\/uploads\/sites\/2\/2014\/12\/Everything-is-submarine_R.jpg","datePublished":"2014-12-20T18:33:00+00:00","dateModified":"2017-07-09T15:32:41+00:00","description":"H\u00e5kon Gr\u00f8nning fikk sin interesse for foto vekket under en reise til India, Nepal og Burma i 1986, og meldte seg samme \u00e5r inn i Trondhjems Kameraklubb.","breadcrumb":{"@id":"https:\/\/nsff.no\/magasinet\/2014\/12\/20\/portrett-hakon-gronning\/#breadcrumb"},"inLanguage":"nb-NO","potentialAction":[{"@type":"ReadAction","target":["https:\/\/nsff.no\/magasinet\/2014\/12\/20\/portrett-hakon-gronning\/"]}]},{"@type":"ImageObject","inLanguage":"nb-NO","@id":"https:\/\/nsff.no\/magasinet\/2014\/12\/20\/portrett-hakon-gronning\/#primaryimage","url":"https:\/\/nsff.no\/magasinet\/wp-content\/uploads\/sites\/2\/2014\/12\/Everything-is-submarine_R.jpg","contentUrl":"https:\/\/nsff.no\/magasinet\/wp-content\/uploads\/sites\/2\/2014\/12\/Everything-is-submarine_R.jpg","caption":"Everything is submarine--H\u00e5kon Gr\u00f8nning"},{"@type":"BreadcrumbList","@id":"https:\/\/nsff.no\/magasinet\/2014\/12\/20\/portrett-hakon-gronning\/#breadcrumb","itemListElement":[{"@type":"ListItem","position":1,"name":"Hjem","item":"https:\/\/nsff.no\/magasinet\/"},{"@type":"ListItem","position":2,"name":"Portrett: H\u00e5kon Gr\u00f8nning"}]},{"@type":"WebSite","@id":"https:\/\/nsff.no\/magasinet\/#website","url":"https:\/\/nsff.no\/magasinet\/","name":"NSFF Magasin | Norsk Selskap for Fotografi","description":"Medlemsmagasin for film- og fotoentusiaster","publisher":{"@id":"https:\/\/nsff.no\/magasinet\/#organization"},"potentialAction":[{"@type":"SearchAction","target":{"@type":"EntryPoint","urlTemplate":"https:\/\/nsff.no\/magasinet\/?s={search_term_string}"},"query-input":{"@type":"PropertyValueSpecification","valueRequired":true,"valueName":"search_term_string"}}],"inLanguage":"nb-NO"},{"@type":"Organization","@id":"https:\/\/nsff.no\/magasinet\/#organization","name":"Norsk Selskap for Fotografo","url":"https:\/\/nsff.no\/magasinet\/","logo":{"@type":"ImageObject","inLanguage":"nb-NO","@id":"https:\/\/nsff.no\/magasinet\/#\/schema\/logo\/image\/","url":"https:\/\/nsff.no\/magasinet\/wp-content\/uploads\/sites\/2\/2016\/05\/NSFF-fb-lenkebilde.png","contentUrl":"https:\/\/nsff.no\/magasinet\/wp-content\/uploads\/sites\/2\/2016\/05\/NSFF-fb-lenkebilde.png","width":1,"height":1,"caption":"Norsk Selskap for Fotografo"},"image":{"@id":"https:\/\/nsff.no\/magasinet\/#\/schema\/logo\/image\/"}},{"@type":"Person","@id":"https:\/\/nsff.no\/magasinet\/#\/schema\/person\/01a34fbb553844e84b4aeabe91ef80cd","name":"H\u00e5kon Gr\u00f8nning","image":{"@type":"ImageObject","inLanguage":"nb-NO","@id":"https:\/\/secure.gravatar.com\/avatar\/a280f8fb1b4e2f156d49075f8daffee94f66c92301d1647696ac4e8622629f74?s=96&d=mm&r=g","url":"https:\/\/secure.gravatar.com\/avatar\/a280f8fb1b4e2f156d49075f8daffee94f66c92301d1647696ac4e8622629f74?s=96&d=mm&r=g","contentUrl":"https:\/\/secure.gravatar.com\/avatar\/a280f8fb1b4e2f156d49075f8daffee94f66c92301d1647696ac4e8622629f74?s=96&d=mm&r=g","caption":"H\u00e5kon Gr\u00f8nning"},"description":"\u00c6resmedlem i Trondhjems Kameraklubb. ANSFF (2015), ENSFF (2015); AFIAP (2015), EFIAP (2016), EFIAP\/b (2017), EFIAP\/s (2018), EFIAP\/g (2019); NSMiF\/b (2018), NSMiF\/s (2019).","sameAs":["https:\/\/hgrfoto.wordpress.com\/"],"url":"https:\/\/nsff.no\/magasinet\/author\/hakongronning\/"}]}},"_links":{"self":[{"href":"https:\/\/nsff.no\/magasinet\/wp-json\/wp\/v2\/posts\/1377","targetHints":{"allow":["GET"]}}],"collection":[{"href":"https:\/\/nsff.no\/magasinet\/wp-json\/wp\/v2\/posts"}],"about":[{"href":"https:\/\/nsff.no\/magasinet\/wp-json\/wp\/v2\/types\/post"}],"author":[{"embeddable":true,"href":"https:\/\/nsff.no\/magasinet\/wp-json\/wp\/v2\/users\/25"}],"replies":[{"embeddable":true,"href":"https:\/\/nsff.no\/magasinet\/wp-json\/wp\/v2\/comments?post=1377"}],"version-history":[{"count":5,"href":"https:\/\/nsff.no\/magasinet\/wp-json\/wp\/v2\/posts\/1377\/revisions"}],"predecessor-version":[{"id":5866,"href":"https:\/\/nsff.no\/magasinet\/wp-json\/wp\/v2\/posts\/1377\/revisions\/5866"}],"wp:featuredmedia":[{"embeddable":true,"href":"https:\/\/nsff.no\/magasinet\/wp-json\/wp\/v2\/media\/1349"}],"wp:attachment":[{"href":"https:\/\/nsff.no\/magasinet\/wp-json\/wp\/v2\/media?parent=1377"}],"wp:term":[{"taxonomy":"category","embeddable":true,"href":"https:\/\/nsff.no\/magasinet\/wp-json\/wp\/v2\/categories?post=1377"},{"taxonomy":"post_tag","embeddable":true,"href":"https:\/\/nsff.no\/magasinet\/wp-json\/wp\/v2\/tags?post=1377"}],"curies":[{"name":"wp","href":"https:\/\/api.w.org\/{rel}","templated":true}]}}