{"id":12866,"date":"2023-12-22T12:57:24","date_gmt":"2023-12-22T11:57:24","guid":{"rendered":"https:\/\/nsff.no\/magasinet\/?p=12866"},"modified":"2023-12-22T12:57:27","modified_gmt":"2023-12-22T11:57:27","slug":"nasjonalt-film-og-fototreff-i-trondheim-i-juni-2023-mennesker-og-moteplasser","status":"publish","type":"post","link":"https:\/\/nsff.no\/magasinet\/2023\/12\/22\/nasjonalt-film-og-fototreff-i-trondheim-i-juni-2023-mennesker-og-moteplasser\/","title":{"rendered":"Nasjonalt film- og fototreff i Trondheim i juni 2023 &#8211; Mennesker og m\u00f8teplasser"},"content":{"rendered":"<p>[et_pb_section fb_built=&raquo;1&#8243; _builder_version=&raquo;4.23.1&#8243; _module_preset=&raquo;default&raquo; global_colors_info=&raquo;{}&raquo;][et_pb_row _builder_version=&raquo;4.23.1&#8243; _module_preset=&raquo;default&raquo; global_colors_info=&raquo;{}&raquo;][et_pb_column type=&raquo;4_4&#8243; _builder_version=&raquo;4.23.1&#8243; _module_preset=&raquo;default&raquo; global_colors_info=&raquo;{}&raquo;][et_pb_text _builder_version=&raquo;4.23.1&#8243; _module_preset=&raquo;default&raquo; global_colors_info=&raquo;{}&raquo;]<\/p>\n<p><span data-contrast=\"auto\">F\u00f8rste helga i juni arrangerte Trondhjems Kameraklubb (TKK) Nasjonalt film- og fototreff i Trondheim. Treffet som hadde &laquo;<\/span><i><span data-contrast=\"auto\">Mennesker og m\u00f8teplasser&raquo;<\/span><\/i><span data-contrast=\"auto\"> som en r\u00f8d tr\u00e5d gjennom alle tre dagene, var en del av klubbens 95-\u00e5rsmarkering, ti \u00e5r etter forrige treff i tr\u00f8nderhovedstaden.<\/span><span data-ccp-props=\"{&quot;201341983&quot;:0,&quot;335559739&quot;:160,&quot;335559740&quot;:240}\">\u00a0<\/span><\/p>\n<p><span data-contrast=\"auto\">I alt 61 glade amat\u00f8rfotografer fra 15 ulike fotoklubber fikk oppleve spennende foredrag, fotoutstillinger og fotovandringer\/workshops i grupper rundt i byen. En sp\u00f8rreunders\u00f8kelse som ble sendt ut etter treffet, tyder p\u00e5 at det ogs\u00e5 var s\u00e6rdeles forn\u00f8yde fotografer som reiste hjem etter treffet.\u00a0<\/span><span data-ccp-props=\"{&quot;201341983&quot;:0,&quot;335559739&quot;:160,&quot;335559740&quot;:240}\">\u00a0<\/span><\/p>\n<p><span data-contrast=\"auto\">Rektor ved Norsk Fotofagskole i Trondheim, GT Nergaard, satte tonen i sitt \u00e5pningsforedrag, med tittelen \u00abFotografiet som en velsignelse og forbannelse \u2013 veien til mitt personlige uttrykk og fotografiske identitet\u00bb.\u00a0<\/span><span data-ccp-props=\"{&quot;201341983&quot;:0,&quot;335559739&quot;:160,&quot;335559740&quot;:240}\">\u00a0<\/span><\/p>\n<p><span data-ccp-props=\"{&quot;201341983&quot;:0,&quot;335559739&quot;:160,&quot;335559740&quot;:259}\">\u00a0<\/span><\/p>\n<p>[\/et_pb_text][et_pb_gallery gallery_ids=&raquo;12931,12930,12929,12928&#8243; _builder_version=&raquo;4.23.1&#8243; _module_preset=&raquo;default&raquo; global_colors_info=&raquo;{}&raquo;][\/et_pb_gallery][et_pb_text admin_label=&raquo;Tekst&raquo; _builder_version=&raquo;4.23.1&#8243; _module_preset=&raquo;default&raquo; global_colors_info=&raquo;{}&raquo;]<\/p>\n<p><span data-contrast=\"auto\">L\u00f8rdagen \u00e5pnet med en spennende ung kunstfotograf, Henriette Sagfjord. Under overskriften \u00abEn lek med virkeligheten\u00bb b\u00f8d hun raust p\u00e5 seg selv, ikke bare gjennom bilder og prosjekter, men ogs\u00e5 gjennom metode i planlegging og gjennomf\u00f8ring. If\u00f8lge evalueringen var dette et h\u00f8ydepunkt for mange av deltakerne. <\/span><br \/><span data-contrast=\"auto\">Andre foredragsholdere var Trine Melhuus, Siri Nordberg Malvik, Magnus Skatvold, H\u00e5vard Jensen, Knut Aage Dahl og Jonas Hallberg Eggen.<\/span><span data-ccp-props=\"{&quot;201341983&quot;:0,&quot;335559739&quot;:160,&quot;335559740&quot;:240}\">\u00a0<\/span><\/p>\n<p><span data-contrast=\"auto\">Tradisjonelt har det v\u00e6rt arrangert en konkurranse i form av fotomaraton under treffene. Vi valgte en annen vri. Treffet skulle ogs\u00e5 v\u00e6re en m\u00f8teplass for mennesker; derfor satte vi sammen grupper etter fotofaglig interesse, og arrangerte sm\u00e5 workshops rundt i byen. Premier ble det likevel \u2013 ved loddtrekning, etter en gjennomgang av alle innleverte bilder.\u00a0<\/span><span data-ccp-props=\"{&quot;201341983&quot;:0,&quot;335559739&quot;:160,&quot;335559740&quot;:240}\">\u00a0<\/span><\/p>\n<p>[\/et_pb_text][et_pb_gallery gallery_ids=&raquo;12924,12923,12920,12919&#8243; _builder_version=&raquo;4.23.1&#8243; _module_preset=&raquo;default&raquo; global_colors_info=&raquo;{}&raquo;][\/et_pb_gallery][et_pb_text _builder_version=&raquo;4.23.1&#8243; _module_preset=&raquo;default&raquo; global_colors_info=&raquo;{}&raquo;]<\/p>\n<p><span data-contrast=\"auto\">Trondhjems Kameraklubb har v\u00e6rt et aktivt og levende fotomilj\u00f8 i Trondheim siden 1928. Et av m\u00e5lene med \u00e5 invitere fotografer til nasjonalt treff, var \u00e5 vise fram Trondheim by; b\u00e5de de velkjente motivene og de stedene som er mindre kjent b\u00e5de for byens innbyggere og tilreisende. Under workshoper og valgfri aktiviteter ble b\u00e5de \u00abSvartlamoen\u00bb, Ila og Veitene i Midtbyen bes\u00f8kt, samt Bakklandet med bes\u00f8k p\u00e5 galleri Akron. Spesielt popul\u00e6rt var muligheten til \u00e5 fotografere i Nidarosdomen s\u00f8ndag, der et flertall av deltakerne hadde meldt seg p\u00e5.<\/span><span data-ccp-props=\"{&quot;134233117&quot;:true,&quot;134233118&quot;:true,&quot;201341983&quot;:0,&quot;335559740&quot;:240}\">\u00a0<\/span><\/p>\n<p><span data-contrast=\"auto\">Kunst inspirerer, uansett sjanger. Derfor fikk deltakerne som en ekstra bonus, en guidet omvisning i nyskapingen K.U.K. (Kj\u00f8pmannsgata Ung Kunst) f\u00f8r festmiddagen p\u00e5 Gubalari l\u00f8rdag kveld.\u00a0<\/span><span data-ccp-props=\"{&quot;134233117&quot;:true,&quot;134233118&quot;:true,&quot;201341983&quot;:0,&quot;335559740&quot;:240}\">\u00a0<\/span><\/p>\n<p><span data-contrast=\"auto\">For Trondhjems Kameraklubb var det en glede \u00e5 samle fotovenner fra hele landet til treff. Vi h\u00e5per det blir flere nasjonale fototreff i fortsettelsen, og oppfordrer alle til \u00e5 st\u00f8tte opp om kommende arrangementer. <\/span><\/p>\n<blockquote>\n<p><span data-contrast=\"auto\">Det er ren lykke \u00e5 tilbringe ei hel helg i fotobobla!<\/span><span data-ccp-props=\"{&quot;201341983&quot;:0,&quot;335559739&quot;:160,&quot;335559740&quot;:259}\">\u00a0<\/span><\/p>\n<\/blockquote>\n<p>[\/et_pb_text][et_pb_gallery gallery_ids=&raquo;12909,12912,12913,12914&#8243; _builder_version=&raquo;4.23.1&#8243; _module_preset=&raquo;default&raquo; global_colors_info=&raquo;{}&raquo;][\/et_pb_gallery][\/et_pb_column][\/et_pb_row][\/et_pb_section]<\/p>\n","protected":false},"excerpt":{"rendered":"<p>Nasjonalt film- og fototreff i Trondheim i juni 2023<\/p>\n","protected":false},"author":85,"featured_media":12918,"comment_status":"open","ping_status":"open","sticky":false,"template":"","format":"standard","meta":{"_et_pb_use_builder":"on","_et_pb_old_content":"","_et_gb_content_width":"","footnotes":""},"categories":[14,623],"tags":[109,891],"class_list":["post-12866","post","type-post","status-publish","format-standard","has-post-thumbnail","hentry","category-nyheter","category-treff","tag-nasjonalt-film-og-fototreff","tag-nasjonalt-film-og-fototreff-i-trondheim-i-juni-2023","et-has-post-format-content","et_post_format-et-post-format-standard"],"yoast_head":"<!-- This site is optimized with the Yoast SEO plugin v27.5 - https:\/\/yoast.com\/product\/yoast-seo-wordpress\/ -->\n<title>Nasjonalt film- og fototreff i Trondheim i juni 2023 - Mennesker og m\u00f8teplasser - NSFF Magasin | Norsk Selskap for Fotografi<\/title>\n<meta name=\"robots\" content=\"index, follow, max-snippet:-1, max-image-preview:large, max-video-preview:-1\" \/>\n<link rel=\"canonical\" href=\"https:\/\/nsff.no\/magasinet\/2023\/12\/22\/nasjonalt-film-og-fototreff-i-trondheim-i-juni-2023-mennesker-og-moteplasser\/\" \/>\n<meta property=\"og:locale\" content=\"nb_NO\" \/>\n<meta property=\"og:type\" content=\"article\" \/>\n<meta property=\"og:title\" content=\"Nasjonalt film- og fototreff i Trondheim i juni 2023\" \/>\n<meta property=\"og:description\" content=\"Nasjonalt film- og fototreff i Trondheim i juni 2023\" \/>\n<meta property=\"og:url\" content=\"https:\/\/nsff.no\/magasinet\/2023\/12\/22\/nasjonalt-film-og-fototreff-i-trondheim-i-juni-2023-mennesker-og-moteplasser\/\" \/>\n<meta property=\"og:site_name\" content=\"NSFF Magasin | Norsk Selskap for Fotografi\" \/>\n<meta property=\"article:published_time\" content=\"2023-12-22T11:57:24+00:00\" \/>\n<meta property=\"article:modified_time\" content=\"2023-12-22T11:57:27+00:00\" \/>\n<meta property=\"og:image\" content=\"https:\/\/nsff.no\/magasinet\/wp-content\/uploads\/sites\/2\/2023\/12\/20230603_142524_Alberto-Commodaro-scaled.jpg\" \/>\n\t<meta property=\"og:image:width\" content=\"2560\" \/>\n\t<meta property=\"og:image:height\" content=\"1244\" \/>\n\t<meta property=\"og:image:type\" content=\"image\/jpeg\" \/>\n<meta name=\"author\" content=\"Anne Katharine Dahl\" \/>\n<meta name=\"twitter:card\" content=\"summary_large_image\" \/>\n<meta name=\"twitter:label1\" content=\"Skrevet av\" \/>\n\t<meta name=\"twitter:data1\" content=\"Anne Katharine Dahl\" \/>\n\t<meta name=\"twitter:label2\" content=\"Ansl. lesetid\" \/>\n\t<meta name=\"twitter:data2\" content=\"5 minutter\" \/>\n<script type=\"application\/ld+json\" class=\"yoast-schema-graph\">{\"@context\":\"https:\\\/\\\/schema.org\",\"@graph\":[{\"@type\":\"Article\",\"@id\":\"https:\\\/\\\/nsff.no\\\/magasinet\\\/2023\\\/12\\\/22\\\/nasjonalt-film-og-fototreff-i-trondheim-i-juni-2023-mennesker-og-moteplasser\\\/#article\",\"isPartOf\":{\"@id\":\"https:\\\/\\\/nsff.no\\\/magasinet\\\/2023\\\/12\\\/22\\\/nasjonalt-film-og-fototreff-i-trondheim-i-juni-2023-mennesker-og-moteplasser\\\/\"},\"author\":{\"name\":\"Anne Katharine Dahl\",\"@id\":\"https:\\\/\\\/nsff.no\\\/magasinet\\\/#\\\/schema\\\/person\\\/90e37ce5f6558dee80fbe3b6100b5e54\"},\"headline\":\"Nasjonalt film- og fototreff i Trondheim i juni 2023 &#8211; Mennesker og m\u00f8teplasser\",\"datePublished\":\"2023-12-22T11:57:24+00:00\",\"dateModified\":\"2023-12-22T11:57:27+00:00\",\"mainEntityOfPage\":{\"@id\":\"https:\\\/\\\/nsff.no\\\/magasinet\\\/2023\\\/12\\\/22\\\/nasjonalt-film-og-fototreff-i-trondheim-i-juni-2023-mennesker-og-moteplasser\\\/\"},\"wordCount\":567,\"commentCount\":0,\"publisher\":{\"@id\":\"https:\\\/\\\/nsff.no\\\/magasinet\\\/#organization\"},\"image\":{\"@id\":\"https:\\\/\\\/nsff.no\\\/magasinet\\\/2023\\\/12\\\/22\\\/nasjonalt-film-og-fototreff-i-trondheim-i-juni-2023-mennesker-og-moteplasser\\\/#primaryimage\"},\"thumbnailUrl\":\"https:\\\/\\\/nsff.no\\\/magasinet\\\/wp-content\\\/uploads\\\/sites\\\/2\\\/2023\\\/12\\\/20230603_142524_Alberto-Commodaro-scaled.jpg\",\"keywords\":[\"Nasjonalt Film- og Fototreff\",\"Nasjonalt film- og fototreff i Trondheim i juni 2023\"],\"articleSection\":[\"Nyheter\",\"Treff\"],\"inLanguage\":\"nb-NO\",\"potentialAction\":[{\"@type\":\"CommentAction\",\"name\":\"Comment\",\"target\":[\"https:\\\/\\\/nsff.no\\\/magasinet\\\/2023\\\/12\\\/22\\\/nasjonalt-film-og-fototreff-i-trondheim-i-juni-2023-mennesker-og-moteplasser\\\/#respond\"]}]},{\"@type\":\"WebPage\",\"@id\":\"https:\\\/\\\/nsff.no\\\/magasinet\\\/2023\\\/12\\\/22\\\/nasjonalt-film-og-fototreff-i-trondheim-i-juni-2023-mennesker-og-moteplasser\\\/\",\"url\":\"https:\\\/\\\/nsff.no\\\/magasinet\\\/2023\\\/12\\\/22\\\/nasjonalt-film-og-fototreff-i-trondheim-i-juni-2023-mennesker-og-moteplasser\\\/\",\"name\":\"Nasjonalt film- og fototreff i Trondheim i juni 2023 - Mennesker og m\u00f8teplasser - NSFF Magasin | Norsk Selskap for Fotografi\",\"isPartOf\":{\"@id\":\"https:\\\/\\\/nsff.no\\\/magasinet\\\/#website\"},\"primaryImageOfPage\":{\"@id\":\"https:\\\/\\\/nsff.no\\\/magasinet\\\/2023\\\/12\\\/22\\\/nasjonalt-film-og-fototreff-i-trondheim-i-juni-2023-mennesker-og-moteplasser\\\/#primaryimage\"},\"image\":{\"@id\":\"https:\\\/\\\/nsff.no\\\/magasinet\\\/2023\\\/12\\\/22\\\/nasjonalt-film-og-fototreff-i-trondheim-i-juni-2023-mennesker-og-moteplasser\\\/#primaryimage\"},\"thumbnailUrl\":\"https:\\\/\\\/nsff.no\\\/magasinet\\\/wp-content\\\/uploads\\\/sites\\\/2\\\/2023\\\/12\\\/20230603_142524_Alberto-Commodaro-scaled.jpg\",\"datePublished\":\"2023-12-22T11:57:24+00:00\",\"dateModified\":\"2023-12-22T11:57:27+00:00\",\"breadcrumb\":{\"@id\":\"https:\\\/\\\/nsff.no\\\/magasinet\\\/2023\\\/12\\\/22\\\/nasjonalt-film-og-fototreff-i-trondheim-i-juni-2023-mennesker-og-moteplasser\\\/#breadcrumb\"},\"inLanguage\":\"nb-NO\",\"potentialAction\":[{\"@type\":\"ReadAction\",\"target\":[\"https:\\\/\\\/nsff.no\\\/magasinet\\\/2023\\\/12\\\/22\\\/nasjonalt-film-og-fototreff-i-trondheim-i-juni-2023-mennesker-og-moteplasser\\\/\"]}]},{\"@type\":\"ImageObject\",\"inLanguage\":\"nb-NO\",\"@id\":\"https:\\\/\\\/nsff.no\\\/magasinet\\\/2023\\\/12\\\/22\\\/nasjonalt-film-og-fototreff-i-trondheim-i-juni-2023-mennesker-og-moteplasser\\\/#primaryimage\",\"url\":\"https:\\\/\\\/nsff.no\\\/magasinet\\\/wp-content\\\/uploads\\\/sites\\\/2\\\/2023\\\/12\\\/20230603_142524_Alberto-Commodaro-scaled.jpg\",\"contentUrl\":\"https:\\\/\\\/nsff.no\\\/magasinet\\\/wp-content\\\/uploads\\\/sites\\\/2\\\/2023\\\/12\\\/20230603_142524_Alberto-Commodaro-scaled.jpg\",\"width\":2560,\"height\":1244,\"caption\":\"Foto: Alberto Commodaro\"},{\"@type\":\"BreadcrumbList\",\"@id\":\"https:\\\/\\\/nsff.no\\\/magasinet\\\/2023\\\/12\\\/22\\\/nasjonalt-film-og-fototreff-i-trondheim-i-juni-2023-mennesker-og-moteplasser\\\/#breadcrumb\",\"itemListElement\":[{\"@type\":\"ListItem\",\"position\":1,\"name\":\"Hjem\",\"item\":\"https:\\\/\\\/nsff.no\\\/magasinet\\\/\"},{\"@type\":\"ListItem\",\"position\":2,\"name\":\"Nasjonalt film- og fototreff i Trondheim i juni 2023 &#8211; Mennesker og m\u00f8teplasser\"}]},{\"@type\":\"WebSite\",\"@id\":\"https:\\\/\\\/nsff.no\\\/magasinet\\\/#website\",\"url\":\"https:\\\/\\\/nsff.no\\\/magasinet\\\/\",\"name\":\"NSFF Magasin | Norsk Selskap for Fotografi\",\"description\":\"Medlemsmagasin for film- og fotoentusiaster\",\"publisher\":{\"@id\":\"https:\\\/\\\/nsff.no\\\/magasinet\\\/#organization\"},\"potentialAction\":[{\"@type\":\"SearchAction\",\"target\":{\"@type\":\"EntryPoint\",\"urlTemplate\":\"https:\\\/\\\/nsff.no\\\/magasinet\\\/?s={search_term_string}\"},\"query-input\":{\"@type\":\"PropertyValueSpecification\",\"valueRequired\":true,\"valueName\":\"search_term_string\"}}],\"inLanguage\":\"nb-NO\"},{\"@type\":\"Organization\",\"@id\":\"https:\\\/\\\/nsff.no\\\/magasinet\\\/#organization\",\"name\":\"Norsk Selskap for Fotografo\",\"url\":\"https:\\\/\\\/nsff.no\\\/magasinet\\\/\",\"logo\":{\"@type\":\"ImageObject\",\"inLanguage\":\"nb-NO\",\"@id\":\"https:\\\/\\\/nsff.no\\\/magasinet\\\/#\\\/schema\\\/logo\\\/image\\\/\",\"url\":\"https:\\\/\\\/nsff.no\\\/magasinet\\\/wp-content\\\/uploads\\\/sites\\\/2\\\/2016\\\/05\\\/NSFF-fb-lenkebilde.png\",\"contentUrl\":\"https:\\\/\\\/nsff.no\\\/magasinet\\\/wp-content\\\/uploads\\\/sites\\\/2\\\/2016\\\/05\\\/NSFF-fb-lenkebilde.png\",\"width\":1,\"height\":1,\"caption\":\"Norsk Selskap for Fotografo\"},\"image\":{\"@id\":\"https:\\\/\\\/nsff.no\\\/magasinet\\\/#\\\/schema\\\/logo\\\/image\\\/\"}},{\"@type\":\"Person\",\"@id\":\"https:\\\/\\\/nsff.no\\\/magasinet\\\/#\\\/schema\\\/person\\\/90e37ce5f6558dee80fbe3b6100b5e54\",\"name\":\"Anne Katharine Dahl\",\"image\":{\"@type\":\"ImageObject\",\"inLanguage\":\"nb-NO\",\"@id\":\"https:\\\/\\\/secure.gravatar.com\\\/avatar\\\/5f6b3ce1df4b56e9bf5237aea138df0ae63bbdb5e6c95da60bf04432c0888b89?s=96&d=mm&r=g\",\"url\":\"https:\\\/\\\/secure.gravatar.com\\\/avatar\\\/5f6b3ce1df4b56e9bf5237aea138df0ae63bbdb5e6c95da60bf04432c0888b89?s=96&d=mm&r=g\",\"contentUrl\":\"https:\\\/\\\/secure.gravatar.com\\\/avatar\\\/5f6b3ce1df4b56e9bf5237aea138df0ae63bbdb5e6c95da60bf04432c0888b89?s=96&d=mm&r=g\",\"caption\":\"Anne Katharine Dahl\"},\"description\":\"EFIAP. Medlem av Trondhjems Kameraklubb.\",\"url\":\"https:\\\/\\\/nsff.no\\\/magasinet\\\/author\\\/annekada\\\/\"}]}<\/script>\n<!-- \/ Yoast SEO plugin. -->","yoast_head_json":{"title":"Nasjonalt film- og fototreff i Trondheim i juni 2023 - Mennesker og m\u00f8teplasser - NSFF Magasin | Norsk Selskap for Fotografi","robots":{"index":"index","follow":"follow","max-snippet":"max-snippet:-1","max-image-preview":"max-image-preview:large","max-video-preview":"max-video-preview:-1"},"canonical":"https:\/\/nsff.no\/magasinet\/2023\/12\/22\/nasjonalt-film-og-fototreff-i-trondheim-i-juni-2023-mennesker-og-moteplasser\/","og_locale":"nb_NO","og_type":"article","og_title":"Nasjonalt film- og fototreff i Trondheim i juni 2023","og_description":"Nasjonalt film- og fototreff i Trondheim i juni 2023","og_url":"https:\/\/nsff.no\/magasinet\/2023\/12\/22\/nasjonalt-film-og-fototreff-i-trondheim-i-juni-2023-mennesker-og-moteplasser\/","og_site_name":"NSFF Magasin | Norsk Selskap for Fotografi","article_published_time":"2023-12-22T11:57:24+00:00","article_modified_time":"2023-12-22T11:57:27+00:00","og_image":[{"width":2560,"height":1244,"url":"https:\/\/nsff.no\/magasinet\/wp-content\/uploads\/sites\/2\/2023\/12\/20230603_142524_Alberto-Commodaro-scaled.jpg","type":"image\/jpeg"}],"author":"Anne Katharine Dahl","twitter_card":"summary_large_image","twitter_misc":{"Skrevet av":"Anne Katharine Dahl","Ansl. lesetid":"5 minutter"},"schema":{"@context":"https:\/\/schema.org","@graph":[{"@type":"Article","@id":"https:\/\/nsff.no\/magasinet\/2023\/12\/22\/nasjonalt-film-og-fototreff-i-trondheim-i-juni-2023-mennesker-og-moteplasser\/#article","isPartOf":{"@id":"https:\/\/nsff.no\/magasinet\/2023\/12\/22\/nasjonalt-film-og-fototreff-i-trondheim-i-juni-2023-mennesker-og-moteplasser\/"},"author":{"name":"Anne Katharine Dahl","@id":"https:\/\/nsff.no\/magasinet\/#\/schema\/person\/90e37ce5f6558dee80fbe3b6100b5e54"},"headline":"Nasjonalt film- og fototreff i Trondheim i juni 2023 &#8211; Mennesker og m\u00f8teplasser","datePublished":"2023-12-22T11:57:24+00:00","dateModified":"2023-12-22T11:57:27+00:00","mainEntityOfPage":{"@id":"https:\/\/nsff.no\/magasinet\/2023\/12\/22\/nasjonalt-film-og-fototreff-i-trondheim-i-juni-2023-mennesker-og-moteplasser\/"},"wordCount":567,"commentCount":0,"publisher":{"@id":"https:\/\/nsff.no\/magasinet\/#organization"},"image":{"@id":"https:\/\/nsff.no\/magasinet\/2023\/12\/22\/nasjonalt-film-og-fototreff-i-trondheim-i-juni-2023-mennesker-og-moteplasser\/#primaryimage"},"thumbnailUrl":"https:\/\/nsff.no\/magasinet\/wp-content\/uploads\/sites\/2\/2023\/12\/20230603_142524_Alberto-Commodaro-scaled.jpg","keywords":["Nasjonalt Film- og Fototreff","Nasjonalt film- og fototreff i Trondheim i juni 2023"],"articleSection":["Nyheter","Treff"],"inLanguage":"nb-NO","potentialAction":[{"@type":"CommentAction","name":"Comment","target":["https:\/\/nsff.no\/magasinet\/2023\/12\/22\/nasjonalt-film-og-fototreff-i-trondheim-i-juni-2023-mennesker-og-moteplasser\/#respond"]}]},{"@type":"WebPage","@id":"https:\/\/nsff.no\/magasinet\/2023\/12\/22\/nasjonalt-film-og-fototreff-i-trondheim-i-juni-2023-mennesker-og-moteplasser\/","url":"https:\/\/nsff.no\/magasinet\/2023\/12\/22\/nasjonalt-film-og-fototreff-i-trondheim-i-juni-2023-mennesker-og-moteplasser\/","name":"Nasjonalt film- og fototreff i Trondheim i juni 2023 - Mennesker og m\u00f8teplasser - NSFF Magasin | Norsk Selskap for Fotografi","isPartOf":{"@id":"https:\/\/nsff.no\/magasinet\/#website"},"primaryImageOfPage":{"@id":"https:\/\/nsff.no\/magasinet\/2023\/12\/22\/nasjonalt-film-og-fototreff-i-trondheim-i-juni-2023-mennesker-og-moteplasser\/#primaryimage"},"image":{"@id":"https:\/\/nsff.no\/magasinet\/2023\/12\/22\/nasjonalt-film-og-fototreff-i-trondheim-i-juni-2023-mennesker-og-moteplasser\/#primaryimage"},"thumbnailUrl":"https:\/\/nsff.no\/magasinet\/wp-content\/uploads\/sites\/2\/2023\/12\/20230603_142524_Alberto-Commodaro-scaled.jpg","datePublished":"2023-12-22T11:57:24+00:00","dateModified":"2023-12-22T11:57:27+00:00","breadcrumb":{"@id":"https:\/\/nsff.no\/magasinet\/2023\/12\/22\/nasjonalt-film-og-fototreff-i-trondheim-i-juni-2023-mennesker-og-moteplasser\/#breadcrumb"},"inLanguage":"nb-NO","potentialAction":[{"@type":"ReadAction","target":["https:\/\/nsff.no\/magasinet\/2023\/12\/22\/nasjonalt-film-og-fototreff-i-trondheim-i-juni-2023-mennesker-og-moteplasser\/"]}]},{"@type":"ImageObject","inLanguage":"nb-NO","@id":"https:\/\/nsff.no\/magasinet\/2023\/12\/22\/nasjonalt-film-og-fototreff-i-trondheim-i-juni-2023-mennesker-og-moteplasser\/#primaryimage","url":"https:\/\/nsff.no\/magasinet\/wp-content\/uploads\/sites\/2\/2023\/12\/20230603_142524_Alberto-Commodaro-scaled.jpg","contentUrl":"https:\/\/nsff.no\/magasinet\/wp-content\/uploads\/sites\/2\/2023\/12\/20230603_142524_Alberto-Commodaro-scaled.jpg","width":2560,"height":1244,"caption":"Foto: Alberto Commodaro"},{"@type":"BreadcrumbList","@id":"https:\/\/nsff.no\/magasinet\/2023\/12\/22\/nasjonalt-film-og-fototreff-i-trondheim-i-juni-2023-mennesker-og-moteplasser\/#breadcrumb","itemListElement":[{"@type":"ListItem","position":1,"name":"Hjem","item":"https:\/\/nsff.no\/magasinet\/"},{"@type":"ListItem","position":2,"name":"Nasjonalt film- og fototreff i Trondheim i juni 2023 &#8211; Mennesker og m\u00f8teplasser"}]},{"@type":"WebSite","@id":"https:\/\/nsff.no\/magasinet\/#website","url":"https:\/\/nsff.no\/magasinet\/","name":"NSFF Magasin | Norsk Selskap for Fotografi","description":"Medlemsmagasin for film- og fotoentusiaster","publisher":{"@id":"https:\/\/nsff.no\/magasinet\/#organization"},"potentialAction":[{"@type":"SearchAction","target":{"@type":"EntryPoint","urlTemplate":"https:\/\/nsff.no\/magasinet\/?s={search_term_string}"},"query-input":{"@type":"PropertyValueSpecification","valueRequired":true,"valueName":"search_term_string"}}],"inLanguage":"nb-NO"},{"@type":"Organization","@id":"https:\/\/nsff.no\/magasinet\/#organization","name":"Norsk Selskap for Fotografo","url":"https:\/\/nsff.no\/magasinet\/","logo":{"@type":"ImageObject","inLanguage":"nb-NO","@id":"https:\/\/nsff.no\/magasinet\/#\/schema\/logo\/image\/","url":"https:\/\/nsff.no\/magasinet\/wp-content\/uploads\/sites\/2\/2016\/05\/NSFF-fb-lenkebilde.png","contentUrl":"https:\/\/nsff.no\/magasinet\/wp-content\/uploads\/sites\/2\/2016\/05\/NSFF-fb-lenkebilde.png","width":1,"height":1,"caption":"Norsk Selskap for Fotografo"},"image":{"@id":"https:\/\/nsff.no\/magasinet\/#\/schema\/logo\/image\/"}},{"@type":"Person","@id":"https:\/\/nsff.no\/magasinet\/#\/schema\/person\/90e37ce5f6558dee80fbe3b6100b5e54","name":"Anne Katharine Dahl","image":{"@type":"ImageObject","inLanguage":"nb-NO","@id":"https:\/\/secure.gravatar.com\/avatar\/5f6b3ce1df4b56e9bf5237aea138df0ae63bbdb5e6c95da60bf04432c0888b89?s=96&d=mm&r=g","url":"https:\/\/secure.gravatar.com\/avatar\/5f6b3ce1df4b56e9bf5237aea138df0ae63bbdb5e6c95da60bf04432c0888b89?s=96&d=mm&r=g","contentUrl":"https:\/\/secure.gravatar.com\/avatar\/5f6b3ce1df4b56e9bf5237aea138df0ae63bbdb5e6c95da60bf04432c0888b89?s=96&d=mm&r=g","caption":"Anne Katharine Dahl"},"description":"EFIAP. Medlem av Trondhjems Kameraklubb.","url":"https:\/\/nsff.no\/magasinet\/author\/annekada\/"}]}},"_links":{"self":[{"href":"https:\/\/nsff.no\/magasinet\/wp-json\/wp\/v2\/posts\/12866","targetHints":{"allow":["GET"]}}],"collection":[{"href":"https:\/\/nsff.no\/magasinet\/wp-json\/wp\/v2\/posts"}],"about":[{"href":"https:\/\/nsff.no\/magasinet\/wp-json\/wp\/v2\/types\/post"}],"author":[{"embeddable":true,"href":"https:\/\/nsff.no\/magasinet\/wp-json\/wp\/v2\/users\/85"}],"replies":[{"embeddable":true,"href":"https:\/\/nsff.no\/magasinet\/wp-json\/wp\/v2\/comments?post=12866"}],"version-history":[{"count":28,"href":"https:\/\/nsff.no\/magasinet\/wp-json\/wp\/v2\/posts\/12866\/revisions"}],"predecessor-version":[{"id":13010,"href":"https:\/\/nsff.no\/magasinet\/wp-json\/wp\/v2\/posts\/12866\/revisions\/13010"}],"wp:featuredmedia":[{"embeddable":true,"href":"https:\/\/nsff.no\/magasinet\/wp-json\/wp\/v2\/media\/12918"}],"wp:attachment":[{"href":"https:\/\/nsff.no\/magasinet\/wp-json\/wp\/v2\/media?parent=12866"}],"wp:term":[{"taxonomy":"category","embeddable":true,"href":"https:\/\/nsff.no\/magasinet\/wp-json\/wp\/v2\/categories?post=12866"},{"taxonomy":"post_tag","embeddable":true,"href":"https:\/\/nsff.no\/magasinet\/wp-json\/wp\/v2\/tags?post=12866"}],"curies":[{"name":"wp","href":"https:\/\/api.w.org\/{rel}","templated":true}]}}