{"id":12665,"date":"2023-11-01T18:58:19","date_gmt":"2023-11-01T17:58:19","guid":{"rendered":"https:\/\/nsff.no\/magasinet\/?p=12665"},"modified":"2023-11-01T18:58:19","modified_gmt":"2023-11-01T17:58:19","slug":"en-dag-i-norge-i-olavsgruva","status":"publish","type":"post","link":"https:\/\/nsff.no\/magasinet\/2023\/11\/01\/en-dag-i-norge-i-olavsgruva\/","title":{"rendered":"En dag i Norge i Olavsgruva\u00a0"},"content":{"rendered":"<p>[et_pb_section fb_built=&raquo;1&#8243; _builder_version=&raquo;4.22.1&#8243; _module_preset=&raquo;default&raquo; global_colors_info=&raquo;{}&raquo;][et_pb_row _builder_version=&raquo;4.22.1&#8243; _module_preset=&raquo;default&raquo; global_colors_info=&raquo;{}&raquo;][et_pb_column type=&raquo;4_4&#8243; _builder_version=&raquo;4.22.1&#8243; _module_preset=&raquo;default&raquo; global_colors_info=&raquo;{}&raquo;][et_pb_text _builder_version=&raquo;4.22.1&#8243; _module_preset=&raquo;default&raquo; global_colors_info=&raquo;{}&raquo;]<\/p>\n<h2><b><span data-contrast=\"auto\">Samarbeidet mellom fotoklubbene i Fjellregionen fungerer utmerket. Fotoklubbene i Alvdal og Vingelen har i lengre tid hatt et tett samarbeid med noen felles aktiviteter og medlemmene kan ogs\u00e5 delta p\u00e5 medlemsm\u00f8tene i hverandres klubber. N\u00e5 er ogs\u00e5 Bergstaden fotoklubb p\u00e5 R\u00f8ros involvert i et samarbeid med felles fototurer. Forrige gang var Bergstadens medlemmer med Alvdal fotoklubb p\u00e5 tur til Jutulhogget, og p\u00e5 fotografiets dag ble Alvd\u00f8lene invitert til en lukket omvisning i Olavsgruva.<\/span><\/b><span data-ccp-props=\"{&quot;201341983&quot;:0,&quot;335559739&quot;:160,&quot;335559740&quot;:259}\">\u00a0<\/span><\/h2>\n<p><span data-contrast=\"auto\">R\u00f8rosmuseet hadde ordnet med en s\u00e6rdeles dyktig guide, Fridtjof Medhus, som har guiding og informasjonsarbeid som sin faste jobb. F\u00f8r vi fikk entre gruva ble vi gjort kjent med sikkerhetsreglene, og fikk utlevert hjelm. Noen steder var gruvegangen s\u00e5pass lav at vi stanget opp i taket, eller \u00abhengen\u00bb som det heter p\u00e5 gruvespr\u00e5ket.<\/span><span data-ccp-props=\"{&quot;201341983&quot;:0,&quot;335559739&quot;:160,&quot;335559740&quot;:259}\">\u00a0<\/span><\/p>\n<p><span data-contrast=\"auto\">I 333 \u00e5r var det gruvedrift i R\u00f8rosomr\u00e5det, men den er n\u00e5 avviklet. Men gruvegangene, som det er sv\u00e6rt mange av, blir jo ikke borte av den grunn, og gruvehistoria er vel verdt \u00e5 ta vare p\u00e5 og ikke minst formidle til framtidige generasjoner.<\/span><span data-ccp-props=\"{&quot;201341983&quot;:0,&quot;335559739&quot;:160,&quot;335559740&quot;:259}\">\u00a0<\/span><\/p>\n<p><span data-contrast=\"auto\">Olavsgruva er ganske unik da den inneholder tydelige spor etter tidlig gruvedrift basert p\u00e5 fyrsetting. Da var det bare manuelt arbeid, og arbeidslyset bestod av brennende fakler. B\u00e5de fyrsettingen og faklene avgav jo r\u00f8yk som hele tiden l\u00e5 som et r\u00f8ykteppe oppunder \u00abhengen\u00bb. Etter hvert ble faklene byttet ut med karbidlykter.<\/span><span data-ccp-props=\"{&quot;201341983&quot;:0,&quot;335559739&quot;:160,&quot;335559740&quot;:259}\">\u00a0<\/span><\/p>\n<p><span data-contrast=\"auto\">I mer moderne tider ble det f\u00f8rt elektrisk str\u00f8m til gruva, som gjorde det mulig \u00e5 benytte luftdrevne boremaskiner og sprengstoff. Karbidlykta ble byttet ut med oppladbare lamper som ble montert p\u00e5 hjelmene.\u00a0<\/span><span data-ccp-props=\"{&quot;201341983&quot;:0,&quot;335559739&quot;:160,&quot;335559740&quot;:259}\">\u00a0<\/span><\/p>\n<p><span data-contrast=\"auto\">Med str\u00f8mmen kom ogs\u00e5 skinnegang og tog inn i gruva, og malmen ble fraktet opp med heis og transportb\u00e5nd, og deretter opp i kibbene p\u00e5 taubanen som fraktet malmen videre til smeltehytta p\u00e5 R\u00f8ros. Slagghaugene er rester etter smeltedrifta p\u00e5 R\u00f8ros.<\/span><span data-ccp-props=\"{&quot;201341983&quot;:0,&quot;335559739&quot;:160,&quot;335559740&quot;:259}\">\u00a0<\/span><\/p>\n<h3>\u00a0<\/h3>\n<h3><b><span data-contrast=\"auto\">Circumferensen<\/span><\/b><span data-ccp-props=\"{&quot;201341983&quot;:0,&quot;335559739&quot;:160,&quot;335559740&quot;:259}\">\u00a0<\/span><\/h3>\n<p><span data-contrast=\"auto\">Gamle Storwartz, eller Alter Berg, som ligger like i n\u00e6rheten av Olavsgruva, ble p\u00e5begynt i 1645 og sentrum for den s\u00e5kalte circumferensen. Storwartzfeltet ble det viktigste gruveomr\u00e5det for R\u00f8ros kobberverk gjennom dets historie. Innafor en sirkel med sentrum i Gamle Storwartz og med en radius p\u00e5 4 gamle norske mil (45,18 km) fikk kobberverket rettighetene til alle mineraler, skoger og vassdrag. Tilgjengelig arbeidskraft h\u00f8rte ogs\u00e5 med til privilegiene.\u00a0<\/span><span data-ccp-props=\"{&quot;201341983&quot;:0,&quot;335559739&quot;:160,&quot;335559740&quot;:259}\">\u00a0<\/span><\/p>\n<p><span data-contrast=\"none\">Folk ble p\u00e5lagt \u00e5 arbeide for verket \u00abuden Undskyldning, dog for billig Betaling\u00bb. If\u00f8lge<\/span><span data-contrast=\"none\"> guiden bet\u00f8d \u00abbillig Betaling\u00bb i denne forbindelse det samme som rimelig betaling.<\/span><span data-ccp-props=\"{&quot;201341983&quot;:0,&quot;335559739&quot;:160,&quot;335559740&quot;:259}\">\u00a0<\/span><\/p>\n<p><span data-contrast=\"auto\">Bergstaden R\u00f8ros med gruvene og kulturlandskapet rundt er i dag et vernet kulturminne som ogs\u00e5 er klassifisert som verdensarv. F\u00f8r gruvedriften startet bodde det sv\u00e6rt f\u00e5 i R\u00f8rosomr\u00e5det som p\u00e5 den tida ble brukt av s\u00f8rsamene. Gruvedriften f\u00f8rte til stor tilflytting i og med at det der var arbeid \u00e5 f\u00e5, og bergstaden R\u00f8ros ble etter hvert til. Ved Nordgruvene var det drift fram til 1977 da kobberverket ble nedlagt.\u00a0<\/span><span data-ccp-props=\"{&quot;201341983&quot;:0,&quot;335559739&quot;:160,&quot;335559740&quot;:259}\">\u00a0<\/span><\/p>\n<p><span data-contrast=\"auto\">Kilde: <\/span><a href=\"https:\/\/verdensarvenroros.no\/cicrumferensen-historisk?kp_id=44:151:5289\"><span data-contrast=\"none\">https:\/\/verdensarvenroros.no\/cicrumferensen-historisk?kp_id=44:151:5289<\/span><\/a><span data-contrast=\"auto\">\u00a0<\/span><span data-ccp-props=\"{&quot;201341983&quot;:0,&quot;335559739&quot;:160,&quot;335559740&quot;:259}\">\u00a0<\/span><\/p>\n<p>[\/et_pb_text][et_pb_gallery gallery_ids=&raquo;12681,12674,12673,12679,12672&#8243; _builder_version=&raquo;4.22.1&#8243; _module_preset=&raquo;default&raquo; global_colors_info=&raquo;{}&raquo;][\/et_pb_gallery][et_pb_text _builder_version=&raquo;4.22.1&#8243; _module_preset=&raquo;default&raquo; global_colors_info=&raquo;{}&raquo;]<\/p>\n<p><span data-contrast=\"auto\">V\u00e5r vandring gjennom gruva gikk i hovedsak gjennom turistl\u00f8ypa, men med noen utvidelser noen plasser. Gruvegangene var for s\u00e5 vidt greie \u00e5 ta seg fram gjennom, og de var opplyst hele veien. Noen steder var det spektakul\u00e6re farger p\u00e5 berget og der var det satt opp lyskastere.<\/span><span data-ccp-props=\"{&quot;201341983&quot;:0,&quot;335559739&quot;:160,&quot;335559740&quot;:259}\">\u00a0<\/span><\/p>\n<p><span data-contrast=\"auto\">I den nyeste delen av gruva var det noen steder stor takh\u00f8yde, og det var til og med rigget opp en konsertsal. Scenelysene var montert fast, og s\u00e5 vidt jeg forstod s\u00e5 var det stort sett akustiske instrumenter som var brukt p\u00e5 stedet. Konsertene pleier \u00e5 v\u00e6re ganske korte i og med at det tar mye tid \u00e5 f\u00e5 publikum b\u00e5de til og fra konsertsalen.<\/span><span data-ccp-props=\"{&quot;201341983&quot;:0,&quot;335559739&quot;:160,&quot;335559740&quot;:259}\">\u00a0<\/span><\/p>\n<p><span data-contrast=\"auto\">Guiden v\u00e5r beviste med sang at det var glimrende akustikk inne i konsertsalen.<\/span><span data-ccp-props=\"{&quot;201341983&quot;:0,&quot;335559739&quot;:160,&quot;335559740&quot;:259}\">\u00a0<\/span><\/p>\n<p><span data-contrast=\"auto\">I og med at Olavsgruva har v\u00e6rt i drift i veldig mange \u00e5r, har det av forskjellige grunner v\u00e6rt perioder uten drift. Det kan ha v\u00e6rt markedet som ikke har gitt grunnlag for videre drift, eller at forkastninger i berget har gjort det vanskelig \u00e5 finne igjen den drivverdige \u00e5ra som plutselig tok slutt. Slik leting kunne av og til ta flere \u00e5r f\u00f8r man kom videre. I disse periodene kunne gruva bli fylt med vann, som m\u00e5tte pumpes ut f\u00f8r man kunne starte opp igjen. Ogs\u00e5 i dag lenses vannet ned i et reservoar der det samles f\u00f8r det pumpes ut n\u00e5r niv\u00e5et er passe h\u00f8yt.<\/span><span data-ccp-props=\"{&quot;201341983&quot;:0,&quot;335559739&quot;:160,&quot;335559740&quot;:259}\">\u00a0<\/span><\/p>\n<p><span data-contrast=\"auto\">P\u00e5 v\u00e5r vandring var vi innom b\u00e5de pauserom, ei bu der lampene ble ladet mellom arbeids\u00f8ktene og et velutstyrt mekanisk verksted som fortsatt var i drift i forbindelse med vedlikehold av gruva.\u00a0<\/span><span data-ccp-props=\"{&quot;201341983&quot;:0,&quot;335559739&quot;:160,&quot;335559740&quot;:259}\">\u00a0<\/span><\/p>\n<p><span data-contrast=\"auto\">Vel ute igjen ble det ogs\u00e5 en tur bortom heishuset og taubanestasjonen der malmen ble lastet over i kibbene f\u00f8r taubanen brakte den til R\u00f8ros til videre bearbeiding.<\/span><span data-ccp-props=\"{&quot;201341983&quot;:0,&quot;335559739&quot;:160,&quot;335559740&quot;:259}\">\u00a0<\/span><\/p>\n<p><span data-contrast=\"auto\">I og med at vi fikk en tur som var lagt opp spesielt for oss fikk bruke den tida vi ville til \u00e5 ta de bildene vi \u00f8nsket. Det ble veldig mange bilder p\u00e5 minnekortet. Belysningen var s\u00e5pass bra at ISO 3200 og tidvis 1600 var tilstrekkelig for \u00e5 f\u00e5 skarpe bilder. Noen av de beste bildene er oversendt til R\u00f8rosmuseet til bruk i deres markedsf\u00f8ring som takk for en s\u00e6rdeles minnerik tur p\u00e5 fotografiets dag.<\/span><span data-ccp-props=\"{&quot;201341983&quot;:0,&quot;335559739&quot;:160,&quot;335559740&quot;:259}\">\u00a0<\/span><\/p>\n<p>[\/et_pb_text][et_pb_gallery gallery_ids=&raquo;12676,12677,12680,12678&#8243; _builder_version=&raquo;4.22.1&#8243; _module_preset=&raquo;default&raquo; global_colors_info=&raquo;{}&raquo;][\/et_pb_gallery][\/et_pb_column][\/et_pb_row][\/et_pb_section]<\/p>\n","protected":false},"excerpt":{"rendered":"<p>En dag i Norge i Olavsgruva<\/p>\n","protected":false},"author":8,"featured_media":12673,"comment_status":"open","ping_status":"open","sticky":false,"template":"","format":"standard","meta":{"_et_pb_use_builder":"on","_et_pb_old_content":"","_et_gb_content_width":"","footnotes":""},"categories":[7,64,9,14],"tags":[],"class_list":["post-12665","post","type-post","status-publish","format-standard","has-post-thumbnail","hentry","category-foto","category-fotoprosjekter","category-klubb","category-nyheter","et-has-post-format-content","et_post_format-et-post-format-standard"],"yoast_head":"<!-- This site is optimized with the Yoast SEO plugin v27.5 - https:\/\/yoast.com\/product\/yoast-seo-wordpress\/ -->\n<title>En dag i Norge i Olavsgruva\u00a0 - NSFF Magasin | Norsk Selskap for Fotografi<\/title>\n<meta name=\"robots\" content=\"index, follow, max-snippet:-1, max-image-preview:large, max-video-preview:-1\" \/>\n<link rel=\"canonical\" href=\"https:\/\/nsff.no\/magasinet\/2023\/11\/01\/en-dag-i-norge-i-olavsgruva\/\" \/>\n<meta property=\"og:locale\" content=\"nb_NO\" \/>\n<meta property=\"og:type\" content=\"article\" \/>\n<meta property=\"og:title\" content=\"En dag i Norge i Olavsgruva\" \/>\n<meta property=\"og:description\" content=\"En dag i Norge i Olavsgruva\" \/>\n<meta property=\"og:url\" content=\"https:\/\/nsff.no\/magasinet\/2023\/11\/01\/en-dag-i-norge-i-olavsgruva\/\" \/>\n<meta property=\"og:site_name\" content=\"NSFF Magasin | Norsk Selskap for Fotografi\" \/>\n<meta property=\"article:author\" content=\"https:\/\/www.facebook.com\/groups\/288169911254075\/\" \/>\n<meta property=\"article:published_time\" content=\"2023-11-01T17:58:19+00:00\" \/>\n<meta property=\"og:image\" content=\"https:\/\/nsff.no\/magasinet\/wp-content\/uploads\/sites\/2\/2023\/11\/M8193884-1024x768.jpg\" \/>\n\t<meta property=\"og:image:width\" content=\"1024\" \/>\n\t<meta property=\"og:image:height\" content=\"768\" \/>\n\t<meta property=\"og:image:type\" content=\"image\/jpeg\" \/>\n<meta name=\"author\" content=\"H\u00e5kon Tr\u00f8nnes\" \/>\n<meta name=\"twitter:card\" content=\"summary_large_image\" \/>\n<meta name=\"twitter:label1\" content=\"Skrevet av\" \/>\n\t<meta name=\"twitter:data1\" content=\"H\u00e5kon Tr\u00f8nnes\" \/>\n\t<meta name=\"twitter:label2\" content=\"Ansl. lesetid\" \/>\n\t<meta name=\"twitter:data2\" content=\"5 minutter\" \/>\n<script type=\"application\/ld+json\" class=\"yoast-schema-graph\">{\"@context\":\"https:\\\/\\\/schema.org\",\"@graph\":[{\"@type\":\"Article\",\"@id\":\"https:\\\/\\\/nsff.no\\\/magasinet\\\/2023\\\/11\\\/01\\\/en-dag-i-norge-i-olavsgruva\\\/#article\",\"isPartOf\":{\"@id\":\"https:\\\/\\\/nsff.no\\\/magasinet\\\/2023\\\/11\\\/01\\\/en-dag-i-norge-i-olavsgruva\\\/\"},\"author\":{\"name\":\"H\u00e5kon Tr\u00f8nnes\",\"@id\":\"https:\\\/\\\/nsff.no\\\/magasinet\\\/#\\\/schema\\\/person\\\/37116b4a6f4853fcafdd83b641cd613b\"},\"headline\":\"En dag i Norge i Olavsgruva\u00a0\",\"datePublished\":\"2023-11-01T17:58:19+00:00\",\"mainEntityOfPage\":{\"@id\":\"https:\\\/\\\/nsff.no\\\/magasinet\\\/2023\\\/11\\\/01\\\/en-dag-i-norge-i-olavsgruva\\\/\"},\"wordCount\":992,\"commentCount\":0,\"publisher\":{\"@id\":\"https:\\\/\\\/nsff.no\\\/magasinet\\\/#organization\"},\"image\":{\"@id\":\"https:\\\/\\\/nsff.no\\\/magasinet\\\/2023\\\/11\\\/01\\\/en-dag-i-norge-i-olavsgruva\\\/#primaryimage\"},\"thumbnailUrl\":\"https:\\\/\\\/nsff.no\\\/magasinet\\\/wp-content\\\/uploads\\\/sites\\\/2\\\/2023\\\/11\\\/M8193884.jpg\",\"articleSection\":[\"Foto\",\"Fotoprosjekter\",\"Klubb\",\"Nyheter\"],\"inLanguage\":\"nb-NO\",\"potentialAction\":[{\"@type\":\"CommentAction\",\"name\":\"Comment\",\"target\":[\"https:\\\/\\\/nsff.no\\\/magasinet\\\/2023\\\/11\\\/01\\\/en-dag-i-norge-i-olavsgruva\\\/#respond\"]}]},{\"@type\":\"WebPage\",\"@id\":\"https:\\\/\\\/nsff.no\\\/magasinet\\\/2023\\\/11\\\/01\\\/en-dag-i-norge-i-olavsgruva\\\/\",\"url\":\"https:\\\/\\\/nsff.no\\\/magasinet\\\/2023\\\/11\\\/01\\\/en-dag-i-norge-i-olavsgruva\\\/\",\"name\":\"En dag i Norge i Olavsgruva\u00a0 - NSFF Magasin | Norsk Selskap for Fotografi\",\"isPartOf\":{\"@id\":\"https:\\\/\\\/nsff.no\\\/magasinet\\\/#website\"},\"primaryImageOfPage\":{\"@id\":\"https:\\\/\\\/nsff.no\\\/magasinet\\\/2023\\\/11\\\/01\\\/en-dag-i-norge-i-olavsgruva\\\/#primaryimage\"},\"image\":{\"@id\":\"https:\\\/\\\/nsff.no\\\/magasinet\\\/2023\\\/11\\\/01\\\/en-dag-i-norge-i-olavsgruva\\\/#primaryimage\"},\"thumbnailUrl\":\"https:\\\/\\\/nsff.no\\\/magasinet\\\/wp-content\\\/uploads\\\/sites\\\/2\\\/2023\\\/11\\\/M8193884.jpg\",\"datePublished\":\"2023-11-01T17:58:19+00:00\",\"breadcrumb\":{\"@id\":\"https:\\\/\\\/nsff.no\\\/magasinet\\\/2023\\\/11\\\/01\\\/en-dag-i-norge-i-olavsgruva\\\/#breadcrumb\"},\"inLanguage\":\"nb-NO\",\"potentialAction\":[{\"@type\":\"ReadAction\",\"target\":[\"https:\\\/\\\/nsff.no\\\/magasinet\\\/2023\\\/11\\\/01\\\/en-dag-i-norge-i-olavsgruva\\\/\"]}]},{\"@type\":\"ImageObject\",\"inLanguage\":\"nb-NO\",\"@id\":\"https:\\\/\\\/nsff.no\\\/magasinet\\\/2023\\\/11\\\/01\\\/en-dag-i-norge-i-olavsgruva\\\/#primaryimage\",\"url\":\"https:\\\/\\\/nsff.no\\\/magasinet\\\/wp-content\\\/uploads\\\/sites\\\/2\\\/2023\\\/11\\\/M8193884.jpg\",\"contentUrl\":\"https:\\\/\\\/nsff.no\\\/magasinet\\\/wp-content\\\/uploads\\\/sites\\\/2\\\/2023\\\/11\\\/M8193884.jpg\",\"width\":2400,\"height\":1800,\"caption\":\"Kunstverk skapt av naturen selv.\"},{\"@type\":\"BreadcrumbList\",\"@id\":\"https:\\\/\\\/nsff.no\\\/magasinet\\\/2023\\\/11\\\/01\\\/en-dag-i-norge-i-olavsgruva\\\/#breadcrumb\",\"itemListElement\":[{\"@type\":\"ListItem\",\"position\":1,\"name\":\"Hjem\",\"item\":\"https:\\\/\\\/nsff.no\\\/magasinet\\\/\"},{\"@type\":\"ListItem\",\"position\":2,\"name\":\"En dag i Norge i Olavsgruva\u00a0\"}]},{\"@type\":\"WebSite\",\"@id\":\"https:\\\/\\\/nsff.no\\\/magasinet\\\/#website\",\"url\":\"https:\\\/\\\/nsff.no\\\/magasinet\\\/\",\"name\":\"NSFF Magasin | Norsk Selskap for Fotografi\",\"description\":\"Medlemsmagasin for film- og fotoentusiaster\",\"publisher\":{\"@id\":\"https:\\\/\\\/nsff.no\\\/magasinet\\\/#organization\"},\"potentialAction\":[{\"@type\":\"SearchAction\",\"target\":{\"@type\":\"EntryPoint\",\"urlTemplate\":\"https:\\\/\\\/nsff.no\\\/magasinet\\\/?s={search_term_string}\"},\"query-input\":{\"@type\":\"PropertyValueSpecification\",\"valueRequired\":true,\"valueName\":\"search_term_string\"}}],\"inLanguage\":\"nb-NO\"},{\"@type\":\"Organization\",\"@id\":\"https:\\\/\\\/nsff.no\\\/magasinet\\\/#organization\",\"name\":\"Norsk Selskap for Fotografo\",\"url\":\"https:\\\/\\\/nsff.no\\\/magasinet\\\/\",\"logo\":{\"@type\":\"ImageObject\",\"inLanguage\":\"nb-NO\",\"@id\":\"https:\\\/\\\/nsff.no\\\/magasinet\\\/#\\\/schema\\\/logo\\\/image\\\/\",\"url\":\"https:\\\/\\\/nsff.no\\\/magasinet\\\/wp-content\\\/uploads\\\/sites\\\/2\\\/2016\\\/05\\\/NSFF-fb-lenkebilde.png\",\"contentUrl\":\"https:\\\/\\\/nsff.no\\\/magasinet\\\/wp-content\\\/uploads\\\/sites\\\/2\\\/2016\\\/05\\\/NSFF-fb-lenkebilde.png\",\"width\":1,\"height\":1,\"caption\":\"Norsk Selskap for Fotografo\"},\"image\":{\"@id\":\"https:\\\/\\\/nsff.no\\\/magasinet\\\/#\\\/schema\\\/logo\\\/image\\\/\"}},{\"@type\":\"Person\",\"@id\":\"https:\\\/\\\/nsff.no\\\/magasinet\\\/#\\\/schema\\\/person\\\/37116b4a6f4853fcafdd83b641cd613b\",\"name\":\"H\u00e5kon Tr\u00f8nnes\",\"image\":{\"@type\":\"ImageObject\",\"inLanguage\":\"nb-NO\",\"@id\":\"https:\\\/\\\/secure.gravatar.com\\\/avatar\\\/1af737762288f25f011dd81e988eb89286d1b0a8eb46219fef27cc0ec05cd61a?s=96&d=mm&r=g\",\"url\":\"https:\\\/\\\/secure.gravatar.com\\\/avatar\\\/1af737762288f25f011dd81e988eb89286d1b0a8eb46219fef27cc0ec05cd61a?s=96&d=mm&r=g\",\"contentUrl\":\"https:\\\/\\\/secure.gravatar.com\\\/avatar\\\/1af737762288f25f011dd81e988eb89286d1b0a8eb46219fef27cc0ec05cd61a?s=96&d=mm&r=g\",\"caption\":\"H\u00e5kon Tr\u00f8nnes\"},\"description\":\"Medlem i Vingelen Fotoklubb.\",\"sameAs\":[\"https:\\\/\\\/www.facebook.com\\\/groups\\\/288169911254075\\\/\"],\"url\":\"https:\\\/\\\/nsff.no\\\/magasinet\\\/author\\\/hakontronnes\\\/\"}]}<\/script>\n<!-- \/ Yoast SEO plugin. -->","yoast_head_json":{"title":"En dag i Norge i Olavsgruva\u00a0 - NSFF Magasin | Norsk Selskap for Fotografi","robots":{"index":"index","follow":"follow","max-snippet":"max-snippet:-1","max-image-preview":"max-image-preview:large","max-video-preview":"max-video-preview:-1"},"canonical":"https:\/\/nsff.no\/magasinet\/2023\/11\/01\/en-dag-i-norge-i-olavsgruva\/","og_locale":"nb_NO","og_type":"article","og_title":"En dag i Norge i Olavsgruva","og_description":"En dag i Norge i Olavsgruva","og_url":"https:\/\/nsff.no\/magasinet\/2023\/11\/01\/en-dag-i-norge-i-olavsgruva\/","og_site_name":"NSFF Magasin | Norsk Selskap for Fotografi","article_author":"https:\/\/www.facebook.com\/groups\/288169911254075\/","article_published_time":"2023-11-01T17:58:19+00:00","og_image":[{"width":1024,"height":768,"url":"https:\/\/nsff.no\/magasinet\/wp-content\/uploads\/sites\/2\/2023\/11\/M8193884-1024x768.jpg","type":"image\/jpeg"}],"author":"H\u00e5kon Tr\u00f8nnes","twitter_card":"summary_large_image","twitter_misc":{"Skrevet av":"H\u00e5kon Tr\u00f8nnes","Ansl. lesetid":"5 minutter"},"schema":{"@context":"https:\/\/schema.org","@graph":[{"@type":"Article","@id":"https:\/\/nsff.no\/magasinet\/2023\/11\/01\/en-dag-i-norge-i-olavsgruva\/#article","isPartOf":{"@id":"https:\/\/nsff.no\/magasinet\/2023\/11\/01\/en-dag-i-norge-i-olavsgruva\/"},"author":{"name":"H\u00e5kon Tr\u00f8nnes","@id":"https:\/\/nsff.no\/magasinet\/#\/schema\/person\/37116b4a6f4853fcafdd83b641cd613b"},"headline":"En dag i Norge i Olavsgruva\u00a0","datePublished":"2023-11-01T17:58:19+00:00","mainEntityOfPage":{"@id":"https:\/\/nsff.no\/magasinet\/2023\/11\/01\/en-dag-i-norge-i-olavsgruva\/"},"wordCount":992,"commentCount":0,"publisher":{"@id":"https:\/\/nsff.no\/magasinet\/#organization"},"image":{"@id":"https:\/\/nsff.no\/magasinet\/2023\/11\/01\/en-dag-i-norge-i-olavsgruva\/#primaryimage"},"thumbnailUrl":"https:\/\/nsff.no\/magasinet\/wp-content\/uploads\/sites\/2\/2023\/11\/M8193884.jpg","articleSection":["Foto","Fotoprosjekter","Klubb","Nyheter"],"inLanguage":"nb-NO","potentialAction":[{"@type":"CommentAction","name":"Comment","target":["https:\/\/nsff.no\/magasinet\/2023\/11\/01\/en-dag-i-norge-i-olavsgruva\/#respond"]}]},{"@type":"WebPage","@id":"https:\/\/nsff.no\/magasinet\/2023\/11\/01\/en-dag-i-norge-i-olavsgruva\/","url":"https:\/\/nsff.no\/magasinet\/2023\/11\/01\/en-dag-i-norge-i-olavsgruva\/","name":"En dag i Norge i Olavsgruva\u00a0 - NSFF Magasin | Norsk Selskap for Fotografi","isPartOf":{"@id":"https:\/\/nsff.no\/magasinet\/#website"},"primaryImageOfPage":{"@id":"https:\/\/nsff.no\/magasinet\/2023\/11\/01\/en-dag-i-norge-i-olavsgruva\/#primaryimage"},"image":{"@id":"https:\/\/nsff.no\/magasinet\/2023\/11\/01\/en-dag-i-norge-i-olavsgruva\/#primaryimage"},"thumbnailUrl":"https:\/\/nsff.no\/magasinet\/wp-content\/uploads\/sites\/2\/2023\/11\/M8193884.jpg","datePublished":"2023-11-01T17:58:19+00:00","breadcrumb":{"@id":"https:\/\/nsff.no\/magasinet\/2023\/11\/01\/en-dag-i-norge-i-olavsgruva\/#breadcrumb"},"inLanguage":"nb-NO","potentialAction":[{"@type":"ReadAction","target":["https:\/\/nsff.no\/magasinet\/2023\/11\/01\/en-dag-i-norge-i-olavsgruva\/"]}]},{"@type":"ImageObject","inLanguage":"nb-NO","@id":"https:\/\/nsff.no\/magasinet\/2023\/11\/01\/en-dag-i-norge-i-olavsgruva\/#primaryimage","url":"https:\/\/nsff.no\/magasinet\/wp-content\/uploads\/sites\/2\/2023\/11\/M8193884.jpg","contentUrl":"https:\/\/nsff.no\/magasinet\/wp-content\/uploads\/sites\/2\/2023\/11\/M8193884.jpg","width":2400,"height":1800,"caption":"Kunstverk skapt av naturen selv."},{"@type":"BreadcrumbList","@id":"https:\/\/nsff.no\/magasinet\/2023\/11\/01\/en-dag-i-norge-i-olavsgruva\/#breadcrumb","itemListElement":[{"@type":"ListItem","position":1,"name":"Hjem","item":"https:\/\/nsff.no\/magasinet\/"},{"@type":"ListItem","position":2,"name":"En dag i Norge i Olavsgruva\u00a0"}]},{"@type":"WebSite","@id":"https:\/\/nsff.no\/magasinet\/#website","url":"https:\/\/nsff.no\/magasinet\/","name":"NSFF Magasin | Norsk Selskap for Fotografi","description":"Medlemsmagasin for film- og fotoentusiaster","publisher":{"@id":"https:\/\/nsff.no\/magasinet\/#organization"},"potentialAction":[{"@type":"SearchAction","target":{"@type":"EntryPoint","urlTemplate":"https:\/\/nsff.no\/magasinet\/?s={search_term_string}"},"query-input":{"@type":"PropertyValueSpecification","valueRequired":true,"valueName":"search_term_string"}}],"inLanguage":"nb-NO"},{"@type":"Organization","@id":"https:\/\/nsff.no\/magasinet\/#organization","name":"Norsk Selskap for Fotografo","url":"https:\/\/nsff.no\/magasinet\/","logo":{"@type":"ImageObject","inLanguage":"nb-NO","@id":"https:\/\/nsff.no\/magasinet\/#\/schema\/logo\/image\/","url":"https:\/\/nsff.no\/magasinet\/wp-content\/uploads\/sites\/2\/2016\/05\/NSFF-fb-lenkebilde.png","contentUrl":"https:\/\/nsff.no\/magasinet\/wp-content\/uploads\/sites\/2\/2016\/05\/NSFF-fb-lenkebilde.png","width":1,"height":1,"caption":"Norsk Selskap for Fotografo"},"image":{"@id":"https:\/\/nsff.no\/magasinet\/#\/schema\/logo\/image\/"}},{"@type":"Person","@id":"https:\/\/nsff.no\/magasinet\/#\/schema\/person\/37116b4a6f4853fcafdd83b641cd613b","name":"H\u00e5kon Tr\u00f8nnes","image":{"@type":"ImageObject","inLanguage":"nb-NO","@id":"https:\/\/secure.gravatar.com\/avatar\/1af737762288f25f011dd81e988eb89286d1b0a8eb46219fef27cc0ec05cd61a?s=96&d=mm&r=g","url":"https:\/\/secure.gravatar.com\/avatar\/1af737762288f25f011dd81e988eb89286d1b0a8eb46219fef27cc0ec05cd61a?s=96&d=mm&r=g","contentUrl":"https:\/\/secure.gravatar.com\/avatar\/1af737762288f25f011dd81e988eb89286d1b0a8eb46219fef27cc0ec05cd61a?s=96&d=mm&r=g","caption":"H\u00e5kon Tr\u00f8nnes"},"description":"Medlem i Vingelen Fotoklubb.","sameAs":["https:\/\/www.facebook.com\/groups\/288169911254075\/"],"url":"https:\/\/nsff.no\/magasinet\/author\/hakontronnes\/"}]}},"_links":{"self":[{"href":"https:\/\/nsff.no\/magasinet\/wp-json\/wp\/v2\/posts\/12665","targetHints":{"allow":["GET"]}}],"collection":[{"href":"https:\/\/nsff.no\/magasinet\/wp-json\/wp\/v2\/posts"}],"about":[{"href":"https:\/\/nsff.no\/magasinet\/wp-json\/wp\/v2\/types\/post"}],"author":[{"embeddable":true,"href":"https:\/\/nsff.no\/magasinet\/wp-json\/wp\/v2\/users\/8"}],"replies":[{"embeddable":true,"href":"https:\/\/nsff.no\/magasinet\/wp-json\/wp\/v2\/comments?post=12665"}],"version-history":[{"count":19,"href":"https:\/\/nsff.no\/magasinet\/wp-json\/wp\/v2\/posts\/12665\/revisions"}],"predecessor-version":[{"id":12705,"href":"https:\/\/nsff.no\/magasinet\/wp-json\/wp\/v2\/posts\/12665\/revisions\/12705"}],"wp:featuredmedia":[{"embeddable":true,"href":"https:\/\/nsff.no\/magasinet\/wp-json\/wp\/v2\/media\/12673"}],"wp:attachment":[{"href":"https:\/\/nsff.no\/magasinet\/wp-json\/wp\/v2\/media?parent=12665"}],"wp:term":[{"taxonomy":"category","embeddable":true,"href":"https:\/\/nsff.no\/magasinet\/wp-json\/wp\/v2\/categories?post=12665"},{"taxonomy":"post_tag","embeddable":true,"href":"https:\/\/nsff.no\/magasinet\/wp-json\/wp\/v2\/tags?post=12665"}],"curies":[{"name":"wp","href":"https:\/\/api.w.org\/{rel}","templated":true}]}}