{"id":11656,"date":"2023-05-27T15:21:54","date_gmt":"2023-05-27T13:21:54","guid":{"rendered":"https:\/\/nsff.no\/magasinet\/?p=11656"},"modified":"2026-04-07T20:22:25","modified_gmt":"2026-04-07T18:22:25","slug":"guro-sandsgaard-fotografen-som-ble-valgt-til-festivalkunstner","status":"publish","type":"post","link":"https:\/\/nsff.no\/magasinet\/2023\/05\/27\/guro-sandsgaard-fotografen-som-ble-valgt-til-festivalkunstner\/","title":{"rendered":"Guro Sandsgaard &#8211; Fotografen som ble valgt til festivalkunstner"},"content":{"rendered":"<p>[et_pb_section fb_built=&raquo;1&#8243; admin_label=&raquo;section&raquo; _builder_version=&raquo;4.16&#8243; global_colors_info=&raquo;{}&raquo;][et_pb_row admin_label=&raquo;row&raquo; _builder_version=&raquo;4.16&#8243; background_size=&raquo;initial&raquo; background_position=&raquo;top_left&raquo; background_repeat=&raquo;repeat&raquo; global_colors_info=&raquo;{}&raquo;][et_pb_column type=&raquo;4_4&#8243; _builder_version=&raquo;4.16&#8243; custom_padding=&raquo;|||&raquo; global_colors_info=&raquo;{}&raquo; custom_padding__hover=&raquo;|||&raquo;][et_pb_image _builder_version=&raquo;4.21.0&#8243; _module_preset=&raquo;default&raquo; global_colors_info=&raquo;{}&raquo;][\/et_pb_image][et_pb_image src=&raquo;https:\/\/nsff.no\/magasinet\/wp-content\/uploads\/sites\/2\/2023\/05\/329281224_6472473122765545_7154429859576400821_n.jpg&raquo; title_text=&raquo;Utstillingsplakat og festivalvin&raquo; align=&raquo;center&raquo; _builder_version=&raquo;4.21.0&#8243; _module_preset=&raquo;default&raquo; width=&raquo;71%&raquo; max_width=&raquo;71%&raquo; global_colors_info=&raquo;{}&raquo;][\/et_pb_image][et_pb_text _builder_version=&raquo;4.21.0&#8243; _module_preset=&raquo;default&raquo; hover_enabled=&raquo;0&#8243; global_colors_info=&raquo;{}&raquo; sticky_enabled=&raquo;0&#8243;]<\/p>\n<p>&nbsp;<\/p>\n<p>I oktober 2019 fikk Guro Sandsgaard fra Haugaland fotoklubb foresp\u00f8rsel om \u00e5 v\u00e6re festivalkunstner under Skudefestivalen som skulle arrangeres \u00e5ret etter. Uten \u00e5 tenke seg om svarte hun ja. Pandemien satte imidlertid en stopper for festivalen, b\u00e5de i 2020 og i 2021, og f\u00f8rst i mars 2022 ble hun presentert som \u00e5rets festivalkunstner. I alle disse \u00e5rene m\u00e5tte hun holde oppdraget hemmelig.<\/p>\n<p>&#8211; Det ble mange tanker fram mot festivalen, forteller Guro. &#8211; Og\u00a0 usikkerheten pandemien skapte for oss alle rammet ogs\u00e5 meg. Noe av det jeg opplevde som vanskelig var \u00e5 motivere meg til \u00e5 jobbe med prosessen n\u00e5r det var s\u00e5 usikkert om festivalen ville bli arrangert eller utsatt. En annen sak var hvordan jeg skulle angripe utfordringen med at jeg fikk frie t\u00f8yler med tanke p\u00e5 bilder og tema. Jeg endte til slutt med arbeidstittelen \u00abOmslutta\u00bb.<\/p>\n<p>Fra den dagen offentliggj\u00f8ringen ble kunngjort og fram til festivalen ble avsluttet i juli 2022, var hun festivalens kunstneriske ansikt utad. Det innebar blant annet at hun var ansvarlig for \u00e5rets festivalplakat og i tillegg ble ett av bildene hennes brukt p\u00e5 etikettene til \u00e5rets festivalviner.<\/p>\n<p>&#8211; Under selve festivalen hadde jeg en festivalutstilling i arrang\u00f8rens lokale, som var plassert midt i sm\u00f8r\u00f8yet av Gamle Skudeneshavn. Utstillingens \u00e5pning var ogs\u00e5 startskuddet for festivalen, forteller hun videre.<\/p>\n<p>&nbsp;<\/p>\n<p>[\/et_pb_text][et_pb_gallery gallery_ids=&raquo;11634,11633,11632,11631&#8243; _builder_version=&raquo;4.21.0&#8243; _module_preset=&raquo;default&raquo; global_colors_info=&raquo;{}&raquo;][\/et_pb_gallery][et_pb_text _builder_version=&raquo;4.21.0&#8243; _module_preset=&raquo;default&raquo; global_colors_info=&raquo;{}&raquo;]<\/p>\n<p>&#8211; Som natur- og landskapsfotograf kjenner jeg meg omsluttet n\u00e5r jeg er ute i naturen. Der er jeg fri. Det kan v\u00e6re det vakre i naturens r\u00e5skap en stormfull dag p\u00e5 vestsiden av Karm\u00f8y, eller \u00e5 kjenne p\u00e5 redsel for fare. Andre ganger kan det v\u00e6re at naturen omslutter meg med ro, mildhet og beroligende lyder som gir meg hvile. Disse stundene oppleves som balsam for sjelen \u2013 et p\u00e5fyll for det som kommer.<\/p>\n<p>Det var kontrastene mellom r\u00e5skap og mildhet hun \u00f8nsket \u00e5 formidle i utstillingen. Gjennom bildene \u00f8nsket hun \u00e5 fortelle at vi er omgitt av disse kontrastene hver eneste dag. I valg av bilder ble b\u00e5de kort og lang lukkertid brukt for \u00e5 f\u00e5 fram dette. Ogs\u00e5 en bevisst bruk av blender var med p\u00e5 \u00e5 framheve disse kontrastene. I noen av bildene var kun en bitte liten del skarp, mens resten av bildeflaten var mer eller mindre uskarp. Dette ble gjort bevisst. I tillegg til \u00e5 ha bilder fra n\u00e6romr\u00e5det, valgte hun ogs\u00e5 \u00e5 ta med bilder fra Island og Gr\u00f8nland. Dette er bilder som viser r\u00e5skap og hvordan naturen jobber med elementene.<\/p>\n<p>&#8211; I tillegg har disse bildene v\u00e6rt med p\u00e5 \u00e5 forme meg som fotograf. Jeg elsker det arktiske lyset. N\u00e5r jeg i dag sitter og ser meg i bakspeilet, s\u00e5 vil jeg si at utstillingen var en suksess. Den var veldig godt bes\u00f8kt, til tider s\u00e5 mye bes\u00f8kende at de bes\u00f8kende gikk som i en sildestim. Salg av bilder ble det ogs\u00e5, og et av bildene endte til og med opp i USA.<\/p>\n<p>&nbsp;<\/p>\n<blockquote>\n<p>\u00c5 v\u00e6re festivalkunstner er en \u00e6re og en god erfaring \u00e5 ta med seg inn mot nye prosjekter og prosesser.<\/p>\n<p>&nbsp;<\/p>\n<\/blockquote>\n<p>Foto: Guro Sandsgaard og Grete Jonsson (Portrettfoto)<\/p>\n<p>[\/et_pb_text][\/et_pb_column][\/et_pb_row][\/et_pb_section]<\/p>\n","protected":false},"excerpt":{"rendered":"<p>Guro Sandsgaard &#8211; Fotografen som ble valgt til festivalkunstner<\/p>\n","protected":false},"author":41,"featured_media":11628,"comment_status":"open","ping_status":"open","sticky":false,"template":"","format":"standard","meta":{"_et_pb_use_builder":"on","_et_pb_old_content":"","_et_gb_content_width":"","footnotes":""},"categories":[7,91,17,14],"tags":[861,137,860,367],"class_list":["post-11656","post","type-post","status-publish","format-standard","has-post-thumbnail","hentry","category-foto","category-inspirasjon","category-medlemmer","category-nyheter","tag-festivalkunstner","tag-fotoutstilling","tag-guro-sandsgaard","tag-haugaland-fotoklubb","et-has-post-format-content","et_post_format-et-post-format-standard"],"yoast_head":"<!-- This site is optimized with the Yoast SEO plugin v27.5 - https:\/\/yoast.com\/product\/yoast-seo-wordpress\/ -->\n<title>Guro Sandsgaard - Fotografen som ble valgt til festivalkunstner - NSFF Magasin | Norsk Selskap for Fotografi<\/title>\n<meta name=\"robots\" content=\"index, follow, max-snippet:-1, max-image-preview:large, max-video-preview:-1\" \/>\n<link rel=\"canonical\" href=\"https:\/\/nsff.no\/magasinet\/2023\/05\/27\/guro-sandsgaard-fotografen-som-ble-valgt-til-festivalkunstner\/\" \/>\n<meta property=\"og:locale\" content=\"nb_NO\" \/>\n<meta property=\"og:type\" content=\"article\" \/>\n<meta property=\"og:title\" content=\"Guro Sandsgaard - Fotografen som ble valgt til festivalkunstner\" \/>\n<meta property=\"og:description\" content=\"Guro Sandsgaard - Fotografen som ble valgt til festivalkunstner\" \/>\n<meta property=\"og:url\" content=\"https:\/\/nsff.no\/magasinet\/2023\/05\/27\/guro-sandsgaard-fotografen-som-ble-valgt-til-festivalkunstner\/\" \/>\n<meta property=\"og:site_name\" content=\"NSFF Magasin | Norsk Selskap for Fotografi\" \/>\n<meta property=\"article:published_time\" content=\"2023-05-27T13:21:54+00:00\" \/>\n<meta property=\"article:modified_time\" content=\"2026-04-07T18:22:25+00:00\" \/>\n<meta property=\"og:image\" content=\"https:\/\/nsff.no\/magasinet\/wp-content\/uploads\/sites\/2\/2023\/05\/290334891_347118810916372_844718576517146273_n.jpg\" \/>\n\t<meta property=\"og:image:width\" content=\"2048\" \/>\n\t<meta property=\"og:image:height\" content=\"1629\" \/>\n\t<meta property=\"og:image:type\" content=\"image\/jpeg\" \/>\n<meta name=\"author\" content=\"Inger Postvoll\" \/>\n<meta name=\"twitter:card\" content=\"summary_large_image\" \/>\n<meta name=\"twitter:label1\" content=\"Skrevet av\" \/>\n\t<meta name=\"twitter:data1\" content=\"Inger Postvoll\" \/>\n\t<meta name=\"twitter:label2\" content=\"Ansl. lesetid\" \/>\n\t<meta name=\"twitter:data2\" content=\"3 minutter\" \/>\n<script type=\"application\/ld+json\" class=\"yoast-schema-graph\">{\"@context\":\"https:\\\/\\\/schema.org\",\"@graph\":[{\"@type\":\"Article\",\"@id\":\"https:\\\/\\\/nsff.no\\\/magasinet\\\/2023\\\/05\\\/27\\\/guro-sandsgaard-fotografen-som-ble-valgt-til-festivalkunstner\\\/#article\",\"isPartOf\":{\"@id\":\"https:\\\/\\\/nsff.no\\\/magasinet\\\/2023\\\/05\\\/27\\\/guro-sandsgaard-fotografen-som-ble-valgt-til-festivalkunstner\\\/\"},\"author\":{\"name\":\"Inger Postvoll\",\"@id\":\"https:\\\/\\\/nsff.no\\\/magasinet\\\/#\\\/schema\\\/person\\\/b3f691ff0db3022e1c1c729ce5d53086\"},\"headline\":\"Guro Sandsgaard &#8211; Fotografen som ble valgt til festivalkunstner\",\"datePublished\":\"2023-05-27T13:21:54+00:00\",\"dateModified\":\"2026-04-07T18:22:25+00:00\",\"mainEntityOfPage\":{\"@id\":\"https:\\\/\\\/nsff.no\\\/magasinet\\\/2023\\\/05\\\/27\\\/guro-sandsgaard-fotografen-som-ble-valgt-til-festivalkunstner\\\/\"},\"wordCount\":677,\"commentCount\":0,\"publisher\":{\"@id\":\"https:\\\/\\\/nsff.no\\\/magasinet\\\/#organization\"},\"image\":{\"@id\":\"https:\\\/\\\/nsff.no\\\/magasinet\\\/2023\\\/05\\\/27\\\/guro-sandsgaard-fotografen-som-ble-valgt-til-festivalkunstner\\\/#primaryimage\"},\"thumbnailUrl\":\"https:\\\/\\\/nsff.no\\\/magasinet\\\/wp-content\\\/uploads\\\/sites\\\/2\\\/2023\\\/05\\\/290334891_347118810916372_844718576517146273_n.jpg\",\"keywords\":[\"festivalkunstner\",\"fotoutstilling\",\"Guro Sandsgaard\",\"Haugaland Fotoklubb\"],\"articleSection\":[\"Foto\",\"Inspirasjon\",\"Medlemmer\",\"Nyheter\"],\"inLanguage\":\"nb-NO\",\"potentialAction\":[{\"@type\":\"CommentAction\",\"name\":\"Comment\",\"target\":[\"https:\\\/\\\/nsff.no\\\/magasinet\\\/2023\\\/05\\\/27\\\/guro-sandsgaard-fotografen-som-ble-valgt-til-festivalkunstner\\\/#respond\"]}]},{\"@type\":\"WebPage\",\"@id\":\"https:\\\/\\\/nsff.no\\\/magasinet\\\/2023\\\/05\\\/27\\\/guro-sandsgaard-fotografen-som-ble-valgt-til-festivalkunstner\\\/\",\"url\":\"https:\\\/\\\/nsff.no\\\/magasinet\\\/2023\\\/05\\\/27\\\/guro-sandsgaard-fotografen-som-ble-valgt-til-festivalkunstner\\\/\",\"name\":\"Guro Sandsgaard - Fotografen som ble valgt til festivalkunstner - NSFF Magasin | Norsk Selskap for Fotografi\",\"isPartOf\":{\"@id\":\"https:\\\/\\\/nsff.no\\\/magasinet\\\/#website\"},\"primaryImageOfPage\":{\"@id\":\"https:\\\/\\\/nsff.no\\\/magasinet\\\/2023\\\/05\\\/27\\\/guro-sandsgaard-fotografen-som-ble-valgt-til-festivalkunstner\\\/#primaryimage\"},\"image\":{\"@id\":\"https:\\\/\\\/nsff.no\\\/magasinet\\\/2023\\\/05\\\/27\\\/guro-sandsgaard-fotografen-som-ble-valgt-til-festivalkunstner\\\/#primaryimage\"},\"thumbnailUrl\":\"https:\\\/\\\/nsff.no\\\/magasinet\\\/wp-content\\\/uploads\\\/sites\\\/2\\\/2023\\\/05\\\/290334891_347118810916372_844718576517146273_n.jpg\",\"datePublished\":\"2023-05-27T13:21:54+00:00\",\"dateModified\":\"2026-04-07T18:22:25+00:00\",\"breadcrumb\":{\"@id\":\"https:\\\/\\\/nsff.no\\\/magasinet\\\/2023\\\/05\\\/27\\\/guro-sandsgaard-fotografen-som-ble-valgt-til-festivalkunstner\\\/#breadcrumb\"},\"inLanguage\":\"nb-NO\",\"potentialAction\":[{\"@type\":\"ReadAction\",\"target\":[\"https:\\\/\\\/nsff.no\\\/magasinet\\\/2023\\\/05\\\/27\\\/guro-sandsgaard-fotografen-som-ble-valgt-til-festivalkunstner\\\/\"]}]},{\"@type\":\"ImageObject\",\"inLanguage\":\"nb-NO\",\"@id\":\"https:\\\/\\\/nsff.no\\\/magasinet\\\/2023\\\/05\\\/27\\\/guro-sandsgaard-fotografen-som-ble-valgt-til-festivalkunstner\\\/#primaryimage\",\"url\":\"https:\\\/\\\/nsff.no\\\/magasinet\\\/wp-content\\\/uploads\\\/sites\\\/2\\\/2023\\\/05\\\/290334891_347118810916372_844718576517146273_n.jpg\",\"contentUrl\":\"https:\\\/\\\/nsff.no\\\/magasinet\\\/wp-content\\\/uploads\\\/sites\\\/2\\\/2023\\\/05\\\/290334891_347118810916372_844718576517146273_n.jpg\",\"width\":2048,\"height\":1629},{\"@type\":\"BreadcrumbList\",\"@id\":\"https:\\\/\\\/nsff.no\\\/magasinet\\\/2023\\\/05\\\/27\\\/guro-sandsgaard-fotografen-som-ble-valgt-til-festivalkunstner\\\/#breadcrumb\",\"itemListElement\":[{\"@type\":\"ListItem\",\"position\":1,\"name\":\"Hjem\",\"item\":\"https:\\\/\\\/nsff.no\\\/magasinet\\\/\"},{\"@type\":\"ListItem\",\"position\":2,\"name\":\"Guro Sandsgaard &#8211; Fotografen som ble valgt til festivalkunstner\"}]},{\"@type\":\"WebSite\",\"@id\":\"https:\\\/\\\/nsff.no\\\/magasinet\\\/#website\",\"url\":\"https:\\\/\\\/nsff.no\\\/magasinet\\\/\",\"name\":\"NSFF Magasin | Norsk Selskap for Fotografi\",\"description\":\"Medlemsmagasin for film- og fotoentusiaster\",\"publisher\":{\"@id\":\"https:\\\/\\\/nsff.no\\\/magasinet\\\/#organization\"},\"potentialAction\":[{\"@type\":\"SearchAction\",\"target\":{\"@type\":\"EntryPoint\",\"urlTemplate\":\"https:\\\/\\\/nsff.no\\\/magasinet\\\/?s={search_term_string}\"},\"query-input\":{\"@type\":\"PropertyValueSpecification\",\"valueRequired\":true,\"valueName\":\"search_term_string\"}}],\"inLanguage\":\"nb-NO\"},{\"@type\":\"Organization\",\"@id\":\"https:\\\/\\\/nsff.no\\\/magasinet\\\/#organization\",\"name\":\"Norsk Selskap for Fotografo\",\"url\":\"https:\\\/\\\/nsff.no\\\/magasinet\\\/\",\"logo\":{\"@type\":\"ImageObject\",\"inLanguage\":\"nb-NO\",\"@id\":\"https:\\\/\\\/nsff.no\\\/magasinet\\\/#\\\/schema\\\/logo\\\/image\\\/\",\"url\":\"https:\\\/\\\/nsff.no\\\/magasinet\\\/wp-content\\\/uploads\\\/sites\\\/2\\\/2016\\\/05\\\/NSFF-fb-lenkebilde.png\",\"contentUrl\":\"https:\\\/\\\/nsff.no\\\/magasinet\\\/wp-content\\\/uploads\\\/sites\\\/2\\\/2016\\\/05\\\/NSFF-fb-lenkebilde.png\",\"width\":1,\"height\":1,\"caption\":\"Norsk Selskap for Fotografo\"},\"image\":{\"@id\":\"https:\\\/\\\/nsff.no\\\/magasinet\\\/#\\\/schema\\\/logo\\\/image\\\/\"}},{\"@type\":\"Person\",\"@id\":\"https:\\\/\\\/nsff.no\\\/magasinet\\\/#\\\/schema\\\/person\\\/b3f691ff0db3022e1c1c729ce5d53086\",\"name\":\"Inger Postvoll\",\"image\":{\"@type\":\"ImageObject\",\"inLanguage\":\"nb-NO\",\"@id\":\"https:\\\/\\\/secure.gravatar.com\\\/avatar\\\/4718b38fb1f54786915fca8071e5d8d7ad74b9f1398a7e69b599f35c6dfcc45a?s=96&d=mm&r=g\",\"url\":\"https:\\\/\\\/secure.gravatar.com\\\/avatar\\\/4718b38fb1f54786915fca8071e5d8d7ad74b9f1398a7e69b599f35c6dfcc45a?s=96&d=mm&r=g\",\"contentUrl\":\"https:\\\/\\\/secure.gravatar.com\\\/avatar\\\/4718b38fb1f54786915fca8071e5d8d7ad74b9f1398a7e69b599f35c6dfcc45a?s=96&d=mm&r=g\",\"caption\":\"Inger Postvoll\"},\"description\":\"Redakt\u00f8r av NSFF Magasin. Medlem i Haugaland Fotoklubb og PSA. Initiativtaker til damegruppa Lens Babes.\",\"url\":\"https:\\\/\\\/nsff.no\\\/magasinet\\\/author\\\/ingerpostvoll\\\/\"}]}<\/script>\n<!-- \/ Yoast SEO plugin. -->","yoast_head_json":{"title":"Guro Sandsgaard - Fotografen som ble valgt til festivalkunstner - NSFF Magasin | Norsk Selskap for Fotografi","robots":{"index":"index","follow":"follow","max-snippet":"max-snippet:-1","max-image-preview":"max-image-preview:large","max-video-preview":"max-video-preview:-1"},"canonical":"https:\/\/nsff.no\/magasinet\/2023\/05\/27\/guro-sandsgaard-fotografen-som-ble-valgt-til-festivalkunstner\/","og_locale":"nb_NO","og_type":"article","og_title":"Guro Sandsgaard - Fotografen som ble valgt til festivalkunstner","og_description":"Guro Sandsgaard - Fotografen som ble valgt til festivalkunstner","og_url":"https:\/\/nsff.no\/magasinet\/2023\/05\/27\/guro-sandsgaard-fotografen-som-ble-valgt-til-festivalkunstner\/","og_site_name":"NSFF Magasin | Norsk Selskap for Fotografi","article_published_time":"2023-05-27T13:21:54+00:00","article_modified_time":"2026-04-07T18:22:25+00:00","og_image":[{"width":2048,"height":1629,"url":"https:\/\/nsff.no\/magasinet\/wp-content\/uploads\/sites\/2\/2023\/05\/290334891_347118810916372_844718576517146273_n.jpg","type":"image\/jpeg"}],"author":"Inger Postvoll","twitter_card":"summary_large_image","twitter_misc":{"Skrevet av":"Inger Postvoll","Ansl. lesetid":"3 minutter"},"schema":{"@context":"https:\/\/schema.org","@graph":[{"@type":"Article","@id":"https:\/\/nsff.no\/magasinet\/2023\/05\/27\/guro-sandsgaard-fotografen-som-ble-valgt-til-festivalkunstner\/#article","isPartOf":{"@id":"https:\/\/nsff.no\/magasinet\/2023\/05\/27\/guro-sandsgaard-fotografen-som-ble-valgt-til-festivalkunstner\/"},"author":{"name":"Inger Postvoll","@id":"https:\/\/nsff.no\/magasinet\/#\/schema\/person\/b3f691ff0db3022e1c1c729ce5d53086"},"headline":"Guro Sandsgaard &#8211; Fotografen som ble valgt til festivalkunstner","datePublished":"2023-05-27T13:21:54+00:00","dateModified":"2026-04-07T18:22:25+00:00","mainEntityOfPage":{"@id":"https:\/\/nsff.no\/magasinet\/2023\/05\/27\/guro-sandsgaard-fotografen-som-ble-valgt-til-festivalkunstner\/"},"wordCount":677,"commentCount":0,"publisher":{"@id":"https:\/\/nsff.no\/magasinet\/#organization"},"image":{"@id":"https:\/\/nsff.no\/magasinet\/2023\/05\/27\/guro-sandsgaard-fotografen-som-ble-valgt-til-festivalkunstner\/#primaryimage"},"thumbnailUrl":"https:\/\/nsff.no\/magasinet\/wp-content\/uploads\/sites\/2\/2023\/05\/290334891_347118810916372_844718576517146273_n.jpg","keywords":["festivalkunstner","fotoutstilling","Guro Sandsgaard","Haugaland Fotoklubb"],"articleSection":["Foto","Inspirasjon","Medlemmer","Nyheter"],"inLanguage":"nb-NO","potentialAction":[{"@type":"CommentAction","name":"Comment","target":["https:\/\/nsff.no\/magasinet\/2023\/05\/27\/guro-sandsgaard-fotografen-som-ble-valgt-til-festivalkunstner\/#respond"]}]},{"@type":"WebPage","@id":"https:\/\/nsff.no\/magasinet\/2023\/05\/27\/guro-sandsgaard-fotografen-som-ble-valgt-til-festivalkunstner\/","url":"https:\/\/nsff.no\/magasinet\/2023\/05\/27\/guro-sandsgaard-fotografen-som-ble-valgt-til-festivalkunstner\/","name":"Guro Sandsgaard - Fotografen som ble valgt til festivalkunstner - NSFF Magasin | Norsk Selskap for Fotografi","isPartOf":{"@id":"https:\/\/nsff.no\/magasinet\/#website"},"primaryImageOfPage":{"@id":"https:\/\/nsff.no\/magasinet\/2023\/05\/27\/guro-sandsgaard-fotografen-som-ble-valgt-til-festivalkunstner\/#primaryimage"},"image":{"@id":"https:\/\/nsff.no\/magasinet\/2023\/05\/27\/guro-sandsgaard-fotografen-som-ble-valgt-til-festivalkunstner\/#primaryimage"},"thumbnailUrl":"https:\/\/nsff.no\/magasinet\/wp-content\/uploads\/sites\/2\/2023\/05\/290334891_347118810916372_844718576517146273_n.jpg","datePublished":"2023-05-27T13:21:54+00:00","dateModified":"2026-04-07T18:22:25+00:00","breadcrumb":{"@id":"https:\/\/nsff.no\/magasinet\/2023\/05\/27\/guro-sandsgaard-fotografen-som-ble-valgt-til-festivalkunstner\/#breadcrumb"},"inLanguage":"nb-NO","potentialAction":[{"@type":"ReadAction","target":["https:\/\/nsff.no\/magasinet\/2023\/05\/27\/guro-sandsgaard-fotografen-som-ble-valgt-til-festivalkunstner\/"]}]},{"@type":"ImageObject","inLanguage":"nb-NO","@id":"https:\/\/nsff.no\/magasinet\/2023\/05\/27\/guro-sandsgaard-fotografen-som-ble-valgt-til-festivalkunstner\/#primaryimage","url":"https:\/\/nsff.no\/magasinet\/wp-content\/uploads\/sites\/2\/2023\/05\/290334891_347118810916372_844718576517146273_n.jpg","contentUrl":"https:\/\/nsff.no\/magasinet\/wp-content\/uploads\/sites\/2\/2023\/05\/290334891_347118810916372_844718576517146273_n.jpg","width":2048,"height":1629},{"@type":"BreadcrumbList","@id":"https:\/\/nsff.no\/magasinet\/2023\/05\/27\/guro-sandsgaard-fotografen-som-ble-valgt-til-festivalkunstner\/#breadcrumb","itemListElement":[{"@type":"ListItem","position":1,"name":"Hjem","item":"https:\/\/nsff.no\/magasinet\/"},{"@type":"ListItem","position":2,"name":"Guro Sandsgaard &#8211; Fotografen som ble valgt til festivalkunstner"}]},{"@type":"WebSite","@id":"https:\/\/nsff.no\/magasinet\/#website","url":"https:\/\/nsff.no\/magasinet\/","name":"NSFF Magasin | Norsk Selskap for Fotografi","description":"Medlemsmagasin for film- og fotoentusiaster","publisher":{"@id":"https:\/\/nsff.no\/magasinet\/#organization"},"potentialAction":[{"@type":"SearchAction","target":{"@type":"EntryPoint","urlTemplate":"https:\/\/nsff.no\/magasinet\/?s={search_term_string}"},"query-input":{"@type":"PropertyValueSpecification","valueRequired":true,"valueName":"search_term_string"}}],"inLanguage":"nb-NO"},{"@type":"Organization","@id":"https:\/\/nsff.no\/magasinet\/#organization","name":"Norsk Selskap for Fotografo","url":"https:\/\/nsff.no\/magasinet\/","logo":{"@type":"ImageObject","inLanguage":"nb-NO","@id":"https:\/\/nsff.no\/magasinet\/#\/schema\/logo\/image\/","url":"https:\/\/nsff.no\/magasinet\/wp-content\/uploads\/sites\/2\/2016\/05\/NSFF-fb-lenkebilde.png","contentUrl":"https:\/\/nsff.no\/magasinet\/wp-content\/uploads\/sites\/2\/2016\/05\/NSFF-fb-lenkebilde.png","width":1,"height":1,"caption":"Norsk Selskap for Fotografo"},"image":{"@id":"https:\/\/nsff.no\/magasinet\/#\/schema\/logo\/image\/"}},{"@type":"Person","@id":"https:\/\/nsff.no\/magasinet\/#\/schema\/person\/b3f691ff0db3022e1c1c729ce5d53086","name":"Inger Postvoll","image":{"@type":"ImageObject","inLanguage":"nb-NO","@id":"https:\/\/secure.gravatar.com\/avatar\/4718b38fb1f54786915fca8071e5d8d7ad74b9f1398a7e69b599f35c6dfcc45a?s=96&d=mm&r=g","url":"https:\/\/secure.gravatar.com\/avatar\/4718b38fb1f54786915fca8071e5d8d7ad74b9f1398a7e69b599f35c6dfcc45a?s=96&d=mm&r=g","contentUrl":"https:\/\/secure.gravatar.com\/avatar\/4718b38fb1f54786915fca8071e5d8d7ad74b9f1398a7e69b599f35c6dfcc45a?s=96&d=mm&r=g","caption":"Inger Postvoll"},"description":"Redakt\u00f8r av NSFF Magasin. Medlem i Haugaland Fotoklubb og PSA. Initiativtaker til damegruppa Lens Babes.","url":"https:\/\/nsff.no\/magasinet\/author\/ingerpostvoll\/"}]}},"_links":{"self":[{"href":"https:\/\/nsff.no\/magasinet\/wp-json\/wp\/v2\/posts\/11656","targetHints":{"allow":["GET"]}}],"collection":[{"href":"https:\/\/nsff.no\/magasinet\/wp-json\/wp\/v2\/posts"}],"about":[{"href":"https:\/\/nsff.no\/magasinet\/wp-json\/wp\/v2\/types\/post"}],"author":[{"embeddable":true,"href":"https:\/\/nsff.no\/magasinet\/wp-json\/wp\/v2\/users\/41"}],"replies":[{"embeddable":true,"href":"https:\/\/nsff.no\/magasinet\/wp-json\/wp\/v2\/comments?post=11656"}],"version-history":[{"count":27,"href":"https:\/\/nsff.no\/magasinet\/wp-json\/wp\/v2\/posts\/11656\/revisions"}],"predecessor-version":[{"id":11715,"href":"https:\/\/nsff.no\/magasinet\/wp-json\/wp\/v2\/posts\/11656\/revisions\/11715"}],"wp:featuredmedia":[{"embeddable":true,"href":"https:\/\/nsff.no\/magasinet\/wp-json\/wp\/v2\/media\/11628"}],"wp:attachment":[{"href":"https:\/\/nsff.no\/magasinet\/wp-json\/wp\/v2\/media?parent=11656"}],"wp:term":[{"taxonomy":"category","embeddable":true,"href":"https:\/\/nsff.no\/magasinet\/wp-json\/wp\/v2\/categories?post=11656"},{"taxonomy":"post_tag","embeddable":true,"href":"https:\/\/nsff.no\/magasinet\/wp-json\/wp\/v2\/tags?post=11656"}],"curies":[{"name":"wp","href":"https:\/\/api.w.org\/{rel}","templated":true}]}}