{"id":11123,"date":"2023-03-11T15:14:22","date_gmt":"2023-03-11T14:14:22","guid":{"rendered":"https:\/\/nsff.no\/magasinet\/?p=11123"},"modified":"2023-03-31T09:40:25","modified_gmt":"2023-03-31T07:40:25","slug":"automatisk-kladd","status":"publish","type":"post","link":"https:\/\/nsff.no\/magasinet\/2023\/03\/11\/automatisk-kladd\/","title":{"rendered":"Filmmilj\u00f8et i NSFF s\u00f8ker flere videografer og fotografer som gj\u00f8r film!"},"content":{"rendered":"<p>[et_pb_section fb_built=&raquo;1&#8243; _builder_version=&raquo;4.20.2&#8243; _module_preset=&raquo;default&raquo; global_colors_info=&raquo;{}&raquo;][et_pb_row column_structure=&raquo;1_2,1_2&#8243; _builder_version=&raquo;4.20.2&#8243; _module_preset=&raquo;default&raquo; global_colors_info=&raquo;{}&raquo;][et_pb_column type=&raquo;1_2&#8243; _builder_version=&raquo;4.20.2&#8243; _module_preset=&raquo;default&raquo; global_colors_info=&raquo;{}&raquo;][et_pb_video src=&raquo;https:\/\/vimeo.com\/806243744&#8243; _builder_version=&raquo;4.20.2&#8243; _module_preset=&raquo;default&raquo; global_colors_info=&raquo;{}&raquo;][\/et_pb_video][et_pb_text _builder_version=&raquo;4.20.2&#8243; _module_preset=&raquo;default&raquo; global_colors_info=&raquo;{}&raquo;]<\/p>\n<div id=\"jsc_c_ae\" class=\"x1iorvi4 x1pi30zi x1l90r2v x1swvt13\"><span class=\"x193iq5w xeuugli x13faqbe x1vvkbs xlh3980 xvmahel x1n0sxbx x1lliihq x1s928wv xhkezso x1gmr53x x1cpjm7i x1fgarty x1943h6x xudqn12 x3x7a5m x6prxxf xvq8zen xo1l8bm xzsf02u\" dir=\"auto\"><i>Filmmilj\u00f8et i NSFF s\u00f8ker flere videografer og fotografer som \u00f8nsker \u00e5 utvikle seg innenfor det \u00e5 lage film. Film er i hovedtrekk 25 bilder pr. sekund og er fullt mulig med dagens fotokameraer, videokameraer, mobiltelefoner og annet opptaksutstyr.<\/i><\/span><\/div>\n<div id=\"jsc_c_ae\" class=\"x1iorvi4 x1pi30zi x1l90r2v x1swvt13\"><span class=\"x193iq5w xeuugli x13faqbe x1vvkbs xlh3980 xvmahel x1n0sxbx x1lliihq x1s928wv xhkezso x1gmr53x x1cpjm7i x1fgarty x1943h6x xudqn12 x3x7a5m x6prxxf xvq8zen xo1l8bm xzsf02u\" dir=\"auto\"><i>\u00a0<\/i><\/span><\/div>\n<div id=\"jsc_c_ae\" class=\"x1iorvi4 x1pi30zi x1l90r2v x1swvt13\"><i>En av filmklubbene tilsluttet NSFF er\u00a0<b>Bergen Fritidsfilmere\u00a0<\/b>som \u00f8nsker flere nye medlemmer for \u00e5 sammen dele kunnskap for \u00e5 lage bedre og severdige filmer basert p\u00e5 egne videoopptak, uansett opptaksutstyr. <\/i><i>Vi mener at f<\/i><span style=\"color: #000000\"><i>ilmklubbene i NSFF har mye \u00e5 tilf\u00f8re den vanlige fritidsfilmer<\/i><\/span><i>\u00a0som \u00f8nsker \u00e5 gj\u00f8re noe mer av de digitale bildene og videoklippene som ligger p\u00e5 diverse opptaksutstyr og harddisker.\u00a0<\/i><\/div>\n<p>[\/et_pb_text][\/et_pb_column][et_pb_column type=&raquo;1_2&#8243; _builder_version=&raquo;4.20.2&#8243; _module_preset=&raquo;default&raquo; global_colors_info=&raquo;{}&raquo;][et_pb_text _builder_version=&raquo;4.20.2&#8243; _module_preset=&raquo;default&raquo; global_colors_info=&raquo;{}&raquo;]<\/p>\n<div id=\"jsc_c_ae\" class=\"x1iorvi4 x1pi30zi x1l90r2v x1swvt13\"><i><b>Bergen Fritidsfilmere<\/b> tipper at mange familier og venner s\u00e5 gjerne vil se videominnene igjen som filmfortellinger; ikke bare som l\u00f8se klipp som har en tendens til \u00e5 forvinne<\/i><span style=\"color: #000000\"><i>\u2026<\/i><\/span><\/div>\n<div id=\"jsc_c_ae\" class=\"x1iorvi4 x1pi30zi x1l90r2v x1swvt13\"><span class=\"x193iq5w xeuugli x13faqbe x1vvkbs xlh3980 xvmahel x1n0sxbx x1lliihq x1s928wv xhkezso x1gmr53x x1cpjm7i x1fgarty x1943h6x xudqn12 x3x7a5m x6prxxf xvq8zen xo1l8bm xzsf02u\" dir=\"auto\">\u00a0<\/span><\/div>\n<div id=\"jsc_c_ae\" class=\"x1iorvi4 x1pi30zi x1l90r2v x1swvt13\"><span class=\"x193iq5w xeuugli x13faqbe x1vvkbs xlh3980 xvmahel x1n0sxbx x1lliihq x1s928wv xhkezso x1gmr53x x1cpjm7i x1fgarty x1943h6x xudqn12 x3x7a5m x6prxxf xvq8zen xo1l8bm xzsf02u\" dir=\"auto\"><i><\/i>Hjelpen er ikke lang unna, hvis du engasjerer deg! Ta kontakt via NSFF Filmutvalget ved leder Rune Haaland, <\/span><a href=\"mailto:filmansvarlig@nsff.no\">filmansvarlig@nsff.no.<\/a><\/div>\n<div id=\"jsc_c_ae\" class=\"x1iorvi4 x1pi30zi x1l90r2v x1swvt13\"><\/div>\n<div id=\"jsc_c_ae\" class=\"x1iorvi4 x1pi30zi x1l90r2v x1swvt13\">Bor du i bergensomr\u00e5det, s\u00e5 er et tilbud sv\u00e6rt n\u00e6r. Kontaktadressen er \u00a0<a href=\"mailto:kontakt@bergenfritidsfilmere.no\">kontakt@bergenfritidsfilmere.no<\/a>\u00a0 Vi finner l\u00f8sninger sammen, om du hiver deg p\u00e5!<\/div>\n<div id=\"jsc_c_ae\" class=\"x1iorvi4 x1pi30zi x1l90r2v x1swvt13\"><span class=\"x193iq5w xeuugli x13faqbe x1vvkbs xlh3980 xvmahel x1n0sxbx x1lliihq x1s928wv xhkezso x1gmr53x x1cpjm7i x1fgarty x1943h6x xudqn12 x3x7a5m x6prxxf xvq8zen xo1l8bm xzsf02u\" dir=\"auto\"><br \/>\nSe v\u00e5r promovideo. Det tar bare 90 sekunder.<\/span><\/div>\n<p>[\/et_pb_text][\/et_pb_column][\/et_pb_row][\/et_pb_section]<\/p>\n","protected":false},"excerpt":{"rendered":"<p>Filmmilj\u00f8et i NSFF s\u00f8ker flere videografer og fotografer som \u00f8nsker \u00e5 utvikle seg innenfor det \u00e5 lage film. <\/p>\n","protected":false},"author":3,"featured_media":11267,"comment_status":"open","ping_status":"open","sticky":false,"template":"","format":"standard","meta":{"_et_pb_use_builder":"on","_et_pb_old_content":"","_et_gb_content_width":"","footnotes":""},"categories":[5,91,14],"tags":[],"class_list":["post-11123","post","type-post","status-publish","format-standard","has-post-thumbnail","hentry","category-film","category-inspirasjon","category-nyheter","et-has-post-format-content","et_post_format-et-post-format-standard"],"yoast_head":"<!-- This site is optimized with the Yoast SEO plugin v27.5 - https:\/\/yoast.com\/product\/yoast-seo-wordpress\/ -->\n<title>Filmmilj\u00f8et i NSFF s\u00f8ker flere videografer og fotografer som gj\u00f8r film! - NSFF Magasin | Norsk Selskap for Fotografi<\/title>\n<meta name=\"description\" content=\"Filmmilj\u00f8et i NSFF s\u00f8ker flere videografer og fotografer som \u00f8nsker \u00e5 utvikle seg innenfor det \u00e5 lage film.\" \/>\n<meta name=\"robots\" content=\"index, follow, max-snippet:-1, max-image-preview:large, max-video-preview:-1\" \/>\n<link rel=\"canonical\" href=\"https:\/\/nsff.no\/magasinet\/2023\/03\/11\/automatisk-kladd\/\" \/>\n<meta property=\"og:locale\" content=\"nb_NO\" \/>\n<meta property=\"og:type\" content=\"article\" \/>\n<meta property=\"og:title\" content=\"Filmmilj\u00f8et i NSFF s\u00f8ker flere videografer og fotografer som gj\u00f8r film! - NSFF Magasin | Norsk Selskap for Fotografi\" \/>\n<meta property=\"og:description\" content=\"Filmmilj\u00f8et i NSFF s\u00f8ker flere videografer og fotografer som \u00f8nsker \u00e5 utvikle seg innenfor det \u00e5 lage film.\" \/>\n<meta property=\"og:url\" content=\"https:\/\/nsff.no\/magasinet\/2023\/03\/11\/automatisk-kladd\/\" \/>\n<meta property=\"og:site_name\" content=\"NSFF Magasin | Norsk Selskap for Fotografi\" \/>\n<meta property=\"article:published_time\" content=\"2023-03-11T14:14:22+00:00\" \/>\n<meta property=\"article:modified_time\" content=\"2023-03-31T07:40:25+00:00\" \/>\n<meta property=\"og:image\" content=\"https:\/\/nsff.no\/magasinet\/wp-content\/uploads\/sites\/2\/2023\/03\/Skjermbilde-2023-03-31-kl.-09.38.39-1024x554.png\" \/>\n\t<meta property=\"og:image:width\" content=\"1024\" \/>\n\t<meta property=\"og:image:height\" content=\"554\" \/>\n\t<meta property=\"og:image:type\" content=\"image\/png\" \/>\n<meta name=\"author\" content=\"Roy Morten Gleditsch\" \/>\n<meta name=\"twitter:card\" content=\"summary_large_image\" \/>\n<meta name=\"twitter:label1\" content=\"Skrevet av\" \/>\n\t<meta name=\"twitter:data1\" content=\"Roy Morten Gleditsch\" \/>\n\t<meta name=\"twitter:label2\" content=\"Ansl. lesetid\" \/>\n\t<meta name=\"twitter:data2\" content=\"2 minutter\" \/>\n<script type=\"application\/ld+json\" class=\"yoast-schema-graph\">{\"@context\":\"https:\\\/\\\/schema.org\",\"@graph\":[{\"@type\":\"Article\",\"@id\":\"https:\\\/\\\/nsff.no\\\/magasinet\\\/2023\\\/03\\\/11\\\/automatisk-kladd\\\/#article\",\"isPartOf\":{\"@id\":\"https:\\\/\\\/nsff.no\\\/magasinet\\\/2023\\\/03\\\/11\\\/automatisk-kladd\\\/\"},\"author\":{\"name\":\"Roy Morten Gleditsch\",\"@id\":\"https:\\\/\\\/nsff.no\\\/magasinet\\\/#\\\/schema\\\/person\\\/00e43e4e855e12444beb4e6e3fe9edc0\"},\"headline\":\"Filmmilj\u00f8et i NSFF s\u00f8ker flere videografer og fotografer som gj\u00f8r film!\",\"datePublished\":\"2023-03-11T14:14:22+00:00\",\"dateModified\":\"2023-03-31T07:40:25+00:00\",\"mainEntityOfPage\":{\"@id\":\"https:\\\/\\\/nsff.no\\\/magasinet\\\/2023\\\/03\\\/11\\\/automatisk-kladd\\\/\"},\"wordCount\":306,\"commentCount\":0,\"publisher\":{\"@id\":\"https:\\\/\\\/nsff.no\\\/magasinet\\\/#organization\"},\"image\":{\"@id\":\"https:\\\/\\\/nsff.no\\\/magasinet\\\/2023\\\/03\\\/11\\\/automatisk-kladd\\\/#primaryimage\"},\"thumbnailUrl\":\"https:\\\/\\\/nsff.no\\\/magasinet\\\/wp-content\\\/uploads\\\/sites\\\/2\\\/2023\\\/03\\\/Skjermbilde-2023-03-31-kl.-09.38.39.png\",\"articleSection\":[\"Film\",\"Inspirasjon\",\"Nyheter\"],\"inLanguage\":\"nb-NO\",\"potentialAction\":[{\"@type\":\"CommentAction\",\"name\":\"Comment\",\"target\":[\"https:\\\/\\\/nsff.no\\\/magasinet\\\/2023\\\/03\\\/11\\\/automatisk-kladd\\\/#respond\"]}]},{\"@type\":\"WebPage\",\"@id\":\"https:\\\/\\\/nsff.no\\\/magasinet\\\/2023\\\/03\\\/11\\\/automatisk-kladd\\\/\",\"url\":\"https:\\\/\\\/nsff.no\\\/magasinet\\\/2023\\\/03\\\/11\\\/automatisk-kladd\\\/\",\"name\":\"Filmmilj\u00f8et i NSFF s\u00f8ker flere videografer og fotografer som gj\u00f8r film! - NSFF Magasin | Norsk Selskap for Fotografi\",\"isPartOf\":{\"@id\":\"https:\\\/\\\/nsff.no\\\/magasinet\\\/#website\"},\"primaryImageOfPage\":{\"@id\":\"https:\\\/\\\/nsff.no\\\/magasinet\\\/2023\\\/03\\\/11\\\/automatisk-kladd\\\/#primaryimage\"},\"image\":{\"@id\":\"https:\\\/\\\/nsff.no\\\/magasinet\\\/2023\\\/03\\\/11\\\/automatisk-kladd\\\/#primaryimage\"},\"thumbnailUrl\":\"https:\\\/\\\/nsff.no\\\/magasinet\\\/wp-content\\\/uploads\\\/sites\\\/2\\\/2023\\\/03\\\/Skjermbilde-2023-03-31-kl.-09.38.39.png\",\"datePublished\":\"2023-03-11T14:14:22+00:00\",\"dateModified\":\"2023-03-31T07:40:25+00:00\",\"description\":\"Filmmilj\u00f8et i NSFF s\u00f8ker flere videografer og fotografer som \u00f8nsker \u00e5 utvikle seg innenfor det \u00e5 lage film.\",\"breadcrumb\":{\"@id\":\"https:\\\/\\\/nsff.no\\\/magasinet\\\/2023\\\/03\\\/11\\\/automatisk-kladd\\\/#breadcrumb\"},\"inLanguage\":\"nb-NO\",\"potentialAction\":[{\"@type\":\"ReadAction\",\"target\":[\"https:\\\/\\\/nsff.no\\\/magasinet\\\/2023\\\/03\\\/11\\\/automatisk-kladd\\\/\"]}]},{\"@type\":\"ImageObject\",\"inLanguage\":\"nb-NO\",\"@id\":\"https:\\\/\\\/nsff.no\\\/magasinet\\\/2023\\\/03\\\/11\\\/automatisk-kladd\\\/#primaryimage\",\"url\":\"https:\\\/\\\/nsff.no\\\/magasinet\\\/wp-content\\\/uploads\\\/sites\\\/2\\\/2023\\\/03\\\/Skjermbilde-2023-03-31-kl.-09.38.39.png\",\"contentUrl\":\"https:\\\/\\\/nsff.no\\\/magasinet\\\/wp-content\\\/uploads\\\/sites\\\/2\\\/2023\\\/03\\\/Skjermbilde-2023-03-31-kl.-09.38.39.png\",\"width\":2556,\"height\":1384,\"caption\":\"Videografer\"},{\"@type\":\"BreadcrumbList\",\"@id\":\"https:\\\/\\\/nsff.no\\\/magasinet\\\/2023\\\/03\\\/11\\\/automatisk-kladd\\\/#breadcrumb\",\"itemListElement\":[{\"@type\":\"ListItem\",\"position\":1,\"name\":\"Hjem\",\"item\":\"https:\\\/\\\/nsff.no\\\/magasinet\\\/\"},{\"@type\":\"ListItem\",\"position\":2,\"name\":\"Filmmilj\u00f8et i NSFF s\u00f8ker flere videografer og fotografer som gj\u00f8r film!\"}]},{\"@type\":\"WebSite\",\"@id\":\"https:\\\/\\\/nsff.no\\\/magasinet\\\/#website\",\"url\":\"https:\\\/\\\/nsff.no\\\/magasinet\\\/\",\"name\":\"NSFF Magasin | Norsk Selskap for Fotografi\",\"description\":\"Medlemsmagasin for film- og fotoentusiaster\",\"publisher\":{\"@id\":\"https:\\\/\\\/nsff.no\\\/magasinet\\\/#organization\"},\"potentialAction\":[{\"@type\":\"SearchAction\",\"target\":{\"@type\":\"EntryPoint\",\"urlTemplate\":\"https:\\\/\\\/nsff.no\\\/magasinet\\\/?s={search_term_string}\"},\"query-input\":{\"@type\":\"PropertyValueSpecification\",\"valueRequired\":true,\"valueName\":\"search_term_string\"}}],\"inLanguage\":\"nb-NO\"},{\"@type\":\"Organization\",\"@id\":\"https:\\\/\\\/nsff.no\\\/magasinet\\\/#organization\",\"name\":\"Norsk Selskap for Fotografo\",\"url\":\"https:\\\/\\\/nsff.no\\\/magasinet\\\/\",\"logo\":{\"@type\":\"ImageObject\",\"inLanguage\":\"nb-NO\",\"@id\":\"https:\\\/\\\/nsff.no\\\/magasinet\\\/#\\\/schema\\\/logo\\\/image\\\/\",\"url\":\"https:\\\/\\\/nsff.no\\\/magasinet\\\/wp-content\\\/uploads\\\/sites\\\/2\\\/2016\\\/05\\\/NSFF-fb-lenkebilde.png\",\"contentUrl\":\"https:\\\/\\\/nsff.no\\\/magasinet\\\/wp-content\\\/uploads\\\/sites\\\/2\\\/2016\\\/05\\\/NSFF-fb-lenkebilde.png\",\"width\":1,\"height\":1,\"caption\":\"Norsk Selskap for Fotografo\"},\"image\":{\"@id\":\"https:\\\/\\\/nsff.no\\\/magasinet\\\/#\\\/schema\\\/logo\\\/image\\\/\"}},{\"@type\":\"Person\",\"@id\":\"https:\\\/\\\/nsff.no\\\/magasinet\\\/#\\\/schema\\\/person\\\/00e43e4e855e12444beb4e6e3fe9edc0\",\"name\":\"Roy Morten Gleditsch\",\"image\":{\"@type\":\"ImageObject\",\"inLanguage\":\"nb-NO\",\"@id\":\"https:\\\/\\\/secure.gravatar.com\\\/avatar\\\/885548ffa38b81c256c0f774865a7d996476149a5e9f193bf32459b364a2cf39?s=96&d=mm&r=g\",\"url\":\"https:\\\/\\\/secure.gravatar.com\\\/avatar\\\/885548ffa38b81c256c0f774865a7d996476149a5e9f193bf32459b364a2cf39?s=96&d=mm&r=g\",\"contentUrl\":\"https:\\\/\\\/secure.gravatar.com\\\/avatar\\\/885548ffa38b81c256c0f774865a7d996476149a5e9f193bf32459b364a2cf39?s=96&d=mm&r=g\",\"caption\":\"Roy Morten Gleditsch\"},\"description\":\"Filmskaper siden 1970. Medlem av Bergen Fritidsfilmere siden 1980. Redakt\u00f8r av NSFF Magasin fra oppstarten til juni 2016, tidligere medlem av Filmutvalget. \u00c6resmedlem NSFF.\",\"sameAs\":[\"http:\\\/\\\/www.bergenfritidsfilmere.no\\\/\"],\"url\":\"https:\\\/\\\/nsff.no\\\/magasinet\\\/author\\\/magasinet\\\/\"}]}<\/script>\n<!-- \/ Yoast SEO plugin. -->","yoast_head_json":{"title":"Filmmilj\u00f8et i NSFF s\u00f8ker flere videografer og fotografer som gj\u00f8r film! - NSFF Magasin | Norsk Selskap for Fotografi","description":"Filmmilj\u00f8et i NSFF s\u00f8ker flere videografer og fotografer som \u00f8nsker \u00e5 utvikle seg innenfor det \u00e5 lage film.","robots":{"index":"index","follow":"follow","max-snippet":"max-snippet:-1","max-image-preview":"max-image-preview:large","max-video-preview":"max-video-preview:-1"},"canonical":"https:\/\/nsff.no\/magasinet\/2023\/03\/11\/automatisk-kladd\/","og_locale":"nb_NO","og_type":"article","og_title":"Filmmilj\u00f8et i NSFF s\u00f8ker flere videografer og fotografer som gj\u00f8r film! - NSFF Magasin | Norsk Selskap for Fotografi","og_description":"Filmmilj\u00f8et i NSFF s\u00f8ker flere videografer og fotografer som \u00f8nsker \u00e5 utvikle seg innenfor det \u00e5 lage film.","og_url":"https:\/\/nsff.no\/magasinet\/2023\/03\/11\/automatisk-kladd\/","og_site_name":"NSFF Magasin | Norsk Selskap for Fotografi","article_published_time":"2023-03-11T14:14:22+00:00","article_modified_time":"2023-03-31T07:40:25+00:00","og_image":[{"width":1024,"height":554,"url":"https:\/\/nsff.no\/magasinet\/wp-content\/uploads\/sites\/2\/2023\/03\/Skjermbilde-2023-03-31-kl.-09.38.39-1024x554.png","type":"image\/png"}],"author":"Roy Morten Gleditsch","twitter_card":"summary_large_image","twitter_misc":{"Skrevet av":"Roy Morten Gleditsch","Ansl. lesetid":"2 minutter"},"schema":{"@context":"https:\/\/schema.org","@graph":[{"@type":"Article","@id":"https:\/\/nsff.no\/magasinet\/2023\/03\/11\/automatisk-kladd\/#article","isPartOf":{"@id":"https:\/\/nsff.no\/magasinet\/2023\/03\/11\/automatisk-kladd\/"},"author":{"name":"Roy Morten Gleditsch","@id":"https:\/\/nsff.no\/magasinet\/#\/schema\/person\/00e43e4e855e12444beb4e6e3fe9edc0"},"headline":"Filmmilj\u00f8et i NSFF s\u00f8ker flere videografer og fotografer som gj\u00f8r film!","datePublished":"2023-03-11T14:14:22+00:00","dateModified":"2023-03-31T07:40:25+00:00","mainEntityOfPage":{"@id":"https:\/\/nsff.no\/magasinet\/2023\/03\/11\/automatisk-kladd\/"},"wordCount":306,"commentCount":0,"publisher":{"@id":"https:\/\/nsff.no\/magasinet\/#organization"},"image":{"@id":"https:\/\/nsff.no\/magasinet\/2023\/03\/11\/automatisk-kladd\/#primaryimage"},"thumbnailUrl":"https:\/\/nsff.no\/magasinet\/wp-content\/uploads\/sites\/2\/2023\/03\/Skjermbilde-2023-03-31-kl.-09.38.39.png","articleSection":["Film","Inspirasjon","Nyheter"],"inLanguage":"nb-NO","potentialAction":[{"@type":"CommentAction","name":"Comment","target":["https:\/\/nsff.no\/magasinet\/2023\/03\/11\/automatisk-kladd\/#respond"]}]},{"@type":"WebPage","@id":"https:\/\/nsff.no\/magasinet\/2023\/03\/11\/automatisk-kladd\/","url":"https:\/\/nsff.no\/magasinet\/2023\/03\/11\/automatisk-kladd\/","name":"Filmmilj\u00f8et i NSFF s\u00f8ker flere videografer og fotografer som gj\u00f8r film! - NSFF Magasin | Norsk Selskap for Fotografi","isPartOf":{"@id":"https:\/\/nsff.no\/magasinet\/#website"},"primaryImageOfPage":{"@id":"https:\/\/nsff.no\/magasinet\/2023\/03\/11\/automatisk-kladd\/#primaryimage"},"image":{"@id":"https:\/\/nsff.no\/magasinet\/2023\/03\/11\/automatisk-kladd\/#primaryimage"},"thumbnailUrl":"https:\/\/nsff.no\/magasinet\/wp-content\/uploads\/sites\/2\/2023\/03\/Skjermbilde-2023-03-31-kl.-09.38.39.png","datePublished":"2023-03-11T14:14:22+00:00","dateModified":"2023-03-31T07:40:25+00:00","description":"Filmmilj\u00f8et i NSFF s\u00f8ker flere videografer og fotografer som \u00f8nsker \u00e5 utvikle seg innenfor det \u00e5 lage film.","breadcrumb":{"@id":"https:\/\/nsff.no\/magasinet\/2023\/03\/11\/automatisk-kladd\/#breadcrumb"},"inLanguage":"nb-NO","potentialAction":[{"@type":"ReadAction","target":["https:\/\/nsff.no\/magasinet\/2023\/03\/11\/automatisk-kladd\/"]}]},{"@type":"ImageObject","inLanguage":"nb-NO","@id":"https:\/\/nsff.no\/magasinet\/2023\/03\/11\/automatisk-kladd\/#primaryimage","url":"https:\/\/nsff.no\/magasinet\/wp-content\/uploads\/sites\/2\/2023\/03\/Skjermbilde-2023-03-31-kl.-09.38.39.png","contentUrl":"https:\/\/nsff.no\/magasinet\/wp-content\/uploads\/sites\/2\/2023\/03\/Skjermbilde-2023-03-31-kl.-09.38.39.png","width":2556,"height":1384,"caption":"Videografer"},{"@type":"BreadcrumbList","@id":"https:\/\/nsff.no\/magasinet\/2023\/03\/11\/automatisk-kladd\/#breadcrumb","itemListElement":[{"@type":"ListItem","position":1,"name":"Hjem","item":"https:\/\/nsff.no\/magasinet\/"},{"@type":"ListItem","position":2,"name":"Filmmilj\u00f8et i NSFF s\u00f8ker flere videografer og fotografer som gj\u00f8r film!"}]},{"@type":"WebSite","@id":"https:\/\/nsff.no\/magasinet\/#website","url":"https:\/\/nsff.no\/magasinet\/","name":"NSFF Magasin | Norsk Selskap for Fotografi","description":"Medlemsmagasin for film- og fotoentusiaster","publisher":{"@id":"https:\/\/nsff.no\/magasinet\/#organization"},"potentialAction":[{"@type":"SearchAction","target":{"@type":"EntryPoint","urlTemplate":"https:\/\/nsff.no\/magasinet\/?s={search_term_string}"},"query-input":{"@type":"PropertyValueSpecification","valueRequired":true,"valueName":"search_term_string"}}],"inLanguage":"nb-NO"},{"@type":"Organization","@id":"https:\/\/nsff.no\/magasinet\/#organization","name":"Norsk Selskap for Fotografo","url":"https:\/\/nsff.no\/magasinet\/","logo":{"@type":"ImageObject","inLanguage":"nb-NO","@id":"https:\/\/nsff.no\/magasinet\/#\/schema\/logo\/image\/","url":"https:\/\/nsff.no\/magasinet\/wp-content\/uploads\/sites\/2\/2016\/05\/NSFF-fb-lenkebilde.png","contentUrl":"https:\/\/nsff.no\/magasinet\/wp-content\/uploads\/sites\/2\/2016\/05\/NSFF-fb-lenkebilde.png","width":1,"height":1,"caption":"Norsk Selskap for Fotografo"},"image":{"@id":"https:\/\/nsff.no\/magasinet\/#\/schema\/logo\/image\/"}},{"@type":"Person","@id":"https:\/\/nsff.no\/magasinet\/#\/schema\/person\/00e43e4e855e12444beb4e6e3fe9edc0","name":"Roy Morten Gleditsch","image":{"@type":"ImageObject","inLanguage":"nb-NO","@id":"https:\/\/secure.gravatar.com\/avatar\/885548ffa38b81c256c0f774865a7d996476149a5e9f193bf32459b364a2cf39?s=96&d=mm&r=g","url":"https:\/\/secure.gravatar.com\/avatar\/885548ffa38b81c256c0f774865a7d996476149a5e9f193bf32459b364a2cf39?s=96&d=mm&r=g","contentUrl":"https:\/\/secure.gravatar.com\/avatar\/885548ffa38b81c256c0f774865a7d996476149a5e9f193bf32459b364a2cf39?s=96&d=mm&r=g","caption":"Roy Morten Gleditsch"},"description":"Filmskaper siden 1970. Medlem av Bergen Fritidsfilmere siden 1980. Redakt\u00f8r av NSFF Magasin fra oppstarten til juni 2016, tidligere medlem av Filmutvalget. \u00c6resmedlem NSFF.","sameAs":["http:\/\/www.bergenfritidsfilmere.no\/"],"url":"https:\/\/nsff.no\/magasinet\/author\/magasinet\/"}]}},"_links":{"self":[{"href":"https:\/\/nsff.no\/magasinet\/wp-json\/wp\/v2\/posts\/11123","targetHints":{"allow":["GET"]}}],"collection":[{"href":"https:\/\/nsff.no\/magasinet\/wp-json\/wp\/v2\/posts"}],"about":[{"href":"https:\/\/nsff.no\/magasinet\/wp-json\/wp\/v2\/types\/post"}],"author":[{"embeddable":true,"href":"https:\/\/nsff.no\/magasinet\/wp-json\/wp\/v2\/users\/3"}],"replies":[{"embeddable":true,"href":"https:\/\/nsff.no\/magasinet\/wp-json\/wp\/v2\/comments?post=11123"}],"version-history":[{"count":14,"href":"https:\/\/nsff.no\/magasinet\/wp-json\/wp\/v2\/posts\/11123\/revisions"}],"predecessor-version":[{"id":11185,"href":"https:\/\/nsff.no\/magasinet\/wp-json\/wp\/v2\/posts\/11123\/revisions\/11185"}],"wp:featuredmedia":[{"embeddable":true,"href":"https:\/\/nsff.no\/magasinet\/wp-json\/wp\/v2\/media\/11267"}],"wp:attachment":[{"href":"https:\/\/nsff.no\/magasinet\/wp-json\/wp\/v2\/media?parent=11123"}],"wp:term":[{"taxonomy":"category","embeddable":true,"href":"https:\/\/nsff.no\/magasinet\/wp-json\/wp\/v2\/categories?post=11123"},{"taxonomy":"post_tag","embeddable":true,"href":"https:\/\/nsff.no\/magasinet\/wp-json\/wp\/v2\/tags?post=11123"}],"curies":[{"name":"wp","href":"https:\/\/api.w.org\/{rel}","templated":true}]}}