{"id":10535,"date":"2023-01-10T17:20:36","date_gmt":"2023-01-10T16:20:36","guid":{"rendered":"https:\/\/nsff.no\/magasinet\/?p=10535"},"modified":"2023-01-10T22:53:08","modified_gmt":"2023-01-10T21:53:08","slug":"5th-fjord-bergen-internasjonale-fotokonkurranse","status":"publish","type":"post","link":"https:\/\/nsff.no\/magasinet\/2023\/01\/10\/5th-fjord-bergen-internasjonale-fotokonkurranse\/","title":{"rendered":"5th Fjord-Bergen internasjonale fotokonkurranse"},"content":{"rendered":"<p>[et_pb_section fb_built=&raquo;1&#8243; admin_label=&raquo;section&raquo; _builder_version=&raquo;4.16&#8243; collapsed=&raquo;off&raquo; global_colors_info=&raquo;{}&raquo;][et_pb_row admin_label=&raquo;row&raquo; _builder_version=&raquo;4.16&#8243; background_size=&raquo;initial&raquo; background_position=&raquo;top_left&raquo; background_repeat=&raquo;repeat&raquo; collapsed=&raquo;off&raquo; global_colors_info=&raquo;{}&raquo;][et_pb_column type=&raquo;4_4&#8243; _builder_version=&raquo;4.16&#8243; custom_padding=&raquo;|||&raquo; global_colors_info=&raquo;{}&raquo; custom_padding__hover=&raquo;|||&raquo;][et_pb_text _builder_version=&raquo;4.19.4&#8243; global_colors_info=&raquo;{}&raquo;]<\/p>\n<p>Bekkalokket Fotoklubb har gjennomf\u00f8rt sin 5th Fjord-Bergen internasjonale fotokonkurranse. I \u00e5r var det 194 deltakere fra 31 land fra alle verdensdeler som sendte inn 2143 bilder. Det er blitt tildelt hederlig omtale til 90 bilder, 45 bilder er tildelt medaljer og 419 bilder er antatt. Totalt 554 bilder ble antatt\/premiert.<\/p>\n<p>[\/et_pb_text][et_pb_image src=&raquo;https:\/\/nsff.no\/magasinet\/wp-content\/uploads\/sites\/2\/2023\/01\/Juryen_fjordbergen.jpg&raquo; alt=&raquo;Juryen 5th Fjord-Bergen&raquo; title_text=&raquo;Juryen har best\u00e5tt av Vegard Hanssen fra Bryne Fotoklubb, Rolf Syltan fra Bergen Kameraklubb og Bente Nedreb\u00f8 fra Bekkalokket Fotoklubb.&raquo; force_fullwidth=&raquo;on&raquo; _builder_version=&raquo;4.19.4&#8243; _module_preset=&raquo;default&raquo; global_colors_info=&raquo;{}&raquo;][\/et_pb_image][et_pb_text _builder_version=&raquo;4.19.4&#8243; _module_preset=&raquo;default&raquo; global_colors_info=&raquo;{}&raquo;]<\/p>\n<p>Juryen har best\u00e5tt av Vegard Hanssen fra Bryne Fotoklubb, Rolf Sylta fra Bergen Kameraklubb og Bente Nedreb\u00f8 fra Bekkalokket Fotoklubb.\u00a0Arrangementskomiteen best\u00e5r av Jan Standal, John Vint, Dag Magne Ulvang, Bente Nedreb\u00f8 og Chairman Roald Synnev\u00e5g.<\/p>\n<p>[\/et_pb_text][et_pb_text _builder_version=&raquo;4.19.4&#8243; _module_preset=&raquo;default&raquo; global_colors_info=&raquo;{}&raquo;]<\/p>\n<p>Beste autor ble Kranitz Roland fra Ungarn, som fikk FIAP Blue pin:\u00a0<span class=\"Apple-converted-space\">\u00a0<\/span><\/p>\n<p>[\/et_pb_text][et_pb_gallery gallery_ids=&raquo;10578,10579&#8243; _builder_version=&raquo;4.19.4&#8243; _module_preset=&raquo;default&raquo; global_colors_info=&raquo;{}&raquo;][\/et_pb_gallery][et_pb_text _builder_version=&raquo;4.19.4&#8243; _module_preset=&raquo;default&raquo; global_colors_info=&raquo;{}&raquo;]<\/p>\n<p>Beste norske fotograf Nina Carlsen fra Bryne Fotoklubb, blir tildelt NSFF pokal:<\/p>\n<p>[\/et_pb_text][et_pb_gallery gallery_ids=&raquo;10612,10614,10613&#8243; _builder_version=&raquo;4.19.4&#8243; _module_preset=&raquo;default&raquo; global_colors_info=&raquo;{}&raquo;][\/et_pb_gallery][et_pb_text _builder_version=&raquo;4.19.4&#8243; _module_preset=&raquo;default&raquo; global_colors_info=&raquo;{}&raquo;]<\/p>\n<p>Beste norske klubb blir tildelt NSFF pokal, som gikk til Bryne Fotoklubb.<\/p>\n<p>84 norske fotografer fra 28 klubber leverte inn 930 bilder.<span class=\"Apple-converted-space\">\u00a0<\/span><\/p>\n<p>147 av disse bildene ble antatt, 21 bilder fikk hederlig omtale, og 18<b> <\/b>bilder fikk medalje. Dette viser et stort engasjement blant norske fotografer, og n\u00e5r en ser p\u00e5 resultatlistene og bildene i katalogen er det ogs\u00e5 et h\u00f8yt fotografisk niv\u00e5<\/p>\n<p>Utstillings\u00e5pningen, med 20 innrammede medaljebilder, fant sted i klubbens lokaler p\u00e5 Nordnes Bydelshus \u00abKlosteret\u00bb i Bergen. Der var ogs\u00e5 visning av alle de 135 premierte bildene. Det var premieutdeling til de premierte fotografene som hadde mulighet til \u00e5 komme. Utstillingen ble etterp\u00e5 flyttet til Bergen lufthavn, hvor den ble st\u00e5ende i to uker til glede for ankomne passasjerer fra utlandet. Takk til Bergen kommune og Cewe som har st\u00f8ttet konkurransen.<\/p>\n<table cellspacing=\"0\" cellpadding=\"0\">\n<tbody>\n<tr>\n<td valign=\"middle\">1<\/td>\n<td valign=\"middle\">Nina Carlsen<\/td>\n<td valign=\"middle\">Bryne FK<\/td>\n<td valign=\"middle\">\u00a0<\/td>\n<td valign=\"middle\">1<\/td>\n<td valign=\"middle\">Bryne Fotoklubb<\/td>\n<\/tr>\n<tr>\n<td valign=\"middle\">2<\/td>\n<td valign=\"middle\">Bj\u00f8rn Engen<\/td>\n<td valign=\"middle\">Bod\u00f8 FK<\/td>\n<td valign=\"middle\">\u00a0<\/td>\n<td valign=\"middle\">2<\/td>\n<td valign=\"middle\">Bekkalokket Fotoklubb<\/td>\n<\/tr>\n<tr>\n<td valign=\"middle\">3<\/td>\n<td valign=\"middle\">Atle Sveen<\/td>\n<td valign=\"middle\">\u00a0<\/td>\n<td valign=\"middle\">\u00a0<\/td>\n<td valign=\"middle\">3<\/td>\n<td valign=\"middle\">Skodje Fotoklubb<\/td>\n<\/tr>\n<tr>\n<td valign=\"middle\">4<\/td>\n<td valign=\"middle\">Asbj\u00f8rn M. Olsen<\/td>\n<td valign=\"middle\">Bekkalokket FK<\/td>\n<td valign=\"middle\">\u00a0<\/td>\n<td valign=\"middle\">4<\/td>\n<td valign=\"middle\">Bod\u00f8 Fotoklubb<\/td>\n<\/tr>\n<tr>\n<td valign=\"middle\">5<\/td>\n<td valign=\"middle\">Jon Knutsen<\/td>\n<td valign=\"middle\">Oseberg PS<\/td>\n<td valign=\"middle\">\u00a0<\/td>\n<td valign=\"middle\">5<\/td>\n<td valign=\"middle\">Trondhjems Kameraklubb<\/td>\n<\/tr>\n<tr>\n<td valign=\"middle\">6<\/td>\n<td valign=\"middle\">Geir Jartveit<\/td>\n<td valign=\"middle\">Skodje FK<\/td>\n<td valign=\"middle\">\u00a0<\/td>\n<td valign=\"middle\">6<\/td>\n<td valign=\"middle\">Drammen Fotoklubb<\/td>\n<\/tr>\n<tr>\n<td valign=\"middle\">7<\/td>\n<td valign=\"middle\">Anne Berit Reitan<span class=\"Apple-converted-space\">\u00a0<\/span><\/td>\n<td valign=\"middle\">Bergen KK<\/td>\n<td valign=\"middle\">\u00a0<\/td>\n<td valign=\"middle\">7<\/td>\n<td valign=\"middle\">Oseberg Photo Society<\/td>\n<\/tr>\n<tr>\n<td valign=\"middle\">8<\/td>\n<td valign=\"middle\">Kristin Sandstrak<\/td>\n<td valign=\"middle\">Tverlandet FK<\/td>\n<td valign=\"middle\">\u00a0<\/td>\n<td valign=\"middle\">8<\/td>\n<td valign=\"middle\">Bergen Kameraklubb<\/td>\n<\/tr>\n<tr>\n<td valign=\"middle\">9<\/td>\n<td valign=\"middle\">Anne Margrete Einum<\/td>\n<td valign=\"middle\">Trondhjems KK<\/td>\n<td valign=\"middle\">\u00a0<\/td>\n<td valign=\"middle\">9<\/td>\n<td valign=\"middle\">Tverlandet Fotoklubb<\/td>\n<\/tr>\n<tr>\n<td valign=\"middle\">10<\/td>\n<td valign=\"middle\">Geir Christensen<\/td>\n<td valign=\"middle\">Kongsberg KK<\/td>\n<td valign=\"middle\">\u00a0<\/td>\n<td valign=\"middle\">10<\/td>\n<td valign=\"middle\">Arendal Fotoklubb<\/td>\n<\/tr>\n<tr>\n<td valign=\"middle\">11<\/td>\n<td valign=\"middle\">Gunnar Bye<\/td>\n<td valign=\"middle\">Bekkalokket FK<\/td>\n<td valign=\"middle\">\u00a0<\/td>\n<td valign=\"middle\">11<\/td>\n<td valign=\"middle\">Kongsberg Kameraklubb<\/td>\n<\/tr>\n<tr>\n<td valign=\"middle\">12<\/td>\n<td valign=\"middle\">Anita Price<\/td>\n<td valign=\"middle\">Drammen FK<\/td>\n<td valign=\"middle\">\u00a0<\/td>\n<td valign=\"middle\">12<\/td>\n<td valign=\"middle\">Oslo Kamera Klubb<\/td>\n<\/tr>\n<tr>\n<td valign=\"middle\">13<\/td>\n<td valign=\"middle\">Morten Tellefsen<\/td>\n<td valign=\"middle\">Bekkalokket FK<\/td>\n<td valign=\"middle\">\u00a0<\/td>\n<td valign=\"middle\">13<\/td>\n<td valign=\"middle\">Kvinnherad Fotoklubb<\/td>\n<\/tr>\n<tr>\n<td valign=\"middle\">14<\/td>\n<td valign=\"middle\">Bj\u00f8rn Reidar Olsson<\/td>\n<td valign=\"middle\">Bekkalokket FK<\/td>\n<td valign=\"middle\">\u00a0<\/td>\n<td valign=\"middle\">14<\/td>\n<td valign=\"middle\">Linselusa Vinstra<\/td>\n<\/tr>\n<tr>\n<td valign=\"middle\">15<\/td>\n<td valign=\"middle\">Knut Ivar Helland<\/td>\n<td valign=\"middle\">Skodje FK<\/td>\n<td valign=\"middle\">\u00a0<\/td>\n<td valign=\"middle\">15<\/td>\n<td valign=\"middle\">T\u00f8nsberg Kamera Klubb<\/td>\n<\/tr>\n<tr>\n<td valign=\"middle\">16<\/td>\n<td valign=\"middle\">Odd Rabbev\u00e5g<\/td>\n<td valign=\"middle\">Skodje FK<\/td>\n<td valign=\"middle\">\u00a0<\/td>\n<td valign=\"middle\">16<\/td>\n<td valign=\"middle\">\u00c5lesund Kameraklubb<\/td>\n<\/tr>\n<tr>\n<td valign=\"middle\">17<\/td>\n<td valign=\"middle\">Ommund \u00d8g\u00e5rd<\/td>\n<td valign=\"middle\">Trondhjems KK<\/td>\n<td valign=\"middle\">\u00a0<\/td>\n<td valign=\"middle\">17<\/td>\n<td valign=\"middle\">Narvik Kameraklubb<\/td>\n<\/tr>\n<tr>\n<td valign=\"middle\">18<\/td>\n<td valign=\"middle\">Atle Helland<\/td>\n<td valign=\"middle\">Kvinnherad FK<\/td>\n<td valign=\"middle\">\u00a0<\/td>\n<td valign=\"middle\">18<\/td>\n<td valign=\"middle\">Holmestrand Fotoklubb<\/td>\n<\/tr>\n<tr>\n<td valign=\"middle\">19<\/td>\n<td valign=\"middle\">Kari E. Espeland<\/td>\n<td valign=\"middle\">T\u00f8nsberg KK<\/td>\n<td valign=\"middle\">\u00a0<\/td>\n<td valign=\"middle\">19<\/td>\n<td valign=\"middle\">Moss fotoklubb<\/td>\n<\/tr>\n<tr>\n<td valign=\"middle\">20<\/td>\n<td valign=\"middle\">Knut Henrik Andersen<\/td>\n<td valign=\"middle\">Bekkalokket FK<\/td>\n<td valign=\"middle\">\u00a0<\/td>\n<td valign=\"middle\">20<\/td>\n<td valign=\"middle\">Stavanger Fotoklubb<\/td>\n<\/tr>\n<tr>\n<td valign=\"middle\">\u00a0<\/td>\n<td valign=\"middle\">Lars Sveen<\/td>\n<td valign=\"middle\">Bekkalokket FK<\/td>\n<td valign=\"middle\">\u00a0<\/td>\n<td valign=\"middle\">21<\/td>\n<td valign=\"middle\">F\u00f8rde Fotoklubb<\/td>\n<\/tr>\n<tr>\n<td valign=\"middle\">\u00a0<\/td>\n<td valign=\"middle\">Torunn Foss<\/td>\n<td valign=\"middle\">Drammen FK<\/td>\n<td valign=\"middle\">\u00a0<\/td>\n<td valign=\"middle\">22<\/td>\n<td valign=\"middle\">Asker og B\u00e6rum Fotoklubb<\/td>\n<\/tr>\n<tr>\n<td valign=\"middle\">\u00a0<\/td>\n<td valign=\"middle\">\u00a0<\/td>\n<td valign=\"middle\">\u00a0<\/td>\n<td valign=\"middle\">\u00a0<\/td>\n<td valign=\"middle\">23<\/td>\n<td valign=\"middle\">JOTUN FOTOKLUBB<\/td>\n<\/tr>\n<tr>\n<td valign=\"middle\">\u00a0<\/td>\n<td valign=\"middle\">\u00a0<\/td>\n<td valign=\"middle\">\u00a0<\/td>\n<td valign=\"middle\">\u00a0<\/td>\n<td valign=\"middle\">24<\/td>\n<td valign=\"middle\">Sandnes Fotoklubb<\/td>\n<\/tr>\n<tr>\n<td valign=\"middle\">\u00a0<\/td>\n<td valign=\"middle\">\u00a0<\/td>\n<td valign=\"middle\">\u00a0<\/td>\n<td valign=\"middle\">\u00a0<\/td>\n<td valign=\"middle\">25<\/td>\n<td valign=\"middle\">Harstad Fotoklubb<\/td>\n<\/tr>\n<tr>\n<td valign=\"middle\">\u00a0<\/td>\n<td valign=\"middle\">\u00a0<\/td>\n<td valign=\"middle\">\u00a0<\/td>\n<td valign=\"middle\">\u00a0<\/td>\n<td valign=\"middle\">26<\/td>\n<td valign=\"middle\">Mandal Fotoklubb<\/td>\n<\/tr>\n<tr>\n<td valign=\"middle\">\u00a0<\/td>\n<td valign=\"middle\">\u00a0<\/td>\n<td valign=\"middle\">\u00a0<\/td>\n<td valign=\"middle\">\u00a0<\/td>\n<td valign=\"middle\">27<\/td>\n<td valign=\"middle\">Lier Fotoklubb<\/td>\n<\/tr>\n<tr>\n<td valign=\"middle\">\u00a0<\/td>\n<td valign=\"middle\">\u00a0<\/td>\n<td valign=\"middle\">\u00a0<\/td>\n<td valign=\"middle\">\u00a0<\/td>\n<td valign=\"middle\">28<\/td>\n<td valign=\"middle\">Haugaland Fotoklubb<\/td>\n<\/tr>\n<\/tbody>\n<\/table>\n<p>I l\u00f8pet av de fem \u00e5rene konkurransen har blitt arrangert, har det v\u00e6rt deltakere fra 68 land i hele verden.<span class=\"Apple-converted-space\">\u00a0<\/span><\/p>\n<p>Foto som kunstform er voksende, og mye mer anerkjent n\u00e5 enn for 10-15 \u00e5r siden. Det \u00e5 arrangere en slik internasjonal konkurranse og utstilling, er av stor betydning for fotografiet som kunstform. Fjord-Bergen har gitt Bekkalokket Fotoklubb en stor anseelse i det globale fotomilj\u00f8et, og er med p\u00e5 \u00e5 vise frem kulturbyen Bergen i det internasjonale fotomilj\u00f8et.<\/p>\n<p>[\/et_pb_text][et_pb_image src=&raquo;https:\/\/nsff.no\/magasinet\/wp-content\/uploads\/sites\/2\/2023\/01\/20221117-211058-1431.jpg&raquo; title_text=&raquo;20221117-211058-1431&#8243; force_fullwidth=&raquo;on&raquo; _builder_version=&raquo;4.19.4&#8243; _module_preset=&raquo;default&raquo; global_colors_info=&raquo;{}&raquo;][\/et_pb_image][et_pb_image src=&raquo;https:\/\/nsff.no\/magasinet\/wp-content\/uploads\/sites\/2\/2023\/01\/20221117-211334-1440.jpg&raquo; title_text=&raquo;20221117-211334-1440&#8243; force_fullwidth=&raquo;on&raquo; _builder_version=&raquo;4.19.4&#8243; _module_preset=&raquo;default&raquo; global_colors_info=&raquo;{}&raquo;][\/et_pb_image][et_pb_image src=&raquo;https:\/\/nsff.no\/magasinet\/wp-content\/uploads\/sites\/2\/2023\/01\/20221117-211456-1442.jpg&raquo; title_text=&raquo;20221117-211456-1442&#8243; force_fullwidth=&raquo;on&raquo; _builder_version=&raquo;4.19.4&#8243; _module_preset=&raquo;default&raquo; global_colors_info=&raquo;{}&raquo;][\/et_pb_image][et_pb_image src=&raquo;https:\/\/nsff.no\/magasinet\/wp-content\/uploads\/sites\/2\/2023\/01\/20221117-211654-1446.jpg&raquo; title_text=&raquo;20221117-211654-1446&#8243; force_fullwidth=&raquo;on&raquo; _builder_version=&raquo;4.19.4&#8243; _module_preset=&raquo;default&raquo; global_colors_info=&raquo;{}&raquo;][\/et_pb_image][et_pb_image src=&raquo;https:\/\/nsff.no\/magasinet\/wp-content\/uploads\/sites\/2\/2023\/01\/20221117-211813-1448.jpg&raquo; title_text=&raquo;20221117-211813-1448&#8243; force_fullwidth=&raquo;on&raquo; _builder_version=&raquo;4.19.4&#8243; _module_preset=&raquo;default&raquo; global_colors_info=&raquo;{}&raquo;][\/et_pb_image][et_pb_image src=&raquo;https:\/\/nsff.no\/magasinet\/wp-content\/uploads\/sites\/2\/2023\/01\/20221117-211905-1450.jpg&raquo; title_text=&raquo;20221117-211905-1450&#8243; force_fullwidth=&raquo;on&raquo; _builder_version=&raquo;4.19.4&#8243; _module_preset=&raquo;default&raquo; global_colors_info=&raquo;{}&raquo;][\/et_pb_image][et_pb_image src=&raquo;https:\/\/nsff.no\/magasinet\/wp-content\/uploads\/sites\/2\/2023\/01\/20221117-210106-1420-1.jpg&raquo; force_fullwidth=&raquo;on&raquo; _builder_version=&raquo;4.19.4&#8243; _module_preset=&raquo;default&raquo; global_colors_info=&raquo;{}&raquo;][\/et_pb_image][et_pb_image src=&raquo;https:\/\/nsff.no\/magasinet\/wp-content\/uploads\/sites\/2\/2023\/01\/20221117-210539-1427.jpg&raquo; force_fullwidth=&raquo;on&raquo; _builder_version=&raquo;4.19.4&#8243; _module_preset=&raquo;default&raquo; global_colors_info=&raquo;{}&raquo;][\/et_pb_image][et_pb_image src=&raquo;https:\/\/nsff.no\/magasinet\/wp-content\/uploads\/sites\/2\/2023\/01\/20221119-134113-1469.jpg&raquo; title_text=&raquo;20221119-134113-1469&#8243; force_fullwidth=&raquo;on&raquo; admin_label=&raquo;Bilde&raquo; _builder_version=&raquo;4.19.4&#8243; _module_preset=&raquo;default&raquo; global_colors_info=&raquo;{}&raquo;][\/et_pb_image][et_pb_image src=&raquo;https:\/\/nsff.no\/magasinet\/wp-content\/uploads\/sites\/2\/2023\/01\/20221119-134040-1466.jpg&raquo; title_text=&raquo;20221119-134040-1466&#8243; force_fullwidth=&raquo;on&raquo; _builder_version=&raquo;4.19.4&#8243; _module_preset=&raquo;default&raquo; global_colors_info=&raquo;{}&raquo;][\/et_pb_image][et_pb_text _builder_version=&raquo;4.19.4&#8243; _module_preset=&raquo;default&raquo; global_colors_info=&raquo;{}&raquo;]<\/p>\n<p>Foto &#8211; dokumentarbilder: John Vint<\/p>\n<p>[\/et_pb_text][\/et_pb_column][\/et_pb_row][\/et_pb_section]<\/p>\n","protected":false},"excerpt":{"rendered":"<p>Bekkalokket Fotoklubb har gjennomf\u00f8rt sin 5th Fjord-Bergen internasjonale fotokonkurranse, med 194 deltakere fra 31 land!<\/p>\n","protected":false},"author":55,"featured_media":10651,"comment_status":"open","ping_status":"open","sticky":false,"template":"","format":"standard","meta":{"_et_pb_use_builder":"on","_et_pb_old_content":"","_et_gb_content_width":"","footnotes":""},"categories":[7,10,14],"tags":[],"class_list":["post-10535","post","type-post","status-publish","format-standard","has-post-thumbnail","hentry","category-foto","category-konkurranser","category-nyheter","et-has-post-format-content","et_post_format-et-post-format-standard"],"yoast_head":"<!-- This site is optimized with the Yoast SEO plugin v27.5 - https:\/\/yoast.com\/product\/yoast-seo-wordpress\/ -->\n<title>5th Fjord-Bergen internasjonale fotokonkurranse - NSFF Magasin | Norsk Selskap for Fotografi<\/title>\n<meta name=\"description\" content=\"Bekkalokket Fotoklubb har gjennomf\u00f8rt sin 5th Fjord-Bergen internasjonale fotokonkurranse, med 194 deltakere fra 31 land!\" \/>\n<meta name=\"robots\" content=\"index, follow, max-snippet:-1, max-image-preview:large, max-video-preview:-1\" \/>\n<link rel=\"canonical\" href=\"https:\/\/nsff.no\/magasinet\/2023\/01\/10\/5th-fjord-bergen-internasjonale-fotokonkurranse\/\" \/>\n<meta property=\"og:locale\" content=\"nb_NO\" \/>\n<meta property=\"og:type\" content=\"article\" \/>\n<meta property=\"og:title\" content=\"5th Fjord-Bergen internasjonale fotokonkurranse - NSFF Magasin | Norsk Selskap for Fotografi\" \/>\n<meta property=\"og:description\" content=\"Bekkalokket Fotoklubb har gjennomf\u00f8rt sin 5th Fjord-Bergen internasjonale fotokonkurranse, med 194 deltakere fra 31 land!\" \/>\n<meta property=\"og:url\" content=\"https:\/\/nsff.no\/magasinet\/2023\/01\/10\/5th-fjord-bergen-internasjonale-fotokonkurranse\/\" \/>\n<meta property=\"og:site_name\" content=\"NSFF Magasin | Norsk Selskap for Fotografi\" \/>\n<meta property=\"article:published_time\" content=\"2023-01-10T16:20:36+00:00\" \/>\n<meta property=\"article:modified_time\" content=\"2023-01-10T21:53:08+00:00\" \/>\n<meta property=\"og:image\" content=\"https:\/\/nsff.no\/magasinet\/wp-content\/uploads\/sites\/2\/2023\/01\/Juryen_fjordbergen.jpg\" \/>\n\t<meta property=\"og:image:width\" content=\"1099\" \/>\n\t<meta property=\"og:image:height\" content=\"618\" \/>\n\t<meta property=\"og:image:type\" content=\"image\/jpeg\" \/>\n<meta name=\"author\" content=\"Roald Synnev\u00e5g\" \/>\n<meta name=\"twitter:card\" content=\"summary_large_image\" \/>\n<meta name=\"twitter:label1\" content=\"Skrevet av\" \/>\n\t<meta name=\"twitter:data1\" content=\"Roald Synnev\u00e5g\" \/>\n\t<meta name=\"twitter:label2\" content=\"Ansl. lesetid\" \/>\n\t<meta name=\"twitter:data2\" content=\"4 minutter\" \/>\n<script type=\"application\/ld+json\" class=\"yoast-schema-graph\">{\"@context\":\"https:\\\/\\\/schema.org\",\"@graph\":[{\"@type\":\"Article\",\"@id\":\"https:\\\/\\\/nsff.no\\\/magasinet\\\/2023\\\/01\\\/10\\\/5th-fjord-bergen-internasjonale-fotokonkurranse\\\/#article\",\"isPartOf\":{\"@id\":\"https:\\\/\\\/nsff.no\\\/magasinet\\\/2023\\\/01\\\/10\\\/5th-fjord-bergen-internasjonale-fotokonkurranse\\\/\"},\"author\":{\"name\":\"Roald Synnev\u00e5g\",\"@id\":\"https:\\\/\\\/nsff.no\\\/magasinet\\\/#\\\/schema\\\/person\\\/851bedff98bf7a064c4058208a5c300f\"},\"headline\":\"5th Fjord-Bergen internasjonale fotokonkurranse\",\"datePublished\":\"2023-01-10T16:20:36+00:00\",\"dateModified\":\"2023-01-10T21:53:08+00:00\",\"mainEntityOfPage\":{\"@id\":\"https:\\\/\\\/nsff.no\\\/magasinet\\\/2023\\\/01\\\/10\\\/5th-fjord-bergen-internasjonale-fotokonkurranse\\\/\"},\"wordCount\":1032,\"commentCount\":0,\"publisher\":{\"@id\":\"https:\\\/\\\/nsff.no\\\/magasinet\\\/#organization\"},\"image\":{\"@id\":\"https:\\\/\\\/nsff.no\\\/magasinet\\\/2023\\\/01\\\/10\\\/5th-fjord-bergen-internasjonale-fotokonkurranse\\\/#primaryimage\"},\"thumbnailUrl\":\"https:\\\/\\\/nsff.no\\\/magasinet\\\/wp-content\\\/uploads\\\/sites\\\/2\\\/2023\\\/01\\\/Juryen_fjordbergen.jpg\",\"articleSection\":[\"Foto\",\"Konkurranser\",\"Nyheter\"],\"inLanguage\":\"nb-NO\",\"potentialAction\":[{\"@type\":\"CommentAction\",\"name\":\"Comment\",\"target\":[\"https:\\\/\\\/nsff.no\\\/magasinet\\\/2023\\\/01\\\/10\\\/5th-fjord-bergen-internasjonale-fotokonkurranse\\\/#respond\"]}]},{\"@type\":\"WebPage\",\"@id\":\"https:\\\/\\\/nsff.no\\\/magasinet\\\/2023\\\/01\\\/10\\\/5th-fjord-bergen-internasjonale-fotokonkurranse\\\/\",\"url\":\"https:\\\/\\\/nsff.no\\\/magasinet\\\/2023\\\/01\\\/10\\\/5th-fjord-bergen-internasjonale-fotokonkurranse\\\/\",\"name\":\"5th Fjord-Bergen internasjonale fotokonkurranse - NSFF Magasin | Norsk Selskap for Fotografi\",\"isPartOf\":{\"@id\":\"https:\\\/\\\/nsff.no\\\/magasinet\\\/#website\"},\"primaryImageOfPage\":{\"@id\":\"https:\\\/\\\/nsff.no\\\/magasinet\\\/2023\\\/01\\\/10\\\/5th-fjord-bergen-internasjonale-fotokonkurranse\\\/#primaryimage\"},\"image\":{\"@id\":\"https:\\\/\\\/nsff.no\\\/magasinet\\\/2023\\\/01\\\/10\\\/5th-fjord-bergen-internasjonale-fotokonkurranse\\\/#primaryimage\"},\"thumbnailUrl\":\"https:\\\/\\\/nsff.no\\\/magasinet\\\/wp-content\\\/uploads\\\/sites\\\/2\\\/2023\\\/01\\\/Juryen_fjordbergen.jpg\",\"datePublished\":\"2023-01-10T16:20:36+00:00\",\"dateModified\":\"2023-01-10T21:53:08+00:00\",\"description\":\"Bekkalokket Fotoklubb har gjennomf\u00f8rt sin 5th Fjord-Bergen internasjonale fotokonkurranse, med 194 deltakere fra 31 land!\",\"breadcrumb\":{\"@id\":\"https:\\\/\\\/nsff.no\\\/magasinet\\\/2023\\\/01\\\/10\\\/5th-fjord-bergen-internasjonale-fotokonkurranse\\\/#breadcrumb\"},\"inLanguage\":\"nb-NO\",\"potentialAction\":[{\"@type\":\"ReadAction\",\"target\":[\"https:\\\/\\\/nsff.no\\\/magasinet\\\/2023\\\/01\\\/10\\\/5th-fjord-bergen-internasjonale-fotokonkurranse\\\/\"]}]},{\"@type\":\"ImageObject\",\"inLanguage\":\"nb-NO\",\"@id\":\"https:\\\/\\\/nsff.no\\\/magasinet\\\/2023\\\/01\\\/10\\\/5th-fjord-bergen-internasjonale-fotokonkurranse\\\/#primaryimage\",\"url\":\"https:\\\/\\\/nsff.no\\\/magasinet\\\/wp-content\\\/uploads\\\/sites\\\/2\\\/2023\\\/01\\\/Juryen_fjordbergen.jpg\",\"contentUrl\":\"https:\\\/\\\/nsff.no\\\/magasinet\\\/wp-content\\\/uploads\\\/sites\\\/2\\\/2023\\\/01\\\/Juryen_fjordbergen.jpg\",\"width\":1099,\"height\":618,\"caption\":\"Juryen har best\u00e5tt av Vegard Hanssen fra Bryne Fotoklubb, Rolf Syltan fra Bergen Kameraklubb og Bente Nedreb\u00f8 fra Bekkalokket Fotoklubb.\"},{\"@type\":\"BreadcrumbList\",\"@id\":\"https:\\\/\\\/nsff.no\\\/magasinet\\\/2023\\\/01\\\/10\\\/5th-fjord-bergen-internasjonale-fotokonkurranse\\\/#breadcrumb\",\"itemListElement\":[{\"@type\":\"ListItem\",\"position\":1,\"name\":\"Hjem\",\"item\":\"https:\\\/\\\/nsff.no\\\/magasinet\\\/\"},{\"@type\":\"ListItem\",\"position\":2,\"name\":\"5th Fjord-Bergen internasjonale fotokonkurranse\"}]},{\"@type\":\"WebSite\",\"@id\":\"https:\\\/\\\/nsff.no\\\/magasinet\\\/#website\",\"url\":\"https:\\\/\\\/nsff.no\\\/magasinet\\\/\",\"name\":\"NSFF Magasin | Norsk Selskap for Fotografi\",\"description\":\"Medlemsmagasin for film- og fotoentusiaster\",\"publisher\":{\"@id\":\"https:\\\/\\\/nsff.no\\\/magasinet\\\/#organization\"},\"potentialAction\":[{\"@type\":\"SearchAction\",\"target\":{\"@type\":\"EntryPoint\",\"urlTemplate\":\"https:\\\/\\\/nsff.no\\\/magasinet\\\/?s={search_term_string}\"},\"query-input\":{\"@type\":\"PropertyValueSpecification\",\"valueRequired\":true,\"valueName\":\"search_term_string\"}}],\"inLanguage\":\"nb-NO\"},{\"@type\":\"Organization\",\"@id\":\"https:\\\/\\\/nsff.no\\\/magasinet\\\/#organization\",\"name\":\"Norsk Selskap for Fotografo\",\"url\":\"https:\\\/\\\/nsff.no\\\/magasinet\\\/\",\"logo\":{\"@type\":\"ImageObject\",\"inLanguage\":\"nb-NO\",\"@id\":\"https:\\\/\\\/nsff.no\\\/magasinet\\\/#\\\/schema\\\/logo\\\/image\\\/\",\"url\":\"https:\\\/\\\/nsff.no\\\/magasinet\\\/wp-content\\\/uploads\\\/sites\\\/2\\\/2016\\\/05\\\/NSFF-fb-lenkebilde.png\",\"contentUrl\":\"https:\\\/\\\/nsff.no\\\/magasinet\\\/wp-content\\\/uploads\\\/sites\\\/2\\\/2016\\\/05\\\/NSFF-fb-lenkebilde.png\",\"width\":1,\"height\":1,\"caption\":\"Norsk Selskap for Fotografo\"},\"image\":{\"@id\":\"https:\\\/\\\/nsff.no\\\/magasinet\\\/#\\\/schema\\\/logo\\\/image\\\/\"}},{\"@type\":\"Person\",\"@id\":\"https:\\\/\\\/nsff.no\\\/magasinet\\\/#\\\/schema\\\/person\\\/851bedff98bf7a064c4058208a5c300f\",\"name\":\"Roald Synnev\u00e5g\",\"image\":{\"@type\":\"ImageObject\",\"inLanguage\":\"nb-NO\",\"@id\":\"https:\\\/\\\/secure.gravatar.com\\\/avatar\\\/750a3a86a991c7a4a41ef3921a5d4fe64be0a2c5e4b8812d6a1d388b14a71452?s=96&d=mm&r=g\",\"url\":\"https:\\\/\\\/secure.gravatar.com\\\/avatar\\\/750a3a86a991c7a4a41ef3921a5d4fe64be0a2c5e4b8812d6a1d388b14a71452?s=96&d=mm&r=g\",\"contentUrl\":\"https:\\\/\\\/secure.gravatar.com\\\/avatar\\\/750a3a86a991c7a4a41ef3921a5d4fe64be0a2c5e4b8812d6a1d388b14a71452?s=96&d=mm&r=g\",\"caption\":\"Roald Synnev\u00e5g\"},\"description\":\"Tidligere leder og nestleder i NSFF, n\u00e5v\u00e6rende styremedlem. \u00c6resmedlem av NSFF og av Bekkalokket Fotoklubb. EsNSFF (1995), AFIAP(1995), ANSFF (1997), ENSFF (1997), HonENSFF (1997), EFIAP (2003), EFIAP-B (2011, EFIAP-S (2014), MFIAP (2014), PPSA (2014), EFIAP-G (2015), EPSA (2015), EFIAP-P (2016), ENSFF-B (2015), ENSFF-S (2016), ENSFF-G (2017), BPSA \u2013 Bronze (2017), MPSA (2017).\",\"url\":\"https:\\\/\\\/nsff.no\\\/magasinet\\\/author\\\/roaldsynne\\\/\"}]}<\/script>\n<!-- \/ Yoast SEO plugin. -->","yoast_head_json":{"title":"5th Fjord-Bergen internasjonale fotokonkurranse - NSFF Magasin | Norsk Selskap for Fotografi","description":"Bekkalokket Fotoklubb har gjennomf\u00f8rt sin 5th Fjord-Bergen internasjonale fotokonkurranse, med 194 deltakere fra 31 land!","robots":{"index":"index","follow":"follow","max-snippet":"max-snippet:-1","max-image-preview":"max-image-preview:large","max-video-preview":"max-video-preview:-1"},"canonical":"https:\/\/nsff.no\/magasinet\/2023\/01\/10\/5th-fjord-bergen-internasjonale-fotokonkurranse\/","og_locale":"nb_NO","og_type":"article","og_title":"5th Fjord-Bergen internasjonale fotokonkurranse - NSFF Magasin | Norsk Selskap for Fotografi","og_description":"Bekkalokket Fotoklubb har gjennomf\u00f8rt sin 5th Fjord-Bergen internasjonale fotokonkurranse, med 194 deltakere fra 31 land!","og_url":"https:\/\/nsff.no\/magasinet\/2023\/01\/10\/5th-fjord-bergen-internasjonale-fotokonkurranse\/","og_site_name":"NSFF Magasin | Norsk Selskap for Fotografi","article_published_time":"2023-01-10T16:20:36+00:00","article_modified_time":"2023-01-10T21:53:08+00:00","og_image":[{"width":1099,"height":618,"url":"https:\/\/nsff.no\/magasinet\/wp-content\/uploads\/sites\/2\/2023\/01\/Juryen_fjordbergen.jpg","type":"image\/jpeg"}],"author":"Roald Synnev\u00e5g","twitter_card":"summary_large_image","twitter_misc":{"Skrevet av":"Roald Synnev\u00e5g","Ansl. lesetid":"4 minutter"},"schema":{"@context":"https:\/\/schema.org","@graph":[{"@type":"Article","@id":"https:\/\/nsff.no\/magasinet\/2023\/01\/10\/5th-fjord-bergen-internasjonale-fotokonkurranse\/#article","isPartOf":{"@id":"https:\/\/nsff.no\/magasinet\/2023\/01\/10\/5th-fjord-bergen-internasjonale-fotokonkurranse\/"},"author":{"name":"Roald Synnev\u00e5g","@id":"https:\/\/nsff.no\/magasinet\/#\/schema\/person\/851bedff98bf7a064c4058208a5c300f"},"headline":"5th Fjord-Bergen internasjonale fotokonkurranse","datePublished":"2023-01-10T16:20:36+00:00","dateModified":"2023-01-10T21:53:08+00:00","mainEntityOfPage":{"@id":"https:\/\/nsff.no\/magasinet\/2023\/01\/10\/5th-fjord-bergen-internasjonale-fotokonkurranse\/"},"wordCount":1032,"commentCount":0,"publisher":{"@id":"https:\/\/nsff.no\/magasinet\/#organization"},"image":{"@id":"https:\/\/nsff.no\/magasinet\/2023\/01\/10\/5th-fjord-bergen-internasjonale-fotokonkurranse\/#primaryimage"},"thumbnailUrl":"https:\/\/nsff.no\/magasinet\/wp-content\/uploads\/sites\/2\/2023\/01\/Juryen_fjordbergen.jpg","articleSection":["Foto","Konkurranser","Nyheter"],"inLanguage":"nb-NO","potentialAction":[{"@type":"CommentAction","name":"Comment","target":["https:\/\/nsff.no\/magasinet\/2023\/01\/10\/5th-fjord-bergen-internasjonale-fotokonkurranse\/#respond"]}]},{"@type":"WebPage","@id":"https:\/\/nsff.no\/magasinet\/2023\/01\/10\/5th-fjord-bergen-internasjonale-fotokonkurranse\/","url":"https:\/\/nsff.no\/magasinet\/2023\/01\/10\/5th-fjord-bergen-internasjonale-fotokonkurranse\/","name":"5th Fjord-Bergen internasjonale fotokonkurranse - NSFF Magasin | Norsk Selskap for Fotografi","isPartOf":{"@id":"https:\/\/nsff.no\/magasinet\/#website"},"primaryImageOfPage":{"@id":"https:\/\/nsff.no\/magasinet\/2023\/01\/10\/5th-fjord-bergen-internasjonale-fotokonkurranse\/#primaryimage"},"image":{"@id":"https:\/\/nsff.no\/magasinet\/2023\/01\/10\/5th-fjord-bergen-internasjonale-fotokonkurranse\/#primaryimage"},"thumbnailUrl":"https:\/\/nsff.no\/magasinet\/wp-content\/uploads\/sites\/2\/2023\/01\/Juryen_fjordbergen.jpg","datePublished":"2023-01-10T16:20:36+00:00","dateModified":"2023-01-10T21:53:08+00:00","description":"Bekkalokket Fotoklubb har gjennomf\u00f8rt sin 5th Fjord-Bergen internasjonale fotokonkurranse, med 194 deltakere fra 31 land!","breadcrumb":{"@id":"https:\/\/nsff.no\/magasinet\/2023\/01\/10\/5th-fjord-bergen-internasjonale-fotokonkurranse\/#breadcrumb"},"inLanguage":"nb-NO","potentialAction":[{"@type":"ReadAction","target":["https:\/\/nsff.no\/magasinet\/2023\/01\/10\/5th-fjord-bergen-internasjonale-fotokonkurranse\/"]}]},{"@type":"ImageObject","inLanguage":"nb-NO","@id":"https:\/\/nsff.no\/magasinet\/2023\/01\/10\/5th-fjord-bergen-internasjonale-fotokonkurranse\/#primaryimage","url":"https:\/\/nsff.no\/magasinet\/wp-content\/uploads\/sites\/2\/2023\/01\/Juryen_fjordbergen.jpg","contentUrl":"https:\/\/nsff.no\/magasinet\/wp-content\/uploads\/sites\/2\/2023\/01\/Juryen_fjordbergen.jpg","width":1099,"height":618,"caption":"Juryen har best\u00e5tt av Vegard Hanssen fra Bryne Fotoklubb, Rolf Syltan fra Bergen Kameraklubb og Bente Nedreb\u00f8 fra Bekkalokket Fotoklubb."},{"@type":"BreadcrumbList","@id":"https:\/\/nsff.no\/magasinet\/2023\/01\/10\/5th-fjord-bergen-internasjonale-fotokonkurranse\/#breadcrumb","itemListElement":[{"@type":"ListItem","position":1,"name":"Hjem","item":"https:\/\/nsff.no\/magasinet\/"},{"@type":"ListItem","position":2,"name":"5th Fjord-Bergen internasjonale fotokonkurranse"}]},{"@type":"WebSite","@id":"https:\/\/nsff.no\/magasinet\/#website","url":"https:\/\/nsff.no\/magasinet\/","name":"NSFF Magasin | Norsk Selskap for Fotografi","description":"Medlemsmagasin for film- og fotoentusiaster","publisher":{"@id":"https:\/\/nsff.no\/magasinet\/#organization"},"potentialAction":[{"@type":"SearchAction","target":{"@type":"EntryPoint","urlTemplate":"https:\/\/nsff.no\/magasinet\/?s={search_term_string}"},"query-input":{"@type":"PropertyValueSpecification","valueRequired":true,"valueName":"search_term_string"}}],"inLanguage":"nb-NO"},{"@type":"Organization","@id":"https:\/\/nsff.no\/magasinet\/#organization","name":"Norsk Selskap for Fotografo","url":"https:\/\/nsff.no\/magasinet\/","logo":{"@type":"ImageObject","inLanguage":"nb-NO","@id":"https:\/\/nsff.no\/magasinet\/#\/schema\/logo\/image\/","url":"https:\/\/nsff.no\/magasinet\/wp-content\/uploads\/sites\/2\/2016\/05\/NSFF-fb-lenkebilde.png","contentUrl":"https:\/\/nsff.no\/magasinet\/wp-content\/uploads\/sites\/2\/2016\/05\/NSFF-fb-lenkebilde.png","width":1,"height":1,"caption":"Norsk Selskap for Fotografo"},"image":{"@id":"https:\/\/nsff.no\/magasinet\/#\/schema\/logo\/image\/"}},{"@type":"Person","@id":"https:\/\/nsff.no\/magasinet\/#\/schema\/person\/851bedff98bf7a064c4058208a5c300f","name":"Roald Synnev\u00e5g","image":{"@type":"ImageObject","inLanguage":"nb-NO","@id":"https:\/\/secure.gravatar.com\/avatar\/750a3a86a991c7a4a41ef3921a5d4fe64be0a2c5e4b8812d6a1d388b14a71452?s=96&d=mm&r=g","url":"https:\/\/secure.gravatar.com\/avatar\/750a3a86a991c7a4a41ef3921a5d4fe64be0a2c5e4b8812d6a1d388b14a71452?s=96&d=mm&r=g","contentUrl":"https:\/\/secure.gravatar.com\/avatar\/750a3a86a991c7a4a41ef3921a5d4fe64be0a2c5e4b8812d6a1d388b14a71452?s=96&d=mm&r=g","caption":"Roald Synnev\u00e5g"},"description":"Tidligere leder og nestleder i NSFF, n\u00e5v\u00e6rende styremedlem. \u00c6resmedlem av NSFF og av Bekkalokket Fotoklubb. EsNSFF (1995), AFIAP(1995), ANSFF (1997), ENSFF (1997), HonENSFF (1997), EFIAP (2003), EFIAP-B (2011, EFIAP-S (2014), MFIAP (2014), PPSA (2014), EFIAP-G (2015), EPSA (2015), EFIAP-P (2016), ENSFF-B (2015), ENSFF-S (2016), ENSFF-G (2017), BPSA \u2013 Bronze (2017), MPSA (2017).","url":"https:\/\/nsff.no\/magasinet\/author\/roaldsynne\/"}]}},"_links":{"self":[{"href":"https:\/\/nsff.no\/magasinet\/wp-json\/wp\/v2\/posts\/10535","targetHints":{"allow":["GET"]}}],"collection":[{"href":"https:\/\/nsff.no\/magasinet\/wp-json\/wp\/v2\/posts"}],"about":[{"href":"https:\/\/nsff.no\/magasinet\/wp-json\/wp\/v2\/types\/post"}],"author":[{"embeddable":true,"href":"https:\/\/nsff.no\/magasinet\/wp-json\/wp\/v2\/users\/55"}],"replies":[{"embeddable":true,"href":"https:\/\/nsff.no\/magasinet\/wp-json\/wp\/v2\/comments?post=10535"}],"version-history":[{"count":43,"href":"https:\/\/nsff.no\/magasinet\/wp-json\/wp\/v2\/posts\/10535\/revisions"}],"predecessor-version":[{"id":10655,"href":"https:\/\/nsff.no\/magasinet\/wp-json\/wp\/v2\/posts\/10535\/revisions\/10655"}],"wp:featuredmedia":[{"embeddable":true,"href":"https:\/\/nsff.no\/magasinet\/wp-json\/wp\/v2\/media\/10651"}],"wp:attachment":[{"href":"https:\/\/nsff.no\/magasinet\/wp-json\/wp\/v2\/media?parent=10535"}],"wp:term":[{"taxonomy":"category","embeddable":true,"href":"https:\/\/nsff.no\/magasinet\/wp-json\/wp\/v2\/categories?post=10535"},{"taxonomy":"post_tag","embeddable":true,"href":"https:\/\/nsff.no\/magasinet\/wp-json\/wp\/v2\/tags?post=10535"}],"curies":[{"name":"wp","href":"https:\/\/api.w.org\/{rel}","templated":true}]}}