{"id":10495,"date":"2022-11-04T19:53:25","date_gmt":"2022-11-04T18:53:25","guid":{"rendered":"https:\/\/nsff.no\/magasinet\/?p=10495"},"modified":"2023-01-04T20:00:58","modified_gmt":"2023-01-04T19:00:58","slug":"galleri-langsanden-viser-utstillingen-a-eg-veit-meg-eit-land","status":"publish","type":"post","link":"https:\/\/nsff.no\/magasinet\/2022\/11\/04\/galleri-langsanden-viser-utstillingen-a-eg-veit-meg-eit-land\/","title":{"rendered":"Galleri Langsanden viser utstillingen &laquo;\u00c5 eg veit meg eit land&raquo;"},"content":{"rendered":"<p>[et_pb_section fb_built=&raquo;1&#8243; _builder_version=&raquo;4.19.4&#8243; background_enable_color=&raquo;off&raquo; collapsed=&raquo;off&raquo; global_colors_info=&raquo;{}&raquo;][et_pb_row _builder_version=&raquo;4.16&#8243; background_size=&raquo;initial&raquo; background_position=&raquo;top_left&raquo; background_repeat=&raquo;repeat&raquo; global_colors_info=&raquo;{}&raquo;][et_pb_column type=&raquo;4_4&#8243; _builder_version=&raquo;4.16&#8243; custom_padding=&raquo;|||&raquo; global_colors_info=&raquo;{}&raquo; custom_padding__hover=&raquo;|||&raquo;][et_pb_text _builder_version=&raquo;4.19.4&#8243; hover_enabled=&raquo;0&#8243; z_index_tablet=&raquo;500&#8243; text_text_shadow_horizontal_length_tablet=&raquo;0px&raquo; text_text_shadow_vertical_length_tablet=&raquo;0px&raquo; text_text_shadow_blur_strength_tablet=&raquo;1px&raquo; link_text_shadow_horizontal_length_tablet=&raquo;0px&raquo; link_text_shadow_vertical_length_tablet=&raquo;0px&raquo; link_text_shadow_blur_strength_tablet=&raquo;1px&raquo; ul_text_shadow_horizontal_length_tablet=&raquo;0px&raquo; ul_text_shadow_vertical_length_tablet=&raquo;0px&raquo; ul_text_shadow_blur_strength_tablet=&raquo;1px&raquo; ol_text_shadow_horizontal_length_tablet=&raquo;0px&raquo; ol_text_shadow_vertical_length_tablet=&raquo;0px&raquo; ol_text_shadow_blur_strength_tablet=&raquo;1px&raquo; quote_text_shadow_horizontal_length_tablet=&raquo;0px&raquo; quote_text_shadow_vertical_length_tablet=&raquo;0px&raquo; quote_text_shadow_blur_strength_tablet=&raquo;1px&raquo; header_text_shadow_horizontal_length_tablet=&raquo;0px&raquo; header_text_shadow_vertical_length_tablet=&raquo;0px&raquo; header_text_shadow_blur_strength_tablet=&raquo;1px&raquo; header_2_text_shadow_horizontal_length_tablet=&raquo;0px&raquo; header_2_text_shadow_vertical_length_tablet=&raquo;0px&raquo; header_2_text_shadow_blur_strength_tablet=&raquo;1px&raquo; header_3_text_shadow_horizontal_length_tablet=&raquo;0px&raquo; header_3_text_shadow_vertical_length_tablet=&raquo;0px&raquo; header_3_text_shadow_blur_strength_tablet=&raquo;1px&raquo; header_4_text_shadow_horizontal_length_tablet=&raquo;0px&raquo; header_4_text_shadow_vertical_length_tablet=&raquo;0px&raquo; header_4_text_shadow_blur_strength_tablet=&raquo;1px&raquo; header_5_text_shadow_horizontal_length_tablet=&raquo;0px&raquo; header_5_text_shadow_vertical_length_tablet=&raquo;0px&raquo; header_5_text_shadow_blur_strength_tablet=&raquo;1px&raquo; header_6_text_shadow_horizontal_length_tablet=&raquo;0px&raquo; header_6_text_shadow_vertical_length_tablet=&raquo;0px&raquo; header_6_text_shadow_blur_strength_tablet=&raquo;1px&raquo; box_shadow_horizontal_tablet=&raquo;0px&raquo; box_shadow_vertical_tablet=&raquo;0px&raquo; box_shadow_blur_tablet=&raquo;40px&raquo; box_shadow_spread_tablet=&raquo;0px&raquo; global_colors_info=&raquo;{}&raquo; sticky_enabled=&raquo;0&#8243;]<\/p>\n<p>Inspirasjon fra tekstene til Elias Blix har v\u00e6rt med i Gildesk\u00e5l fotoklubb siden klubben ble startet i kj\u00f8lvannet av 175 \u00e5rs-jubileet i 2011. Teksten \u00abBarndomsminne fra Nordland\u00bb har en lang rekke bilder fra natur, landskap og folk som vi kjenner oss igjen i, samtidig som Nord-Norges \u00abnasjonalsang\u00bb ogs\u00e5 betyr noe for folk i hele landet, slik vi \u00a0blant annet opplevde i dagene etter 22. juli 2011.\u00a0<br class=\"\" \/><br class=\"\" \/>Id\u00e9en om \u00e5 bruke <em>\u00c5 eg veit meg eit land<\/em> som utgangspunkt for et prosjekt ble utviklet i klubben i 2019 og 2020, og ble konkretisert til to deler:<\/p>\n<ul class=\"\">\n<li class=\"\">En \u00e5pen nasjonal konkurranse med utgangspunkt i teksten, der tittelen p\u00e5 bildet skulle v\u00e6re en av verselinjene i teksten <em>\u00c5 eg veit meg eit land<\/em>.<\/li>\n<li class=\"\">Utstilling av vinnerbildene p\u00e5 Langsanden i Gildesk\u00e5l, som fikk nasjonal oppmerksomhet i 2014 og 2015 med kunstprosjektet SALT, p\u00e5 \u00f8ya der Elias Blix vokste opp.<\/li>\n<\/ul>\n<p>[\/et_pb_text][\/et_pb_column][\/et_pb_row][et_pb_row _builder_version=&raquo;4.19.4&#8243; _module_preset=&raquo;default&raquo; column_structure=&raquo;2_5,3_5&#8243;][et_pb_column _builder_version=&raquo;4.19.4&#8243; _module_preset=&raquo;default&raquo; type=&raquo;2_5&#8243;][et_pb_text _builder_version=&raquo;4.19.4&#8243; hover_enabled=&raquo;0&#8243; z_index_tablet=&raquo;500&#8243; text_text_shadow_horizontal_length_tablet=&raquo;0px&raquo; text_text_shadow_vertical_length_tablet=&raquo;0px&raquo; text_text_shadow_blur_strength_tablet=&raquo;1px&raquo; link_text_shadow_horizontal_length_tablet=&raquo;0px&raquo; link_text_shadow_vertical_length_tablet=&raquo;0px&raquo; link_text_shadow_blur_strength_tablet=&raquo;1px&raquo; ul_text_shadow_horizontal_length_tablet=&raquo;0px&raquo; ul_text_shadow_vertical_length_tablet=&raquo;0px&raquo; ul_text_shadow_blur_strength_tablet=&raquo;1px&raquo; ol_text_shadow_horizontal_length_tablet=&raquo;0px&raquo; ol_text_shadow_vertical_length_tablet=&raquo;0px&raquo; ol_text_shadow_blur_strength_tablet=&raquo;1px&raquo; quote_text_shadow_horizontal_length_tablet=&raquo;0px&raquo; quote_text_shadow_vertical_length_tablet=&raquo;0px&raquo; quote_text_shadow_blur_strength_tablet=&raquo;1px&raquo; header_text_shadow_horizontal_length_tablet=&raquo;0px&raquo; header_text_shadow_vertical_length_tablet=&raquo;0px&raquo; header_text_shadow_blur_strength_tablet=&raquo;1px&raquo; header_2_text_shadow_horizontal_length_tablet=&raquo;0px&raquo; header_2_text_shadow_vertical_length_tablet=&raquo;0px&raquo; header_2_text_shadow_blur_strength_tablet=&raquo;1px&raquo; header_3_text_shadow_horizontal_length_tablet=&raquo;0px&raquo; header_3_text_shadow_vertical_length_tablet=&raquo;0px&raquo; header_3_text_shadow_blur_strength_tablet=&raquo;1px&raquo; header_4_text_shadow_horizontal_length_tablet=&raquo;0px&raquo; header_4_text_shadow_vertical_length_tablet=&raquo;0px&raquo; header_4_text_shadow_blur_strength_tablet=&raquo;1px&raquo; header_5_text_shadow_horizontal_length_tablet=&raquo;0px&raquo; header_5_text_shadow_vertical_length_tablet=&raquo;0px&raquo; header_5_text_shadow_blur_strength_tablet=&raquo;1px&raquo; header_6_text_shadow_horizontal_length_tablet=&raquo;0px&raquo; header_6_text_shadow_vertical_length_tablet=&raquo;0px&raquo; header_6_text_shadow_blur_strength_tablet=&raquo;1px&raquo; box_shadow_horizontal_tablet=&raquo;0px&raquo; box_shadow_vertical_tablet=&raquo;0px&raquo; box_shadow_blur_tablet=&raquo;40px&raquo; box_shadow_spread_tablet=&raquo;0px&raquo; global_colors_info=&raquo;{}&raquo; sticky_enabled=&raquo;0&#8243;]<\/p>\n<p>At vi 28. august i \u00e5r kunne samles og markere sluttf\u00f8ringen av prosjektet, ble mulig med bidrag fra mange:<\/p>\n<div class=\"\">\n<ul class=\"\">\n<li class=\"\">Ivrige medlemmer i\u00a0Gildesk\u00e5l fotoklubb\u00a0har planlagt konkurransen og lagt ned et\u00a0stort arbeid med planlegging og praktisk arbeid p\u00e5 Langsanden.<\/li>\n<li class=\"\">Gildesk\u00e5l kommune\u00a0har st\u00f8ttet oss med bolystmidler.<\/li>\n<li class=\"\">Konkurransen ble gjennomf\u00f8rt i 2021 p\u00e5 konkurransesidene til NSFF&#8217;s sponsor CEWE Japan Photo. Over 700 bidrag kom inn, og en kompetent jury fra CEWE, VisitBod\u00f8, og konkurranseutvalget i NSFF fant fram til 6 vinnerbilder i hver av de to klassene Digital farge og Digital monokrom. CEWE Japan Photo ogs\u00e5 har bidratt med st\u00f8tte til premiering og printing av bildene p\u00e5 alu-plater, og med gode r\u00e5d underveis i prosessen.<\/li>\n<li class=\"\">\u00d8konomisk st\u00f8tte fra\u00a0Gifas\u00a0og\u00a0Sparebank 1 Nordnorge\/Samfunnsl\u00f8ftet fikk\u00a0prosjektregnskapet til \u00e5 g\u00e5 opp.<\/li>\n<li class=\"\">Fra\u00a0Evjen granitt\u00a0har vi f\u00e5tt de flotte granitt-steinene som\u00a0plasserer bildene trygt i sanda p\u00e5 Langsanden.<\/li>\n<li class=\"\">Plasseringen p\u00e5 stranda har vi funnet i samarbeid med\u00a0LABU\u00a0(Langsanden b\u00e6rekraftig\u00a0utvikling).<\/li>\n<\/ul>\n<\/div>\n<p>[\/et_pb_text][\/et_pb_column][et_pb_column _builder_version=&raquo;4.19.4&#8243; _module_preset=&raquo;default&raquo; type=&raquo;3_5&#8243;][et_pb_image _builder_version=&raquo;4.19.4&#8243; _module_preset=&raquo;default&raquo; title_text=&raquo;Stolt fotograf Mailen Braaten ved eget bilde ved a\u030apningen av Galleri Langsanden (foto: Petter Kj\u00e6rnes)&raquo; src=&raquo;https:\/\/nsff.no\/magasinet\/wp-content\/uploads\/sites\/2\/2023\/01\/Stolt-fotograf-Mailen-Braaten-ved-eget-bilde-ved-apningen-av-Galleri-Langsanden-kred.-Petter-Kjaernes-scaled.jpg&raquo; hover_enabled=&raquo;0&#8243; sticky_enabled=&raquo;0&#8243;][\/et_pb_image][et_pb_image _builder_version=&raquo;4.19.4&#8243; _module_preset=&raquo;default&raquo; title_text=&raquo;Galleri Langsanden er allerede godt bes\u00f8kt (foto: Petter Kj\u00e6rnes)&raquo; src=&raquo;https:\/\/nsff.no\/magasinet\/wp-content\/uploads\/sites\/2\/2023\/01\/Galleri-Langsanden-er-allerede-godt-besokt-kred.-Petter-Kjaernes-scaled.jpg&raquo; hover_enabled=&raquo;0&#8243; sticky_enabled=&raquo;0&#8243;][\/et_pb_image][\/et_pb_column][\/et_pb_row][et_pb_row _builder_version=&raquo;4.16&#8243; background_size=&raquo;initial&raquo; background_position=&raquo;top_left&raquo; background_repeat=&raquo;repeat&raquo; global_colors_info=&raquo;{}&raquo;][et_pb_column type=&raquo;4_4&#8243; _builder_version=&raquo;4.16&#8243; custom_padding=&raquo;|||&raquo; global_colors_info=&raquo;{}&raquo; custom_padding__hover=&raquo;|||&raquo;][et_pb_text _builder_version=&raquo;4.19.4&#8243; hover_enabled=&raquo;0&#8243; z_index_tablet=&raquo;500&#8243; text_text_shadow_horizontal_length_tablet=&raquo;0px&raquo; text_text_shadow_vertical_length_tablet=&raquo;0px&raquo; text_text_shadow_blur_strength_tablet=&raquo;1px&raquo; link_text_shadow_horizontal_length_tablet=&raquo;0px&raquo; link_text_shadow_vertical_length_tablet=&raquo;0px&raquo; link_text_shadow_blur_strength_tablet=&raquo;1px&raquo; ul_text_shadow_horizontal_length_tablet=&raquo;0px&raquo; ul_text_shadow_vertical_length_tablet=&raquo;0px&raquo; ul_text_shadow_blur_strength_tablet=&raquo;1px&raquo; ol_text_shadow_horizontal_length_tablet=&raquo;0px&raquo; ol_text_shadow_vertical_length_tablet=&raquo;0px&raquo; ol_text_shadow_blur_strength_tablet=&raquo;1px&raquo; quote_text_shadow_horizontal_length_tablet=&raquo;0px&raquo; quote_text_shadow_vertical_length_tablet=&raquo;0px&raquo; quote_text_shadow_blur_strength_tablet=&raquo;1px&raquo; header_text_shadow_horizontal_length_tablet=&raquo;0px&raquo; header_text_shadow_vertical_length_tablet=&raquo;0px&raquo; header_text_shadow_blur_strength_tablet=&raquo;1px&raquo; header_2_text_shadow_horizontal_length_tablet=&raquo;0px&raquo; header_2_text_shadow_vertical_length_tablet=&raquo;0px&raquo; header_2_text_shadow_blur_strength_tablet=&raquo;1px&raquo; header_3_text_shadow_horizontal_length_tablet=&raquo;0px&raquo; header_3_text_shadow_vertical_length_tablet=&raquo;0px&raquo; header_3_text_shadow_blur_strength_tablet=&raquo;1px&raquo; header_4_text_shadow_horizontal_length_tablet=&raquo;0px&raquo; header_4_text_shadow_vertical_length_tablet=&raquo;0px&raquo; header_4_text_shadow_blur_strength_tablet=&raquo;1px&raquo; header_5_text_shadow_horizontal_length_tablet=&raquo;0px&raquo; header_5_text_shadow_vertical_length_tablet=&raquo;0px&raquo; header_5_text_shadow_blur_strength_tablet=&raquo;1px&raquo; header_6_text_shadow_horizontal_length_tablet=&raquo;0px&raquo; header_6_text_shadow_vertical_length_tablet=&raquo;0px&raquo; header_6_text_shadow_blur_strength_tablet=&raquo;1px&raquo; box_shadow_horizontal_tablet=&raquo;0px&raquo; box_shadow_vertical_tablet=&raquo;0px&raquo; box_shadow_blur_tablet=&raquo;40px&raquo; box_shadow_spread_tablet=&raquo;0px&raquo; global_colors_info=&raquo;{}&raquo; sticky_enabled=&raquo;0&#8243;]<\/p>\n<p>V\u00e5ren og forsommeren 2022 fikk vi de store steinene til utstillingen trygt p\u00e5 plass p\u00e5 Langsanden, og i juli monterte vi bildene p\u00e5 steinene. Der er det meningen at de skal st\u00e5 i to \u00e5r, f\u00f8r utstillingen fornyes. Hvordan neste utgave av Galleri Langsanden blir, er ikke bestemt, men vi har et h\u00e5p om at galleriet kan videreutvikles som en del av programmet n\u00e5r Bod\u00f8 er europeisk kulturhovedstad i 2024.<\/p>\n<p>[\/et_pb_text][et_pb_image _builder_version=&raquo;4.19.4&#8243; _module_preset=&raquo;default&raquo; title_text=&raquo;Galleri Langsanden, pa\u030a ei lysande strand mellom h\u00f8gfjell og fjord (foto: Petter Kj\u00e6rnes)&raquo; src=&raquo;https:\/\/nsff.no\/magasinet\/wp-content\/uploads\/sites\/2\/2023\/01\/Galleri-Langsanden-pa-ei-lysande-strand-mellom-hogfjell-og-fjord-kred.-Petter-Kjaernes-scaled.jpg&raquo; hover_enabled=&raquo;0&#8243; sticky_enabled=&raquo;0&#8243;][\/et_pb_image][\/et_pb_column][\/et_pb_row][\/et_pb_section]<\/p>\n","protected":false},"excerpt":{"rendered":"<p>Gildesk\u00e5l fotoklubb med unik fotoutstilling i fj\u00e6ra.<\/p>\n","protected":false},"author":96,"featured_media":10517,"comment_status":"open","ping_status":"open","sticky":false,"template":"","format":"standard","meta":{"_et_pb_use_builder":"on","_et_pb_old_content":"","_et_gb_content_width":"","footnotes":""},"categories":[64,91,14],"tags":[],"class_list":["post-10495","post","type-post","status-publish","format-standard","has-post-thumbnail","hentry","category-fotoprosjekter","category-inspirasjon","category-nyheter","et-has-post-format-content","et_post_format-et-post-format-standard"],"yoast_head":"<!-- This site is optimized with the Yoast SEO plugin v27.5 - https:\/\/yoast.com\/product\/yoast-seo-wordpress\/ -->\n<title>Galleri Langsanden viser utstillingen &quot;\u00c5 eg veit meg eit land&quot; - NSFF Magasin | Norsk Selskap for Fotografi<\/title>\n<meta name=\"description\" content=\"Gildesk\u00e5l fotoklubb med unik fotoutstilling i fj\u00e6ra.\" \/>\n<meta name=\"robots\" content=\"index, follow, max-snippet:-1, max-image-preview:large, max-video-preview:-1\" \/>\n<link rel=\"canonical\" href=\"https:\/\/nsff.no\/magasinet\/2022\/11\/04\/galleri-langsanden-viser-utstillingen-a-eg-veit-meg-eit-land\/\" \/>\n<meta property=\"og:locale\" content=\"nb_NO\" \/>\n<meta property=\"og:type\" content=\"article\" \/>\n<meta property=\"og:title\" content=\"Galleri Langsanden viser utstillingen &quot;\u00c5 eg veit meg eit land&quot; - NSFF Magasin | Norsk Selskap for Fotografi\" \/>\n<meta property=\"og:description\" content=\"Gildesk\u00e5l fotoklubb med unik fotoutstilling i fj\u00e6ra.\" \/>\n<meta property=\"og:url\" content=\"https:\/\/nsff.no\/magasinet\/2022\/11\/04\/galleri-langsanden-viser-utstillingen-a-eg-veit-meg-eit-land\/\" \/>\n<meta property=\"og:site_name\" content=\"NSFF Magasin | Norsk Selskap for Fotografi\" \/>\n<meta property=\"article:published_time\" content=\"2022-11-04T18:53:25+00:00\" \/>\n<meta property=\"article:modified_time\" content=\"2023-01-04T19:00:58+00:00\" \/>\n<meta property=\"og:image\" content=\"https:\/\/nsff.no\/magasinet\/wp-content\/uploads\/sites\/2\/2023\/01\/Glade-samarbeidspartnere-og-klubbmedlemmer-ved-apning-av-Galleri-Langsanden-kred.-Anita-Bjorklund-Berhardsen-scaled.jpg\" \/>\n\t<meta property=\"og:image:width\" content=\"2560\" \/>\n\t<meta property=\"og:image:height\" content=\"1920\" \/>\n\t<meta property=\"og:image:type\" content=\"image\/jpeg\" \/>\n<meta name=\"author\" content=\"Petter Kj\u00e6rnes\" \/>\n<meta name=\"twitter:card\" content=\"summary_large_image\" \/>\n<meta name=\"twitter:label1\" content=\"Skrevet av\" \/>\n\t<meta name=\"twitter:data1\" content=\"Petter Kj\u00e6rnes\" \/>\n\t<meta name=\"twitter:label2\" content=\"Ansl. lesetid\" \/>\n\t<meta name=\"twitter:data2\" content=\"3 minutter\" \/>\n<script type=\"application\/ld+json\" class=\"yoast-schema-graph\">{\"@context\":\"https:\\\/\\\/schema.org\",\"@graph\":[{\"@type\":\"Article\",\"@id\":\"https:\\\/\\\/nsff.no\\\/magasinet\\\/2022\\\/11\\\/04\\\/galleri-langsanden-viser-utstillingen-a-eg-veit-meg-eit-land\\\/#article\",\"isPartOf\":{\"@id\":\"https:\\\/\\\/nsff.no\\\/magasinet\\\/2022\\\/11\\\/04\\\/galleri-langsanden-viser-utstillingen-a-eg-veit-meg-eit-land\\\/\"},\"author\":{\"name\":\"Petter Kj\u00e6rnes\",\"@id\":\"https:\\\/\\\/nsff.no\\\/magasinet\\\/#\\\/schema\\\/person\\\/a90f15be3006867e499eaa4f082c52c0\"},\"headline\":\"Galleri Langsanden viser utstillingen &laquo;\u00c5 eg veit meg eit land&raquo;\",\"datePublished\":\"2022-11-04T18:53:25+00:00\",\"dateModified\":\"2023-01-04T19:00:58+00:00\",\"mainEntityOfPage\":{\"@id\":\"https:\\\/\\\/nsff.no\\\/magasinet\\\/2022\\\/11\\\/04\\\/galleri-langsanden-viser-utstillingen-a-eg-veit-meg-eit-land\\\/\"},\"wordCount\":1452,\"commentCount\":0,\"publisher\":{\"@id\":\"https:\\\/\\\/nsff.no\\\/magasinet\\\/#organization\"},\"image\":{\"@id\":\"https:\\\/\\\/nsff.no\\\/magasinet\\\/2022\\\/11\\\/04\\\/galleri-langsanden-viser-utstillingen-a-eg-veit-meg-eit-land\\\/#primaryimage\"},\"thumbnailUrl\":\"https:\\\/\\\/nsff.no\\\/magasinet\\\/wp-content\\\/uploads\\\/sites\\\/2\\\/2023\\\/01\\\/Glade-samarbeidspartnere-og-klubbmedlemmer-ved-apning-av-Galleri-Langsanden-kred.-Anita-Bjorklund-Berhardsen-scaled.jpg\",\"articleSection\":[\"Fotoprosjekter\",\"Inspirasjon\",\"Nyheter\"],\"inLanguage\":\"nb-NO\",\"potentialAction\":[{\"@type\":\"CommentAction\",\"name\":\"Comment\",\"target\":[\"https:\\\/\\\/nsff.no\\\/magasinet\\\/2022\\\/11\\\/04\\\/galleri-langsanden-viser-utstillingen-a-eg-veit-meg-eit-land\\\/#respond\"]}]},{\"@type\":\"WebPage\",\"@id\":\"https:\\\/\\\/nsff.no\\\/magasinet\\\/2022\\\/11\\\/04\\\/galleri-langsanden-viser-utstillingen-a-eg-veit-meg-eit-land\\\/\",\"url\":\"https:\\\/\\\/nsff.no\\\/magasinet\\\/2022\\\/11\\\/04\\\/galleri-langsanden-viser-utstillingen-a-eg-veit-meg-eit-land\\\/\",\"name\":\"Galleri Langsanden viser utstillingen \\\"\u00c5 eg veit meg eit land\\\" - NSFF Magasin | Norsk Selskap for Fotografi\",\"isPartOf\":{\"@id\":\"https:\\\/\\\/nsff.no\\\/magasinet\\\/#website\"},\"primaryImageOfPage\":{\"@id\":\"https:\\\/\\\/nsff.no\\\/magasinet\\\/2022\\\/11\\\/04\\\/galleri-langsanden-viser-utstillingen-a-eg-veit-meg-eit-land\\\/#primaryimage\"},\"image\":{\"@id\":\"https:\\\/\\\/nsff.no\\\/magasinet\\\/2022\\\/11\\\/04\\\/galleri-langsanden-viser-utstillingen-a-eg-veit-meg-eit-land\\\/#primaryimage\"},\"thumbnailUrl\":\"https:\\\/\\\/nsff.no\\\/magasinet\\\/wp-content\\\/uploads\\\/sites\\\/2\\\/2023\\\/01\\\/Glade-samarbeidspartnere-og-klubbmedlemmer-ved-apning-av-Galleri-Langsanden-kred.-Anita-Bjorklund-Berhardsen-scaled.jpg\",\"datePublished\":\"2022-11-04T18:53:25+00:00\",\"dateModified\":\"2023-01-04T19:00:58+00:00\",\"description\":\"Gildesk\u00e5l fotoklubb med unik fotoutstilling i fj\u00e6ra.\",\"breadcrumb\":{\"@id\":\"https:\\\/\\\/nsff.no\\\/magasinet\\\/2022\\\/11\\\/04\\\/galleri-langsanden-viser-utstillingen-a-eg-veit-meg-eit-land\\\/#breadcrumb\"},\"inLanguage\":\"nb-NO\",\"potentialAction\":[{\"@type\":\"ReadAction\",\"target\":[\"https:\\\/\\\/nsff.no\\\/magasinet\\\/2022\\\/11\\\/04\\\/galleri-langsanden-viser-utstillingen-a-eg-veit-meg-eit-land\\\/\"]}]},{\"@type\":\"ImageObject\",\"inLanguage\":\"nb-NO\",\"@id\":\"https:\\\/\\\/nsff.no\\\/magasinet\\\/2022\\\/11\\\/04\\\/galleri-langsanden-viser-utstillingen-a-eg-veit-meg-eit-land\\\/#primaryimage\",\"url\":\"https:\\\/\\\/nsff.no\\\/magasinet\\\/wp-content\\\/uploads\\\/sites\\\/2\\\/2023\\\/01\\\/Glade-samarbeidspartnere-og-klubbmedlemmer-ved-apning-av-Galleri-Langsanden-kred.-Anita-Bjorklund-Berhardsen-scaled.jpg\",\"contentUrl\":\"https:\\\/\\\/nsff.no\\\/magasinet\\\/wp-content\\\/uploads\\\/sites\\\/2\\\/2023\\\/01\\\/Glade-samarbeidspartnere-og-klubbmedlemmer-ved-apning-av-Galleri-Langsanden-kred.-Anita-Bjorklund-Berhardsen-scaled.jpg\",\"width\":2560,\"height\":1920,\"caption\":\"Glade samarbeidspartnere og klubbmedlemmer ved a\u030apning av Galleri Langsanden (foto: Anita Bj\u00f8rklund Berhardsen)\"},{\"@type\":\"BreadcrumbList\",\"@id\":\"https:\\\/\\\/nsff.no\\\/magasinet\\\/2022\\\/11\\\/04\\\/galleri-langsanden-viser-utstillingen-a-eg-veit-meg-eit-land\\\/#breadcrumb\",\"itemListElement\":[{\"@type\":\"ListItem\",\"position\":1,\"name\":\"Hjem\",\"item\":\"https:\\\/\\\/nsff.no\\\/magasinet\\\/\"},{\"@type\":\"ListItem\",\"position\":2,\"name\":\"Galleri Langsanden viser utstillingen &laquo;\u00c5 eg veit meg eit land&raquo;\"}]},{\"@type\":\"WebSite\",\"@id\":\"https:\\\/\\\/nsff.no\\\/magasinet\\\/#website\",\"url\":\"https:\\\/\\\/nsff.no\\\/magasinet\\\/\",\"name\":\"NSFF Magasin | Norsk Selskap for Fotografi\",\"description\":\"Medlemsmagasin for film- og fotoentusiaster\",\"publisher\":{\"@id\":\"https:\\\/\\\/nsff.no\\\/magasinet\\\/#organization\"},\"potentialAction\":[{\"@type\":\"SearchAction\",\"target\":{\"@type\":\"EntryPoint\",\"urlTemplate\":\"https:\\\/\\\/nsff.no\\\/magasinet\\\/?s={search_term_string}\"},\"query-input\":{\"@type\":\"PropertyValueSpecification\",\"valueRequired\":true,\"valueName\":\"search_term_string\"}}],\"inLanguage\":\"nb-NO\"},{\"@type\":\"Organization\",\"@id\":\"https:\\\/\\\/nsff.no\\\/magasinet\\\/#organization\",\"name\":\"Norsk Selskap for Fotografo\",\"url\":\"https:\\\/\\\/nsff.no\\\/magasinet\\\/\",\"logo\":{\"@type\":\"ImageObject\",\"inLanguage\":\"nb-NO\",\"@id\":\"https:\\\/\\\/nsff.no\\\/magasinet\\\/#\\\/schema\\\/logo\\\/image\\\/\",\"url\":\"https:\\\/\\\/nsff.no\\\/magasinet\\\/wp-content\\\/uploads\\\/sites\\\/2\\\/2016\\\/05\\\/NSFF-fb-lenkebilde.png\",\"contentUrl\":\"https:\\\/\\\/nsff.no\\\/magasinet\\\/wp-content\\\/uploads\\\/sites\\\/2\\\/2016\\\/05\\\/NSFF-fb-lenkebilde.png\",\"width\":1,\"height\":1,\"caption\":\"Norsk Selskap for Fotografo\"},\"image\":{\"@id\":\"https:\\\/\\\/nsff.no\\\/magasinet\\\/#\\\/schema\\\/logo\\\/image\\\/\"}},{\"@type\":\"Person\",\"@id\":\"https:\\\/\\\/nsff.no\\\/magasinet\\\/#\\\/schema\\\/person\\\/a90f15be3006867e499eaa4f082c52c0\",\"name\":\"Petter Kj\u00e6rnes\",\"image\":{\"@type\":\"ImageObject\",\"inLanguage\":\"nb-NO\",\"@id\":\"https:\\\/\\\/secure.gravatar.com\\\/avatar\\\/206ddd4ff7a8f156660f3c9b47935482bcb387bc6c860870d84a6b2fac20b94f?s=96&d=mm&r=g\",\"url\":\"https:\\\/\\\/secure.gravatar.com\\\/avatar\\\/206ddd4ff7a8f156660f3c9b47935482bcb387bc6c860870d84a6b2fac20b94f?s=96&d=mm&r=g\",\"contentUrl\":\"https:\\\/\\\/secure.gravatar.com\\\/avatar\\\/206ddd4ff7a8f156660f3c9b47935482bcb387bc6c860870d84a6b2fac20b94f?s=96&d=mm&r=g\",\"caption\":\"Petter Kj\u00e6rnes\"},\"description\":\"Leder Gildesk\u00e5l fotoklubb, regionkontakt Nordland\",\"url\":\"https:\\\/\\\/nsff.no\\\/magasinet\\\/author\\\/petterkjaernes\\\/\"}]}<\/script>\n<!-- \/ Yoast SEO plugin. -->","yoast_head_json":{"title":"Galleri Langsanden viser utstillingen \"\u00c5 eg veit meg eit land\" - NSFF Magasin | Norsk Selskap for Fotografi","description":"Gildesk\u00e5l fotoklubb med unik fotoutstilling i fj\u00e6ra.","robots":{"index":"index","follow":"follow","max-snippet":"max-snippet:-1","max-image-preview":"max-image-preview:large","max-video-preview":"max-video-preview:-1"},"canonical":"https:\/\/nsff.no\/magasinet\/2022\/11\/04\/galleri-langsanden-viser-utstillingen-a-eg-veit-meg-eit-land\/","og_locale":"nb_NO","og_type":"article","og_title":"Galleri Langsanden viser utstillingen \"\u00c5 eg veit meg eit land\" - NSFF Magasin | Norsk Selskap for Fotografi","og_description":"Gildesk\u00e5l fotoklubb med unik fotoutstilling i fj\u00e6ra.","og_url":"https:\/\/nsff.no\/magasinet\/2022\/11\/04\/galleri-langsanden-viser-utstillingen-a-eg-veit-meg-eit-land\/","og_site_name":"NSFF Magasin | Norsk Selskap for Fotografi","article_published_time":"2022-11-04T18:53:25+00:00","article_modified_time":"2023-01-04T19:00:58+00:00","og_image":[{"width":2560,"height":1920,"url":"https:\/\/nsff.no\/magasinet\/wp-content\/uploads\/sites\/2\/2023\/01\/Glade-samarbeidspartnere-og-klubbmedlemmer-ved-apning-av-Galleri-Langsanden-kred.-Anita-Bjorklund-Berhardsen-scaled.jpg","type":"image\/jpeg"}],"author":"Petter Kj\u00e6rnes","twitter_card":"summary_large_image","twitter_misc":{"Skrevet av":"Petter Kj\u00e6rnes","Ansl. lesetid":"3 minutter"},"schema":{"@context":"https:\/\/schema.org","@graph":[{"@type":"Article","@id":"https:\/\/nsff.no\/magasinet\/2022\/11\/04\/galleri-langsanden-viser-utstillingen-a-eg-veit-meg-eit-land\/#article","isPartOf":{"@id":"https:\/\/nsff.no\/magasinet\/2022\/11\/04\/galleri-langsanden-viser-utstillingen-a-eg-veit-meg-eit-land\/"},"author":{"name":"Petter Kj\u00e6rnes","@id":"https:\/\/nsff.no\/magasinet\/#\/schema\/person\/a90f15be3006867e499eaa4f082c52c0"},"headline":"Galleri Langsanden viser utstillingen &laquo;\u00c5 eg veit meg eit land&raquo;","datePublished":"2022-11-04T18:53:25+00:00","dateModified":"2023-01-04T19:00:58+00:00","mainEntityOfPage":{"@id":"https:\/\/nsff.no\/magasinet\/2022\/11\/04\/galleri-langsanden-viser-utstillingen-a-eg-veit-meg-eit-land\/"},"wordCount":1452,"commentCount":0,"publisher":{"@id":"https:\/\/nsff.no\/magasinet\/#organization"},"image":{"@id":"https:\/\/nsff.no\/magasinet\/2022\/11\/04\/galleri-langsanden-viser-utstillingen-a-eg-veit-meg-eit-land\/#primaryimage"},"thumbnailUrl":"https:\/\/nsff.no\/magasinet\/wp-content\/uploads\/sites\/2\/2023\/01\/Glade-samarbeidspartnere-og-klubbmedlemmer-ved-apning-av-Galleri-Langsanden-kred.-Anita-Bjorklund-Berhardsen-scaled.jpg","articleSection":["Fotoprosjekter","Inspirasjon","Nyheter"],"inLanguage":"nb-NO","potentialAction":[{"@type":"CommentAction","name":"Comment","target":["https:\/\/nsff.no\/magasinet\/2022\/11\/04\/galleri-langsanden-viser-utstillingen-a-eg-veit-meg-eit-land\/#respond"]}]},{"@type":"WebPage","@id":"https:\/\/nsff.no\/magasinet\/2022\/11\/04\/galleri-langsanden-viser-utstillingen-a-eg-veit-meg-eit-land\/","url":"https:\/\/nsff.no\/magasinet\/2022\/11\/04\/galleri-langsanden-viser-utstillingen-a-eg-veit-meg-eit-land\/","name":"Galleri Langsanden viser utstillingen \"\u00c5 eg veit meg eit land\" - NSFF Magasin | Norsk Selskap for Fotografi","isPartOf":{"@id":"https:\/\/nsff.no\/magasinet\/#website"},"primaryImageOfPage":{"@id":"https:\/\/nsff.no\/magasinet\/2022\/11\/04\/galleri-langsanden-viser-utstillingen-a-eg-veit-meg-eit-land\/#primaryimage"},"image":{"@id":"https:\/\/nsff.no\/magasinet\/2022\/11\/04\/galleri-langsanden-viser-utstillingen-a-eg-veit-meg-eit-land\/#primaryimage"},"thumbnailUrl":"https:\/\/nsff.no\/magasinet\/wp-content\/uploads\/sites\/2\/2023\/01\/Glade-samarbeidspartnere-og-klubbmedlemmer-ved-apning-av-Galleri-Langsanden-kred.-Anita-Bjorklund-Berhardsen-scaled.jpg","datePublished":"2022-11-04T18:53:25+00:00","dateModified":"2023-01-04T19:00:58+00:00","description":"Gildesk\u00e5l fotoklubb med unik fotoutstilling i fj\u00e6ra.","breadcrumb":{"@id":"https:\/\/nsff.no\/magasinet\/2022\/11\/04\/galleri-langsanden-viser-utstillingen-a-eg-veit-meg-eit-land\/#breadcrumb"},"inLanguage":"nb-NO","potentialAction":[{"@type":"ReadAction","target":["https:\/\/nsff.no\/magasinet\/2022\/11\/04\/galleri-langsanden-viser-utstillingen-a-eg-veit-meg-eit-land\/"]}]},{"@type":"ImageObject","inLanguage":"nb-NO","@id":"https:\/\/nsff.no\/magasinet\/2022\/11\/04\/galleri-langsanden-viser-utstillingen-a-eg-veit-meg-eit-land\/#primaryimage","url":"https:\/\/nsff.no\/magasinet\/wp-content\/uploads\/sites\/2\/2023\/01\/Glade-samarbeidspartnere-og-klubbmedlemmer-ved-apning-av-Galleri-Langsanden-kred.-Anita-Bjorklund-Berhardsen-scaled.jpg","contentUrl":"https:\/\/nsff.no\/magasinet\/wp-content\/uploads\/sites\/2\/2023\/01\/Glade-samarbeidspartnere-og-klubbmedlemmer-ved-apning-av-Galleri-Langsanden-kred.-Anita-Bjorklund-Berhardsen-scaled.jpg","width":2560,"height":1920,"caption":"Glade samarbeidspartnere og klubbmedlemmer ved a\u030apning av Galleri Langsanden (foto: Anita Bj\u00f8rklund Berhardsen)"},{"@type":"BreadcrumbList","@id":"https:\/\/nsff.no\/magasinet\/2022\/11\/04\/galleri-langsanden-viser-utstillingen-a-eg-veit-meg-eit-land\/#breadcrumb","itemListElement":[{"@type":"ListItem","position":1,"name":"Hjem","item":"https:\/\/nsff.no\/magasinet\/"},{"@type":"ListItem","position":2,"name":"Galleri Langsanden viser utstillingen &laquo;\u00c5 eg veit meg eit land&raquo;"}]},{"@type":"WebSite","@id":"https:\/\/nsff.no\/magasinet\/#website","url":"https:\/\/nsff.no\/magasinet\/","name":"NSFF Magasin | Norsk Selskap for Fotografi","description":"Medlemsmagasin for film- og fotoentusiaster","publisher":{"@id":"https:\/\/nsff.no\/magasinet\/#organization"},"potentialAction":[{"@type":"SearchAction","target":{"@type":"EntryPoint","urlTemplate":"https:\/\/nsff.no\/magasinet\/?s={search_term_string}"},"query-input":{"@type":"PropertyValueSpecification","valueRequired":true,"valueName":"search_term_string"}}],"inLanguage":"nb-NO"},{"@type":"Organization","@id":"https:\/\/nsff.no\/magasinet\/#organization","name":"Norsk Selskap for Fotografo","url":"https:\/\/nsff.no\/magasinet\/","logo":{"@type":"ImageObject","inLanguage":"nb-NO","@id":"https:\/\/nsff.no\/magasinet\/#\/schema\/logo\/image\/","url":"https:\/\/nsff.no\/magasinet\/wp-content\/uploads\/sites\/2\/2016\/05\/NSFF-fb-lenkebilde.png","contentUrl":"https:\/\/nsff.no\/magasinet\/wp-content\/uploads\/sites\/2\/2016\/05\/NSFF-fb-lenkebilde.png","width":1,"height":1,"caption":"Norsk Selskap for Fotografo"},"image":{"@id":"https:\/\/nsff.no\/magasinet\/#\/schema\/logo\/image\/"}},{"@type":"Person","@id":"https:\/\/nsff.no\/magasinet\/#\/schema\/person\/a90f15be3006867e499eaa4f082c52c0","name":"Petter Kj\u00e6rnes","image":{"@type":"ImageObject","inLanguage":"nb-NO","@id":"https:\/\/secure.gravatar.com\/avatar\/206ddd4ff7a8f156660f3c9b47935482bcb387bc6c860870d84a6b2fac20b94f?s=96&d=mm&r=g","url":"https:\/\/secure.gravatar.com\/avatar\/206ddd4ff7a8f156660f3c9b47935482bcb387bc6c860870d84a6b2fac20b94f?s=96&d=mm&r=g","contentUrl":"https:\/\/secure.gravatar.com\/avatar\/206ddd4ff7a8f156660f3c9b47935482bcb387bc6c860870d84a6b2fac20b94f?s=96&d=mm&r=g","caption":"Petter Kj\u00e6rnes"},"description":"Leder Gildesk\u00e5l fotoklubb, regionkontakt Nordland","url":"https:\/\/nsff.no\/magasinet\/author\/petterkjaernes\/"}]}},"_links":{"self":[{"href":"https:\/\/nsff.no\/magasinet\/wp-json\/wp\/v2\/posts\/10495","targetHints":{"allow":["GET"]}}],"collection":[{"href":"https:\/\/nsff.no\/magasinet\/wp-json\/wp\/v2\/posts"}],"about":[{"href":"https:\/\/nsff.no\/magasinet\/wp-json\/wp\/v2\/types\/post"}],"author":[{"embeddable":true,"href":"https:\/\/nsff.no\/magasinet\/wp-json\/wp\/v2\/users\/96"}],"replies":[{"embeddable":true,"href":"https:\/\/nsff.no\/magasinet\/wp-json\/wp\/v2\/comments?post=10495"}],"version-history":[{"count":14,"href":"https:\/\/nsff.no\/magasinet\/wp-json\/wp\/v2\/posts\/10495\/revisions"}],"predecessor-version":[{"id":10524,"href":"https:\/\/nsff.no\/magasinet\/wp-json\/wp\/v2\/posts\/10495\/revisions\/10524"}],"wp:featuredmedia":[{"embeddable":true,"href":"https:\/\/nsff.no\/magasinet\/wp-json\/wp\/v2\/media\/10517"}],"wp:attachment":[{"href":"https:\/\/nsff.no\/magasinet\/wp-json\/wp\/v2\/media?parent=10495"}],"wp:term":[{"taxonomy":"category","embeddable":true,"href":"https:\/\/nsff.no\/magasinet\/wp-json\/wp\/v2\/categories?post=10495"},{"taxonomy":"post_tag","embeddable":true,"href":"https:\/\/nsff.no\/magasinet\/wp-json\/wp\/v2\/tags?post=10495"}],"curies":[{"name":"wp","href":"https:\/\/api.w.org\/{rel}","templated":true}]}}