{"id":10358,"date":"2022-09-18T16:15:14","date_gmt":"2022-09-18T14:15:14","guid":{"rendered":"https:\/\/nsff.no\/magasinet\/?p=10358"},"modified":"2022-09-18T16:15:18","modified_gmt":"2022-09-18T14:15:18","slug":"se-de-norske-landslagsbidragene-til-21-fiap-nature-biennial-2022","status":"publish","type":"post","link":"https:\/\/nsff.no\/magasinet\/2022\/09\/18\/se-de-norske-landslagsbidragene-til-21-fiap-nature-biennial-2022\/","title":{"rendered":"Se de norske landslagsbidragene til 21 FIAP Nature Biennial 2022"},"content":{"rendered":"<p>[et_pb_section fb_built=&raquo;1&#8243; _builder_version=&raquo;4.16&#8243; global_colors_info=&raquo;{}&raquo; theme_builder_area=&raquo;post_content&raquo;][et_pb_row _builder_version=&raquo;4.16&#8243; background_size=&raquo;initial&raquo; background_position=&raquo;top_left&raquo; background_repeat=&raquo;repeat&raquo; global_colors_info=&raquo;{}&raquo; theme_builder_area=&raquo;post_content&raquo;][et_pb_column type=&raquo;4_4&#8243; _builder_version=&raquo;4.16&#8243; custom_padding=&raquo;|||&raquo; global_colors_info=&raquo;{}&raquo; custom_padding__hover=&raquo;|||&raquo; theme_builder_area=&raquo;post_content&raquo;][et_pb_text _builder_version=&raquo;4.18.0&#8243; background_size=&raquo;initial&raquo; background_position=&raquo;top_left&raquo; background_repeat=&raquo;repeat&raquo; hover_enabled=&raquo;0&#8243; global_colors_info=&raquo;{}&raquo; theme_builder_area=&raquo;post_content&raquo; sticky_enabled=&raquo;0&#8243;]<\/p>\n<p><strong>NSFF ved Internasjonalt utvalg presenterer her de norske bidragene til 21 FIAP Nature Biennial 2022, med de selvvalgte temaene &laquo;Is og vann&raquo; og &laquo;Fjellandskap&raquo;. Klikk p\u00e5 bildene for \u00e5 bla gjennom hvert landslag og se autors navn.<\/strong><\/p>\n<p><em>I disse konkurransene blir bildene gitt poeng individuelt som gir laget en samlet poengsum, men laget blir ogs\u00e5 vurdert helhetlig. Blant annet til sammenhengen til tema og hvordan bildene passer til hverandre i format, kontrast og farger\/tonalitet. Det er gjerne det som er det mest utfordrende ved \u00e5 sette sammen et slikt landslag.<\/em><\/p>\n<p>[\/et_pb_text][et_pb_gallery gallery_ids=&raquo;10361,10362,10363,10364,10365,10366,10367,10368,10369,10370,10371,10372,10373,10374,10375,10376,10377,10378,10379,10380&#8243; fullwidth=&raquo;on&raquo; _builder_version=&raquo;4.18.0&#8243; _module_preset=&raquo;default&raquo; hover_enabled=&raquo;0&#8243; saved_tabs=&raquo;all&raquo; global_colors_info=&raquo;{}&raquo; theme_builder_area=&raquo;post_content&raquo; sticky_enabled=&raquo;0&#8243;][\/et_pb_gallery][et_pb_gallery gallery_ids=&raquo;10381,10382,10383,10384,10385,10386,10387,10388,10389,10390&#8243; fullwidth=&raquo;on&raquo; _builder_version=&raquo;4.18.0&#8243; _module_preset=&raquo;default&raquo; global_colors_info=&raquo;{}&raquo; theme_builder_area=&raquo;post_content&raquo;][\/et_pb_gallery][\/et_pb_column][\/et_pb_row][\/et_pb_section]<\/p>\n","protected":false},"excerpt":{"rendered":"<p>Internasjonalt utvalg presenterer de norske bidragene til 21 FIAP Nature Biennial 2022, med temaene &laquo;Is og vann&raquo; og &laquo;Fjellandskap&raquo;.<\/p>\n","protected":false},"author":55,"featured_media":10385,"comment_status":"open","ping_status":"open","sticky":false,"template":"","format":"standard","meta":{"_et_pb_use_builder":"on","_et_pb_old_content":"","_et_gb_content_width":"","footnotes":""},"categories":[10,14],"tags":[840,844,34,845,846,625],"class_list":["post-10358","post","type-post","status-publish","format-standard","has-post-thumbnail","hentry","category-konkurranser","category-nyheter","tag-840","tag-21-fiap-nature-biennial","tag-fiap","tag-fjellandskap","tag-is-og-vann","tag-landslag","et-has-post-format-content","et_post_format-et-post-format-standard"],"yoast_head":"<!-- This site is optimized with the Yoast SEO plugin v27.5 - https:\/\/yoast.com\/product\/yoast-seo-wordpress\/ -->\n<title>Se de norske landslagsbidragene til 21 FIAP Nature Biennial 2022 - NSFF Magasin | Norsk Selskap for Fotografi<\/title>\n<meta name=\"description\" content=\"Internasjonalt utvalg presenterer de norske bidragene til 21 FIAP Nature Biennial 2022, med temaene &quot;Is og vann&quot; og &quot;Fjellandskap&quot;.\" \/>\n<meta name=\"robots\" content=\"index, follow, max-snippet:-1, max-image-preview:large, max-video-preview:-1\" \/>\n<link rel=\"canonical\" href=\"https:\/\/nsff.no\/magasinet\/2022\/09\/18\/se-de-norske-landslagsbidragene-til-21-fiap-nature-biennial-2022\/\" \/>\n<meta property=\"og:locale\" content=\"nb_NO\" \/>\n<meta property=\"og:type\" content=\"article\" \/>\n<meta property=\"og:title\" content=\"Se de norske landslagsbidragene til 21 FIAP Nature Biennial 2022 - NSFF Magasin | Norsk Selskap for Fotografi\" \/>\n<meta property=\"og:description\" content=\"Internasjonalt utvalg presenterer de norske bidragene til 21 FIAP Nature Biennial 2022, med temaene &quot;Is og vann&quot; og &quot;Fjellandskap&quot;.\" \/>\n<meta property=\"og:url\" content=\"https:\/\/nsff.no\/magasinet\/2022\/09\/18\/se-de-norske-landslagsbidragene-til-21-fiap-nature-biennial-2022\/\" \/>\n<meta property=\"og:site_name\" content=\"NSFF Magasin | Norsk Selskap for Fotografi\" \/>\n<meta property=\"article:published_time\" content=\"2022-09-18T14:15:14+00:00\" \/>\n<meta property=\"article:modified_time\" content=\"2022-09-18T14:15:18+00:00\" \/>\n<meta property=\"og:image\" content=\"https:\/\/nsff.no\/magasinet\/wp-content\/uploads\/sites\/2\/2022\/09\/Mountain-Sunglow_Oddmund-Kjoesnes_Aalesund.jpg\" \/>\n\t<meta property=\"og:image:width\" content=\"1920\" \/>\n\t<meta property=\"og:image:height\" content=\"1280\" \/>\n\t<meta property=\"og:image:type\" content=\"image\/jpeg\" \/>\n<meta name=\"author\" content=\"Roald Synnev\u00e5g\" \/>\n<meta name=\"twitter:card\" content=\"summary_large_image\" \/>\n<meta name=\"twitter:label1\" content=\"Skrevet av\" \/>\n\t<meta name=\"twitter:data1\" content=\"Roald Synnev\u00e5g\" \/>\n\t<meta name=\"twitter:label2\" content=\"Ansl. lesetid\" \/>\n\t<meta name=\"twitter:data2\" content=\"1 minutt\" \/>\n<script type=\"application\/ld+json\" class=\"yoast-schema-graph\">{\"@context\":\"https:\\\/\\\/schema.org\",\"@graph\":[{\"@type\":\"Article\",\"@id\":\"https:\\\/\\\/nsff.no\\\/magasinet\\\/2022\\\/09\\\/18\\\/se-de-norske-landslagsbidragene-til-21-fiap-nature-biennial-2022\\\/#article\",\"isPartOf\":{\"@id\":\"https:\\\/\\\/nsff.no\\\/magasinet\\\/2022\\\/09\\\/18\\\/se-de-norske-landslagsbidragene-til-21-fiap-nature-biennial-2022\\\/\"},\"author\":{\"name\":\"Roald Synnev\u00e5g\",\"@id\":\"https:\\\/\\\/nsff.no\\\/magasinet\\\/#\\\/schema\\\/person\\\/851bedff98bf7a064c4058208a5c300f\"},\"headline\":\"Se de norske landslagsbidragene til 21 FIAP Nature Biennial 2022\",\"datePublished\":\"2022-09-18T14:15:14+00:00\",\"dateModified\":\"2022-09-18T14:15:18+00:00\",\"mainEntityOfPage\":{\"@id\":\"https:\\\/\\\/nsff.no\\\/magasinet\\\/2022\\\/09\\\/18\\\/se-de-norske-landslagsbidragene-til-21-fiap-nature-biennial-2022\\\/\"},\"wordCount\":244,\"commentCount\":0,\"publisher\":{\"@id\":\"https:\\\/\\\/nsff.no\\\/magasinet\\\/#organization\"},\"image\":{\"@id\":\"https:\\\/\\\/nsff.no\\\/magasinet\\\/2022\\\/09\\\/18\\\/se-de-norske-landslagsbidragene-til-21-fiap-nature-biennial-2022\\\/#primaryimage\"},\"thumbnailUrl\":\"https:\\\/\\\/nsff.no\\\/magasinet\\\/wp-content\\\/uploads\\\/sites\\\/2\\\/2022\\\/09\\\/Mountain-Sunglow_Oddmund-Kjoesnes_Aalesund.jpg\",\"keywords\":[\"2022\",\"21 FIAP Nature Biennial\",\"FIAP\",\"fjellandskap\",\"is og vann\",\"landslag\"],\"articleSection\":[\"Konkurranser\",\"Nyheter\"],\"inLanguage\":\"nb-NO\",\"potentialAction\":[{\"@type\":\"CommentAction\",\"name\":\"Comment\",\"target\":[\"https:\\\/\\\/nsff.no\\\/magasinet\\\/2022\\\/09\\\/18\\\/se-de-norske-landslagsbidragene-til-21-fiap-nature-biennial-2022\\\/#respond\"]}]},{\"@type\":\"WebPage\",\"@id\":\"https:\\\/\\\/nsff.no\\\/magasinet\\\/2022\\\/09\\\/18\\\/se-de-norske-landslagsbidragene-til-21-fiap-nature-biennial-2022\\\/\",\"url\":\"https:\\\/\\\/nsff.no\\\/magasinet\\\/2022\\\/09\\\/18\\\/se-de-norske-landslagsbidragene-til-21-fiap-nature-biennial-2022\\\/\",\"name\":\"Se de norske landslagsbidragene til 21 FIAP Nature Biennial 2022 - NSFF Magasin | Norsk Selskap for Fotografi\",\"isPartOf\":{\"@id\":\"https:\\\/\\\/nsff.no\\\/magasinet\\\/#website\"},\"primaryImageOfPage\":{\"@id\":\"https:\\\/\\\/nsff.no\\\/magasinet\\\/2022\\\/09\\\/18\\\/se-de-norske-landslagsbidragene-til-21-fiap-nature-biennial-2022\\\/#primaryimage\"},\"image\":{\"@id\":\"https:\\\/\\\/nsff.no\\\/magasinet\\\/2022\\\/09\\\/18\\\/se-de-norske-landslagsbidragene-til-21-fiap-nature-biennial-2022\\\/#primaryimage\"},\"thumbnailUrl\":\"https:\\\/\\\/nsff.no\\\/magasinet\\\/wp-content\\\/uploads\\\/sites\\\/2\\\/2022\\\/09\\\/Mountain-Sunglow_Oddmund-Kjoesnes_Aalesund.jpg\",\"datePublished\":\"2022-09-18T14:15:14+00:00\",\"dateModified\":\"2022-09-18T14:15:18+00:00\",\"description\":\"Internasjonalt utvalg presenterer de norske bidragene til 21 FIAP Nature Biennial 2022, med temaene \\\"Is og vann\\\" og \\\"Fjellandskap\\\".\",\"breadcrumb\":{\"@id\":\"https:\\\/\\\/nsff.no\\\/magasinet\\\/2022\\\/09\\\/18\\\/se-de-norske-landslagsbidragene-til-21-fiap-nature-biennial-2022\\\/#breadcrumb\"},\"inLanguage\":\"nb-NO\",\"potentialAction\":[{\"@type\":\"ReadAction\",\"target\":[\"https:\\\/\\\/nsff.no\\\/magasinet\\\/2022\\\/09\\\/18\\\/se-de-norske-landslagsbidragene-til-21-fiap-nature-biennial-2022\\\/\"]}]},{\"@type\":\"ImageObject\",\"inLanguage\":\"nb-NO\",\"@id\":\"https:\\\/\\\/nsff.no\\\/magasinet\\\/2022\\\/09\\\/18\\\/se-de-norske-landslagsbidragene-til-21-fiap-nature-biennial-2022\\\/#primaryimage\",\"url\":\"https:\\\/\\\/nsff.no\\\/magasinet\\\/wp-content\\\/uploads\\\/sites\\\/2\\\/2022\\\/09\\\/Mountain-Sunglow_Oddmund-Kjoesnes_Aalesund.jpg\",\"contentUrl\":\"https:\\\/\\\/nsff.no\\\/magasinet\\\/wp-content\\\/uploads\\\/sites\\\/2\\\/2022\\\/09\\\/Mountain-Sunglow_Oddmund-Kjoesnes_Aalesund.jpg\",\"width\":1920,\"height\":1280,\"caption\":\"Mountain Sunglow - Oddmund Kj\u00f8snes, \u00c5lesund Kameraklubb\"},{\"@type\":\"BreadcrumbList\",\"@id\":\"https:\\\/\\\/nsff.no\\\/magasinet\\\/2022\\\/09\\\/18\\\/se-de-norske-landslagsbidragene-til-21-fiap-nature-biennial-2022\\\/#breadcrumb\",\"itemListElement\":[{\"@type\":\"ListItem\",\"position\":1,\"name\":\"Hjem\",\"item\":\"https:\\\/\\\/nsff.no\\\/magasinet\\\/\"},{\"@type\":\"ListItem\",\"position\":2,\"name\":\"Se de norske landslagsbidragene til 21 FIAP Nature Biennial 2022\"}]},{\"@type\":\"WebSite\",\"@id\":\"https:\\\/\\\/nsff.no\\\/magasinet\\\/#website\",\"url\":\"https:\\\/\\\/nsff.no\\\/magasinet\\\/\",\"name\":\"NSFF Magasin | Norsk Selskap for Fotografi\",\"description\":\"Medlemsmagasin for film- og fotoentusiaster\",\"publisher\":{\"@id\":\"https:\\\/\\\/nsff.no\\\/magasinet\\\/#organization\"},\"potentialAction\":[{\"@type\":\"SearchAction\",\"target\":{\"@type\":\"EntryPoint\",\"urlTemplate\":\"https:\\\/\\\/nsff.no\\\/magasinet\\\/?s={search_term_string}\"},\"query-input\":{\"@type\":\"PropertyValueSpecification\",\"valueRequired\":true,\"valueName\":\"search_term_string\"}}],\"inLanguage\":\"nb-NO\"},{\"@type\":\"Organization\",\"@id\":\"https:\\\/\\\/nsff.no\\\/magasinet\\\/#organization\",\"name\":\"Norsk Selskap for Fotografo\",\"url\":\"https:\\\/\\\/nsff.no\\\/magasinet\\\/\",\"logo\":{\"@type\":\"ImageObject\",\"inLanguage\":\"nb-NO\",\"@id\":\"https:\\\/\\\/nsff.no\\\/magasinet\\\/#\\\/schema\\\/logo\\\/image\\\/\",\"url\":\"https:\\\/\\\/nsff.no\\\/magasinet\\\/wp-content\\\/uploads\\\/sites\\\/2\\\/2016\\\/05\\\/NSFF-fb-lenkebilde.png\",\"contentUrl\":\"https:\\\/\\\/nsff.no\\\/magasinet\\\/wp-content\\\/uploads\\\/sites\\\/2\\\/2016\\\/05\\\/NSFF-fb-lenkebilde.png\",\"width\":1,\"height\":1,\"caption\":\"Norsk Selskap for Fotografo\"},\"image\":{\"@id\":\"https:\\\/\\\/nsff.no\\\/magasinet\\\/#\\\/schema\\\/logo\\\/image\\\/\"}},{\"@type\":\"Person\",\"@id\":\"https:\\\/\\\/nsff.no\\\/magasinet\\\/#\\\/schema\\\/person\\\/851bedff98bf7a064c4058208a5c300f\",\"name\":\"Roald Synnev\u00e5g\",\"image\":{\"@type\":\"ImageObject\",\"inLanguage\":\"nb-NO\",\"@id\":\"https:\\\/\\\/secure.gravatar.com\\\/avatar\\\/750a3a86a991c7a4a41ef3921a5d4fe64be0a2c5e4b8812d6a1d388b14a71452?s=96&d=mm&r=g\",\"url\":\"https:\\\/\\\/secure.gravatar.com\\\/avatar\\\/750a3a86a991c7a4a41ef3921a5d4fe64be0a2c5e4b8812d6a1d388b14a71452?s=96&d=mm&r=g\",\"contentUrl\":\"https:\\\/\\\/secure.gravatar.com\\\/avatar\\\/750a3a86a991c7a4a41ef3921a5d4fe64be0a2c5e4b8812d6a1d388b14a71452?s=96&d=mm&r=g\",\"caption\":\"Roald Synnev\u00e5g\"},\"description\":\"Tidligere leder og nestleder i NSFF, n\u00e5v\u00e6rende styremedlem. \u00c6resmedlem av NSFF og av Bekkalokket Fotoklubb. EsNSFF (1995), AFIAP(1995), ANSFF (1997), ENSFF (1997), HonENSFF (1997), EFIAP (2003), EFIAP-B (2011, EFIAP-S (2014), MFIAP (2014), PPSA (2014), EFIAP-G (2015), EPSA (2015), EFIAP-P (2016), ENSFF-B (2015), ENSFF-S (2016), ENSFF-G (2017), BPSA \u2013 Bronze (2017), MPSA (2017).\",\"url\":\"https:\\\/\\\/nsff.no\\\/magasinet\\\/author\\\/roaldsynne\\\/\"}]}<\/script>\n<!-- \/ Yoast SEO plugin. -->","yoast_head_json":{"title":"Se de norske landslagsbidragene til 21 FIAP Nature Biennial 2022 - NSFF Magasin | Norsk Selskap for Fotografi","description":"Internasjonalt utvalg presenterer de norske bidragene til 21 FIAP Nature Biennial 2022, med temaene \"Is og vann\" og \"Fjellandskap\".","robots":{"index":"index","follow":"follow","max-snippet":"max-snippet:-1","max-image-preview":"max-image-preview:large","max-video-preview":"max-video-preview:-1"},"canonical":"https:\/\/nsff.no\/magasinet\/2022\/09\/18\/se-de-norske-landslagsbidragene-til-21-fiap-nature-biennial-2022\/","og_locale":"nb_NO","og_type":"article","og_title":"Se de norske landslagsbidragene til 21 FIAP Nature Biennial 2022 - NSFF Magasin | Norsk Selskap for Fotografi","og_description":"Internasjonalt utvalg presenterer de norske bidragene til 21 FIAP Nature Biennial 2022, med temaene \"Is og vann\" og \"Fjellandskap\".","og_url":"https:\/\/nsff.no\/magasinet\/2022\/09\/18\/se-de-norske-landslagsbidragene-til-21-fiap-nature-biennial-2022\/","og_site_name":"NSFF Magasin | Norsk Selskap for Fotografi","article_published_time":"2022-09-18T14:15:14+00:00","article_modified_time":"2022-09-18T14:15:18+00:00","og_image":[{"width":1920,"height":1280,"url":"https:\/\/nsff.no\/magasinet\/wp-content\/uploads\/sites\/2\/2022\/09\/Mountain-Sunglow_Oddmund-Kjoesnes_Aalesund.jpg","type":"image\/jpeg"}],"author":"Roald Synnev\u00e5g","twitter_card":"summary_large_image","twitter_misc":{"Skrevet av":"Roald Synnev\u00e5g","Ansl. lesetid":"1 minutt"},"schema":{"@context":"https:\/\/schema.org","@graph":[{"@type":"Article","@id":"https:\/\/nsff.no\/magasinet\/2022\/09\/18\/se-de-norske-landslagsbidragene-til-21-fiap-nature-biennial-2022\/#article","isPartOf":{"@id":"https:\/\/nsff.no\/magasinet\/2022\/09\/18\/se-de-norske-landslagsbidragene-til-21-fiap-nature-biennial-2022\/"},"author":{"name":"Roald Synnev\u00e5g","@id":"https:\/\/nsff.no\/magasinet\/#\/schema\/person\/851bedff98bf7a064c4058208a5c300f"},"headline":"Se de norske landslagsbidragene til 21 FIAP Nature Biennial 2022","datePublished":"2022-09-18T14:15:14+00:00","dateModified":"2022-09-18T14:15:18+00:00","mainEntityOfPage":{"@id":"https:\/\/nsff.no\/magasinet\/2022\/09\/18\/se-de-norske-landslagsbidragene-til-21-fiap-nature-biennial-2022\/"},"wordCount":244,"commentCount":0,"publisher":{"@id":"https:\/\/nsff.no\/magasinet\/#organization"},"image":{"@id":"https:\/\/nsff.no\/magasinet\/2022\/09\/18\/se-de-norske-landslagsbidragene-til-21-fiap-nature-biennial-2022\/#primaryimage"},"thumbnailUrl":"https:\/\/nsff.no\/magasinet\/wp-content\/uploads\/sites\/2\/2022\/09\/Mountain-Sunglow_Oddmund-Kjoesnes_Aalesund.jpg","keywords":["2022","21 FIAP Nature Biennial","FIAP","fjellandskap","is og vann","landslag"],"articleSection":["Konkurranser","Nyheter"],"inLanguage":"nb-NO","potentialAction":[{"@type":"CommentAction","name":"Comment","target":["https:\/\/nsff.no\/magasinet\/2022\/09\/18\/se-de-norske-landslagsbidragene-til-21-fiap-nature-biennial-2022\/#respond"]}]},{"@type":"WebPage","@id":"https:\/\/nsff.no\/magasinet\/2022\/09\/18\/se-de-norske-landslagsbidragene-til-21-fiap-nature-biennial-2022\/","url":"https:\/\/nsff.no\/magasinet\/2022\/09\/18\/se-de-norske-landslagsbidragene-til-21-fiap-nature-biennial-2022\/","name":"Se de norske landslagsbidragene til 21 FIAP Nature Biennial 2022 - NSFF Magasin | Norsk Selskap for Fotografi","isPartOf":{"@id":"https:\/\/nsff.no\/magasinet\/#website"},"primaryImageOfPage":{"@id":"https:\/\/nsff.no\/magasinet\/2022\/09\/18\/se-de-norske-landslagsbidragene-til-21-fiap-nature-biennial-2022\/#primaryimage"},"image":{"@id":"https:\/\/nsff.no\/magasinet\/2022\/09\/18\/se-de-norske-landslagsbidragene-til-21-fiap-nature-biennial-2022\/#primaryimage"},"thumbnailUrl":"https:\/\/nsff.no\/magasinet\/wp-content\/uploads\/sites\/2\/2022\/09\/Mountain-Sunglow_Oddmund-Kjoesnes_Aalesund.jpg","datePublished":"2022-09-18T14:15:14+00:00","dateModified":"2022-09-18T14:15:18+00:00","description":"Internasjonalt utvalg presenterer de norske bidragene til 21 FIAP Nature Biennial 2022, med temaene \"Is og vann\" og \"Fjellandskap\".","breadcrumb":{"@id":"https:\/\/nsff.no\/magasinet\/2022\/09\/18\/se-de-norske-landslagsbidragene-til-21-fiap-nature-biennial-2022\/#breadcrumb"},"inLanguage":"nb-NO","potentialAction":[{"@type":"ReadAction","target":["https:\/\/nsff.no\/magasinet\/2022\/09\/18\/se-de-norske-landslagsbidragene-til-21-fiap-nature-biennial-2022\/"]}]},{"@type":"ImageObject","inLanguage":"nb-NO","@id":"https:\/\/nsff.no\/magasinet\/2022\/09\/18\/se-de-norske-landslagsbidragene-til-21-fiap-nature-biennial-2022\/#primaryimage","url":"https:\/\/nsff.no\/magasinet\/wp-content\/uploads\/sites\/2\/2022\/09\/Mountain-Sunglow_Oddmund-Kjoesnes_Aalesund.jpg","contentUrl":"https:\/\/nsff.no\/magasinet\/wp-content\/uploads\/sites\/2\/2022\/09\/Mountain-Sunglow_Oddmund-Kjoesnes_Aalesund.jpg","width":1920,"height":1280,"caption":"Mountain Sunglow - Oddmund Kj\u00f8snes, \u00c5lesund Kameraklubb"},{"@type":"BreadcrumbList","@id":"https:\/\/nsff.no\/magasinet\/2022\/09\/18\/se-de-norske-landslagsbidragene-til-21-fiap-nature-biennial-2022\/#breadcrumb","itemListElement":[{"@type":"ListItem","position":1,"name":"Hjem","item":"https:\/\/nsff.no\/magasinet\/"},{"@type":"ListItem","position":2,"name":"Se de norske landslagsbidragene til 21 FIAP Nature Biennial 2022"}]},{"@type":"WebSite","@id":"https:\/\/nsff.no\/magasinet\/#website","url":"https:\/\/nsff.no\/magasinet\/","name":"NSFF Magasin | Norsk Selskap for Fotografi","description":"Medlemsmagasin for film- og fotoentusiaster","publisher":{"@id":"https:\/\/nsff.no\/magasinet\/#organization"},"potentialAction":[{"@type":"SearchAction","target":{"@type":"EntryPoint","urlTemplate":"https:\/\/nsff.no\/magasinet\/?s={search_term_string}"},"query-input":{"@type":"PropertyValueSpecification","valueRequired":true,"valueName":"search_term_string"}}],"inLanguage":"nb-NO"},{"@type":"Organization","@id":"https:\/\/nsff.no\/magasinet\/#organization","name":"Norsk Selskap for Fotografo","url":"https:\/\/nsff.no\/magasinet\/","logo":{"@type":"ImageObject","inLanguage":"nb-NO","@id":"https:\/\/nsff.no\/magasinet\/#\/schema\/logo\/image\/","url":"https:\/\/nsff.no\/magasinet\/wp-content\/uploads\/sites\/2\/2016\/05\/NSFF-fb-lenkebilde.png","contentUrl":"https:\/\/nsff.no\/magasinet\/wp-content\/uploads\/sites\/2\/2016\/05\/NSFF-fb-lenkebilde.png","width":1,"height":1,"caption":"Norsk Selskap for Fotografo"},"image":{"@id":"https:\/\/nsff.no\/magasinet\/#\/schema\/logo\/image\/"}},{"@type":"Person","@id":"https:\/\/nsff.no\/magasinet\/#\/schema\/person\/851bedff98bf7a064c4058208a5c300f","name":"Roald Synnev\u00e5g","image":{"@type":"ImageObject","inLanguage":"nb-NO","@id":"https:\/\/secure.gravatar.com\/avatar\/750a3a86a991c7a4a41ef3921a5d4fe64be0a2c5e4b8812d6a1d388b14a71452?s=96&d=mm&r=g","url":"https:\/\/secure.gravatar.com\/avatar\/750a3a86a991c7a4a41ef3921a5d4fe64be0a2c5e4b8812d6a1d388b14a71452?s=96&d=mm&r=g","contentUrl":"https:\/\/secure.gravatar.com\/avatar\/750a3a86a991c7a4a41ef3921a5d4fe64be0a2c5e4b8812d6a1d388b14a71452?s=96&d=mm&r=g","caption":"Roald Synnev\u00e5g"},"description":"Tidligere leder og nestleder i NSFF, n\u00e5v\u00e6rende styremedlem. \u00c6resmedlem av NSFF og av Bekkalokket Fotoklubb. EsNSFF (1995), AFIAP(1995), ANSFF (1997), ENSFF (1997), HonENSFF (1997), EFIAP (2003), EFIAP-B (2011, EFIAP-S (2014), MFIAP (2014), PPSA (2014), EFIAP-G (2015), EPSA (2015), EFIAP-P (2016), ENSFF-B (2015), ENSFF-S (2016), ENSFF-G (2017), BPSA \u2013 Bronze (2017), MPSA (2017).","url":"https:\/\/nsff.no\/magasinet\/author\/roaldsynne\/"}]}},"_links":{"self":[{"href":"https:\/\/nsff.no\/magasinet\/wp-json\/wp\/v2\/posts\/10358","targetHints":{"allow":["GET"]}}],"collection":[{"href":"https:\/\/nsff.no\/magasinet\/wp-json\/wp\/v2\/posts"}],"about":[{"href":"https:\/\/nsff.no\/magasinet\/wp-json\/wp\/v2\/types\/post"}],"author":[{"embeddable":true,"href":"https:\/\/nsff.no\/magasinet\/wp-json\/wp\/v2\/users\/55"}],"replies":[{"embeddable":true,"href":"https:\/\/nsff.no\/magasinet\/wp-json\/wp\/v2\/comments?post=10358"}],"version-history":[{"count":5,"href":"https:\/\/nsff.no\/magasinet\/wp-json\/wp\/v2\/posts\/10358\/revisions"}],"predecessor-version":[{"id":10394,"href":"https:\/\/nsff.no\/magasinet\/wp-json\/wp\/v2\/posts\/10358\/revisions\/10394"}],"wp:featuredmedia":[{"embeddable":true,"href":"https:\/\/nsff.no\/magasinet\/wp-json\/wp\/v2\/media\/10385"}],"wp:attachment":[{"href":"https:\/\/nsff.no\/magasinet\/wp-json\/wp\/v2\/media?parent=10358"}],"wp:term":[{"taxonomy":"category","embeddable":true,"href":"https:\/\/nsff.no\/magasinet\/wp-json\/wp\/v2\/categories?post=10358"},{"taxonomy":"post_tag","embeddable":true,"href":"https:\/\/nsff.no\/magasinet\/wp-json\/wp\/v2\/tags?post=10358"}],"curies":[{"name":"wp","href":"https:\/\/api.w.org\/{rel}","templated":true}]}}