{"id":10111,"date":"2021-11-03T11:23:42","date_gmt":"2021-11-03T10:23:42","guid":{"rendered":"https:\/\/nsff.no\/magasinet\/?p=10111"},"modified":"2022-02-25T11:35:28","modified_gmt":"2022-02-25T10:35:28","slug":"medlemsprosjekt-nina-c-krogh-st-svithuns-plass-2012-2019-2021","status":"publish","type":"post","link":"https:\/\/nsff.no\/magasinet\/2021\/11\/03\/medlemsprosjekt-nina-c-krogh-st-svithuns-plass-2012-2019-2021\/","title":{"rendered":"Medlemsprosjekt: Nina C. Krogh &laquo;St. Svithuns plass 2012\u20132019&raquo; (2021)"},"content":{"rendered":"<p>[et_pb_section fb_built=&raquo;1&#8243; _builder_version=&raquo;3.22&#8243; global_colors_info=&raquo;{}&raquo;][et_pb_row _builder_version=&raquo;3.25&#8243; background_size=&raquo;initial&raquo; background_position=&raquo;top_left&raquo; background_repeat=&raquo;repeat&raquo; global_colors_info=&raquo;{}&raquo;][et_pb_column type=&raquo;4_4&#8243; _builder_version=&raquo;3.0.47&#8243; custom_padding=&raquo;|||&raquo; global_colors_info=&raquo;{}&raquo; custom_padding__hover=&raquo;|||&raquo;][et_pb_text _builder_version=&raquo;4.14.8&#8243; z_index_tablet=&raquo;500&#8243; text_text_shadow_horizontal_length_tablet=&raquo;0px&raquo; text_text_shadow_vertical_length_tablet=&raquo;0px&raquo; text_text_shadow_blur_strength_tablet=&raquo;1px&raquo; link_text_shadow_horizontal_length_tablet=&raquo;0px&raquo; link_text_shadow_vertical_length_tablet=&raquo;0px&raquo; link_text_shadow_blur_strength_tablet=&raquo;1px&raquo; ul_text_shadow_horizontal_length_tablet=&raquo;0px&raquo; ul_text_shadow_vertical_length_tablet=&raquo;0px&raquo; ul_text_shadow_blur_strength_tablet=&raquo;1px&raquo; ol_text_shadow_horizontal_length_tablet=&raquo;0px&raquo; ol_text_shadow_vertical_length_tablet=&raquo;0px&raquo; ol_text_shadow_blur_strength_tablet=&raquo;1px&raquo; quote_text_shadow_horizontal_length_tablet=&raquo;0px&raquo; quote_text_shadow_vertical_length_tablet=&raquo;0px&raquo; quote_text_shadow_blur_strength_tablet=&raquo;1px&raquo; header_text_shadow_horizontal_length_tablet=&raquo;0px&raquo; header_text_shadow_vertical_length_tablet=&raquo;0px&raquo; header_text_shadow_blur_strength_tablet=&raquo;1px&raquo; header_2_text_shadow_horizontal_length_tablet=&raquo;0px&raquo; header_2_text_shadow_vertical_length_tablet=&raquo;0px&raquo; header_2_text_shadow_blur_strength_tablet=&raquo;1px&raquo; header_3_text_shadow_horizontal_length_tablet=&raquo;0px&raquo; header_3_text_shadow_vertical_length_tablet=&raquo;0px&raquo; header_3_text_shadow_blur_strength_tablet=&raquo;1px&raquo; header_4_text_shadow_horizontal_length_tablet=&raquo;0px&raquo; header_4_text_shadow_vertical_length_tablet=&raquo;0px&raquo; header_4_text_shadow_blur_strength_tablet=&raquo;1px&raquo; header_5_text_shadow_horizontal_length_tablet=&raquo;0px&raquo; header_5_text_shadow_vertical_length_tablet=&raquo;0px&raquo; header_5_text_shadow_blur_strength_tablet=&raquo;1px&raquo; header_6_text_shadow_horizontal_length_tablet=&raquo;0px&raquo; header_6_text_shadow_vertical_length_tablet=&raquo;0px&raquo; header_6_text_shadow_blur_strength_tablet=&raquo;1px&raquo; box_shadow_horizontal_tablet=&raquo;0px&raquo; box_shadow_vertical_tablet=&raquo;0px&raquo; box_shadow_blur_tablet=&raquo;40px&raquo; box_shadow_spread_tablet=&raquo;0px&raquo; global_colors_info=&raquo;{}&raquo;]<\/p>\n<p><strong><a href=\"http:\/\/nsff.no\/bli-medlem\/medlems-og-klubbprosjekt\/\">NSFF oppfordrer til \u00e5 sende inn medlemsprosjekt og klubbprosjekt<\/a>. Til inspirasjon vil vi i NSFF Magasin publisere prosjektene, de vil ogs\u00e5 vises digitalt p\u00e5 ulike arrangement der NSFF er tilstede. Nedenfor sees Nina C. Kroghs prosjekt fra 2021:<\/strong><\/p>\n<h2>St. Svithuns plass 2012\u20132019<\/h2>\n<h3>Fakta om Ryfast<\/h3>\n<p>Ryfast er et fergefritt veisamband mellom Ryfylke og Nord-J\u00e6ren. Prosjektet ble vedtatt av Stortinget 12. juni 2012, og p\u00e5begynt i november 2012. Byggestart var v\u00e5ren 3013, i hver ende av det lengste tunnell\u00f8pet henholdsvis p\u00e5 Solbakk i Strand og p\u00e5 Hundv\u00e5g i Stavanger kommune. F\u00f8rste del, Ryfylketunnelen, ble \u00e5pnet for trafikk 30. desember 2019. Resten av sambandet, Eiganestunnelen og Hundv\u00e5gtunnelen, \u00e5pnet 22. april. 2020. Bompengeinnkrevingen i Ryfast startet 1. februar 2021.<\/p>\n<h3>St. Svithuns plass 2012-2019<\/h3>\n<p>I fem \u00e5r var jeg n\u00e6rmeste nabo til den over hundre \u00e5r gamle parken St. Svithuns plass. S\u00f8ndre del av Eiganestunnelen ble bygget under parken, og jeg fulgte hele byggeprosessen med kamera fram til gjen\u00e5pning av parken i 2019. Mitt fotoprosjekt er avgrenset til selve St. Svithuns plass og tilst\u00f8tende omr\u00e5de ved krysset mellom RV509 Madlaveien og E39 Motorveien i Stavanger, hvor to biltunneler pluss 3 kulvert for gang-og sykkelveger ble etabler under bakkeniv\u00e5 og f\u00f8rt videre opp i dagen p\u00e5 s\u00f8rsiden av FV509 Madlaveien.<\/p>\n<p>I 2012 startet grunnvannsboringer 80 meter ned i bakken p\u00e5 St. Svithuns plass. I 2014 startet anleggsarbeidene i selve parken, f\u00f8rst med inngjerding av hele omr\u00e5det og felling av mer enn halvparten av parkens lindetr\u00e6r. S\u00e5 ble det montert en 5 meter h\u00f8y st\u00f8yvegg rundt de tre sidene av parken som vendte mot n\u00e6rmeste boligbebyggelse. Deretter ble spuntplater banket ned i bakken rundt omtrent to tredjedeler av anleggsomr\u00e5det, hvorp\u00e5 st\u00f8yveggene ble fjernet. S\u00e5 ble ny ledning for hovedkloakk fra Madla bydel (med diameter 1,2 meter) lagt ned 6 meter under bakken i en u-formet slynge gjennom de tre boliggatene rundt parken. Etterp\u00e5 ble st\u00f8yveggene satt opp igjen f\u00f8r det kunne sprenges ut masser 17 meter ned i grunnen, hvor Eiganestunnelen med to tunnell\u00f8p skulle komme ut av fjellet. I forlengelsen av tunnelinnslagene ble det p\u00e5 nederste plan st\u00f8pt to tunneler som skulle forbinde Eiganestunnelen med E39 Motorveien. P\u00e5 niv\u00e5et over biltunnelene ble det st\u00f8pt 3 kulverter for fotgjengere og syklister, med felles knutepunkt under bakkeniv\u00e5. Til slutt ble hele terrenget tilbakef\u00f8rt til niv\u00e5 med E39 Motorveien og FV509 Madlaveien , og Madlaveien ble tilbakef\u00f8rt til sitt opprinnelige gatel\u00f8p.<\/p>\n<p>I startfasen etter at st\u00f8yveggene ble etablert, var det ikke lett \u00e5 f\u00f8lge med p\u00e5 det som skjedde p\u00e5 innsiden av gjerdet. Etter hvert laget forbipasserende noen sm\u00e5 kikkhull i isolasjonsmassen, hvor det s\u00e5 vidt var mulig \u00e5 fotografere med mobiltelefon. Senere ble det etablert fire-fem litt st\u00f8rre \u00e5pninger med bedre plass til kamera. For \u00e5 f\u00e5 oversikt over hva som foregikk, fotograferte jeg gjennom nettinggjerdet langs Madlaveien. Jeg tok ogs\u00e5 regelmessig heisen opp i tredje etasje i det h\u00f8yeste bygget p\u00e5 \u00f8stsiden av bygge-gropen. I forbindelse med omlegging av hovedkloakken ble jeg godt kjent med en av basene, og han ordnet det slik at jeg fikk komme inn p\u00e5 selve anleggsomr\u00e5det for \u00e5 fotografere ved flere anledninger, blant annet med en sightseeing med bil i tunnelene i anleggsperioden.<br \/>Bildene i fotoprosjektet er begrenset til selve St. Svithuns plass og er valgt ut for \u00e5 vise noen viktige faser i anleggsperioden.<\/p>\n<p><em>\u2013 Nina C. Krogh, Sandnes Fotoklubb<\/em><\/p>\n<p>[\/et_pb_text][\/et_pb_column][\/et_pb_row][et_pb_row make_equal=&raquo;on&raquo; _builder_version=&raquo;4.7.7&#8243; background_size=&raquo;initial&raquo; background_position=&raquo;top_left&raquo; background_repeat=&raquo;repeat&raquo; global_colors_info=&raquo;{}&raquo;][et_pb_column type=&raquo;4_4&#8243; _builder_version=&raquo;3.0.47&#8243; custom_padding=&raquo;|||&raquo; global_colors_info=&raquo;{}&raquo; custom_padding__hover=&raquo;|||&raquo;][et_pb_text admin_label=&raquo;Tekst&raquo; _builder_version=&raquo;4.14.8&#8243; _module_preset=&raquo;default&raquo; global_colors_info=&raquo;{}&raquo;]<\/p>\n<p>Klikk p\u00e5 f\u00f8rste bilde for \u00e5 bla gjennom hele galleriet:<\/p>\n<p>[\/et_pb_text][et_pb_gallery gallery_ids=&raquo;10117,10118,10119,10120,10121,10122,10123,10124,10125,10126&#8243; fullwidth=&raquo;on&raquo; _builder_version=&raquo;4.14.8&#8243; _module_preset=&raquo;default&raquo; global_colors_info=&raquo;{}&raquo;][\/et_pb_gallery][\/et_pb_column][\/et_pb_row][et_pb_row _builder_version=&raquo;3.19&#8243; global_module=&raquo;7898&#8243; global_colors_info=&raquo;{}&raquo;][et_pb_column type=&raquo;4_4&#8243; _builder_version=&raquo;3.25&#8243; custom_padding=&raquo;|||&raquo; global_colors_info=&raquo;{}&raquo; custom_padding__hover=&raquo;|||&raquo;][et_pb_text admin_label=&raquo;Medlemsprosjekttekst&raquo; _builder_version=&raquo;3.27.4&#8243; background_color=&raquo;rgba(12,113,195,0.19)&raquo; custom_padding=&raquo;20px|20px|20px|20px&raquo; custom_padding_tablet=&raquo;&raquo; custom_padding_phone=&raquo;10px|10px|10px|10px&raquo; custom_padding_last_edited=&raquo;on|phone&raquo; link_option_url=&raquo;http:\/\/nsff.no\/bli-medlem\/medlems-og-klubbprosjekt\/&raquo; border_radii=&raquo;on|4px|4px|4px|4px&raquo; global_colors_info=&raquo;{}&raquo;]<\/p>\n<p>Alle har sikkert h\u00f8rt mantraet, at et bilde sier mer enn tusen ord. Men hva da med en hel serie med bilder, som henger tematisk sammen? Det er vanligste er nok \u00e5 jakte p\u00e5 blinkskuddene, men blant de store fotografene er det vel s\u00e5 vanlig \u00e5 tenke i serie \u2013 de jobber i prosjekt!<\/p>\n<p>NSFF har siden 2014 invitert til innlevering av medlems- og klubbprosjekt. Det \u00e5 g\u00e5 ut over det \u00e5 kun jakte enkeltst\u00e5ende \u00abvinnerbilder\u00bb vil gj\u00f8re en til bedre fotograf \u2013 utvide evnen til \u00e5 se! Hele ideen med \u00e5 jobbe i prosjekt er \u00e5 fortelle en bredere og mer interessant historie med bildene.<\/p>\n<p><a href=\"http:\/\/nsff.no\/bli-medlem\/medlems-og-klubbprosjekt\/\">Les om medlemsprosjekt p\u00e5 nsff.no.<\/a><\/p>\n<p>[\/et_pb_text][\/et_pb_column][\/et_pb_row][\/et_pb_section]<\/p>\n","protected":false},"excerpt":{"rendered":"<p>Nina C. Kroghs prosjekt fra 2021: &laquo;St. Svithuns plass 2012\u20132019&raquo;<\/p>\n","protected":false},"author":7,"featured_media":10117,"comment_status":"open","ping_status":"open","sticky":false,"template":"","format":"standard","meta":{"_et_pb_use_builder":"on","_et_pb_old_content":"","_et_gb_content_width":"","footnotes":""},"categories":[64,91],"tags":[826,70],"class_list":["post-10111","post","type-post","status-publish","format-standard","has-post-thumbnail","hentry","category-fotoprosjekter","category-inspirasjon","tag-826","tag-medlemsprosjekt","et-has-post-format-content","et_post_format-et-post-format-standard"],"yoast_head":"<!-- This site is optimized with the Yoast SEO plugin v27.5 - https:\/\/yoast.com\/product\/yoast-seo-wordpress\/ -->\n<title>Medlemsprosjekt: Nina C. Krogh &quot;St. Svithuns plass 2012\u20132019&quot; (2021) - NSFF Magasin | Norsk Selskap for Fotografi<\/title>\n<meta name=\"description\" content=\"Nina C. Kroghs prosjekt fra 2021: &quot;St. Svithuns plass 2012\u20132019&quot;\" \/>\n<meta name=\"robots\" content=\"index, follow, max-snippet:-1, max-image-preview:large, max-video-preview:-1\" \/>\n<link rel=\"canonical\" href=\"https:\/\/nsff.no\/magasinet\/2021\/11\/03\/medlemsprosjekt-nina-c-krogh-st-svithuns-plass-2012-2019-2021\/\" \/>\n<meta property=\"og:locale\" content=\"nb_NO\" \/>\n<meta property=\"og:type\" content=\"article\" \/>\n<meta property=\"og:title\" content=\"Medlemsprosjekt: Nina C. Krogh &quot;St. Svithuns plass 2012\u20132019&quot; (2021) - NSFF Magasin | Norsk Selskap for Fotografi\" \/>\n<meta property=\"og:description\" content=\"Nina C. Kroghs prosjekt fra 2021: &quot;St. Svithuns plass 2012\u20132019&quot;\" \/>\n<meta property=\"og:url\" content=\"https:\/\/nsff.no\/magasinet\/2021\/11\/03\/medlemsprosjekt-nina-c-krogh-st-svithuns-plass-2012-2019-2021\/\" \/>\n<meta property=\"og:site_name\" content=\"NSFF Magasin | Norsk Selskap for Fotografi\" \/>\n<meta property=\"article:published_time\" content=\"2021-11-03T10:23:42+00:00\" \/>\n<meta property=\"article:modified_time\" content=\"2022-02-25T10:35:28+00:00\" \/>\n<meta property=\"og:image\" content=\"https:\/\/nsff.no\/magasinet\/wp-content\/uploads\/sites\/2\/2022\/02\/2013_04_07-St-Sv-plass-For-anleggstart.jpg\" \/>\n\t<meta property=\"og:image:width\" content=\"1920\" \/>\n\t<meta property=\"og:image:height\" content=\"1280\" \/>\n\t<meta property=\"og:image:type\" content=\"image\/jpeg\" \/>\n<meta name=\"author\" content=\"Birgit Fostervold\" \/>\n<meta name=\"twitter:card\" content=\"summary_large_image\" \/>\n<meta name=\"twitter:label1\" content=\"Skrevet av\" \/>\n\t<meta name=\"twitter:data1\" content=\"Birgit Fostervold\" \/>\n\t<meta name=\"twitter:label2\" content=\"Ansl. lesetid\" \/>\n\t<meta name=\"twitter:data2\" content=\"6 minutter\" \/>\n<script type=\"application\/ld+json\" class=\"yoast-schema-graph\">{\"@context\":\"https:\\\/\\\/schema.org\",\"@graph\":[{\"@type\":\"Article\",\"@id\":\"https:\\\/\\\/nsff.no\\\/magasinet\\\/2021\\\/11\\\/03\\\/medlemsprosjekt-nina-c-krogh-st-svithuns-plass-2012-2019-2021\\\/#article\",\"isPartOf\":{\"@id\":\"https:\\\/\\\/nsff.no\\\/magasinet\\\/2021\\\/11\\\/03\\\/medlemsprosjekt-nina-c-krogh-st-svithuns-plass-2012-2019-2021\\\/\"},\"author\":{\"name\":\"Birgit Fostervold\",\"@id\":\"https:\\\/\\\/nsff.no\\\/magasinet\\\/#\\\/schema\\\/person\\\/da041f968afa9bee0293372491a98303\"},\"headline\":\"Medlemsprosjekt: Nina C. Krogh &laquo;St. Svithuns plass 2012\u20132019&raquo; (2021)\",\"datePublished\":\"2021-11-03T10:23:42+00:00\",\"dateModified\":\"2022-02-25T10:35:28+00:00\",\"mainEntityOfPage\":{\"@id\":\"https:\\\/\\\/nsff.no\\\/magasinet\\\/2021\\\/11\\\/03\\\/medlemsprosjekt-nina-c-krogh-st-svithuns-plass-2012-2019-2021\\\/\"},\"wordCount\":1154,\"commentCount\":0,\"publisher\":{\"@id\":\"https:\\\/\\\/nsff.no\\\/magasinet\\\/#organization\"},\"image\":{\"@id\":\"https:\\\/\\\/nsff.no\\\/magasinet\\\/2021\\\/11\\\/03\\\/medlemsprosjekt-nina-c-krogh-st-svithuns-plass-2012-2019-2021\\\/#primaryimage\"},\"thumbnailUrl\":\"https:\\\/\\\/nsff.no\\\/magasinet\\\/wp-content\\\/uploads\\\/sites\\\/2\\\/2022\\\/02\\\/2013_04_07-St-Sv-plass-For-anleggstart.jpg\",\"keywords\":[\"2021\",\"medlemsprosjekt\"],\"articleSection\":[\"Fotoprosjekter\",\"Inspirasjon\"],\"inLanguage\":\"nb-NO\",\"potentialAction\":[{\"@type\":\"CommentAction\",\"name\":\"Comment\",\"target\":[\"https:\\\/\\\/nsff.no\\\/magasinet\\\/2021\\\/11\\\/03\\\/medlemsprosjekt-nina-c-krogh-st-svithuns-plass-2012-2019-2021\\\/#respond\"]}]},{\"@type\":\"WebPage\",\"@id\":\"https:\\\/\\\/nsff.no\\\/magasinet\\\/2021\\\/11\\\/03\\\/medlemsprosjekt-nina-c-krogh-st-svithuns-plass-2012-2019-2021\\\/\",\"url\":\"https:\\\/\\\/nsff.no\\\/magasinet\\\/2021\\\/11\\\/03\\\/medlemsprosjekt-nina-c-krogh-st-svithuns-plass-2012-2019-2021\\\/\",\"name\":\"Medlemsprosjekt: Nina C. Krogh \\\"St. Svithuns plass 2012\u20132019\\\" (2021) - NSFF Magasin | Norsk Selskap for Fotografi\",\"isPartOf\":{\"@id\":\"https:\\\/\\\/nsff.no\\\/magasinet\\\/#website\"},\"primaryImageOfPage\":{\"@id\":\"https:\\\/\\\/nsff.no\\\/magasinet\\\/2021\\\/11\\\/03\\\/medlemsprosjekt-nina-c-krogh-st-svithuns-plass-2012-2019-2021\\\/#primaryimage\"},\"image\":{\"@id\":\"https:\\\/\\\/nsff.no\\\/magasinet\\\/2021\\\/11\\\/03\\\/medlemsprosjekt-nina-c-krogh-st-svithuns-plass-2012-2019-2021\\\/#primaryimage\"},\"thumbnailUrl\":\"https:\\\/\\\/nsff.no\\\/magasinet\\\/wp-content\\\/uploads\\\/sites\\\/2\\\/2022\\\/02\\\/2013_04_07-St-Sv-plass-For-anleggstart.jpg\",\"datePublished\":\"2021-11-03T10:23:42+00:00\",\"dateModified\":\"2022-02-25T10:35:28+00:00\",\"description\":\"Nina C. Kroghs prosjekt fra 2021: \\\"St. Svithuns plass 2012\u20132019\\\"\",\"breadcrumb\":{\"@id\":\"https:\\\/\\\/nsff.no\\\/magasinet\\\/2021\\\/11\\\/03\\\/medlemsprosjekt-nina-c-krogh-st-svithuns-plass-2012-2019-2021\\\/#breadcrumb\"},\"inLanguage\":\"nb-NO\",\"potentialAction\":[{\"@type\":\"ReadAction\",\"target\":[\"https:\\\/\\\/nsff.no\\\/magasinet\\\/2021\\\/11\\\/03\\\/medlemsprosjekt-nina-c-krogh-st-svithuns-plass-2012-2019-2021\\\/\"]}]},{\"@type\":\"ImageObject\",\"inLanguage\":\"nb-NO\",\"@id\":\"https:\\\/\\\/nsff.no\\\/magasinet\\\/2021\\\/11\\\/03\\\/medlemsprosjekt-nina-c-krogh-st-svithuns-plass-2012-2019-2021\\\/#primaryimage\",\"url\":\"https:\\\/\\\/nsff.no\\\/magasinet\\\/wp-content\\\/uploads\\\/sites\\\/2\\\/2022\\\/02\\\/2013_04_07-St-Sv-plass-For-anleggstart.jpg\",\"contentUrl\":\"https:\\\/\\\/nsff.no\\\/magasinet\\\/wp-content\\\/uploads\\\/sites\\\/2\\\/2022\\\/02\\\/2013_04_07-St-Sv-plass-For-anleggstart.jpg\",\"width\":1920,\"height\":1280,\"caption\":\"St Svithuns plass: F\u00f8r anleggstart\"},{\"@type\":\"BreadcrumbList\",\"@id\":\"https:\\\/\\\/nsff.no\\\/magasinet\\\/2021\\\/11\\\/03\\\/medlemsprosjekt-nina-c-krogh-st-svithuns-plass-2012-2019-2021\\\/#breadcrumb\",\"itemListElement\":[{\"@type\":\"ListItem\",\"position\":1,\"name\":\"Hjem\",\"item\":\"https:\\\/\\\/nsff.no\\\/magasinet\\\/\"},{\"@type\":\"ListItem\",\"position\":2,\"name\":\"Medlemsprosjekt: Nina C. Krogh &laquo;St. Svithuns plass 2012\u20132019&raquo; (2021)\"}]},{\"@type\":\"WebSite\",\"@id\":\"https:\\\/\\\/nsff.no\\\/magasinet\\\/#website\",\"url\":\"https:\\\/\\\/nsff.no\\\/magasinet\\\/\",\"name\":\"NSFF Magasin | Norsk Selskap for Fotografi\",\"description\":\"Medlemsmagasin for film- og fotoentusiaster\",\"publisher\":{\"@id\":\"https:\\\/\\\/nsff.no\\\/magasinet\\\/#organization\"},\"potentialAction\":[{\"@type\":\"SearchAction\",\"target\":{\"@type\":\"EntryPoint\",\"urlTemplate\":\"https:\\\/\\\/nsff.no\\\/magasinet\\\/?s={search_term_string}\"},\"query-input\":{\"@type\":\"PropertyValueSpecification\",\"valueRequired\":true,\"valueName\":\"search_term_string\"}}],\"inLanguage\":\"nb-NO\"},{\"@type\":\"Organization\",\"@id\":\"https:\\\/\\\/nsff.no\\\/magasinet\\\/#organization\",\"name\":\"Norsk Selskap for Fotografo\",\"url\":\"https:\\\/\\\/nsff.no\\\/magasinet\\\/\",\"logo\":{\"@type\":\"ImageObject\",\"inLanguage\":\"nb-NO\",\"@id\":\"https:\\\/\\\/nsff.no\\\/magasinet\\\/#\\\/schema\\\/logo\\\/image\\\/\",\"url\":\"https:\\\/\\\/nsff.no\\\/magasinet\\\/wp-content\\\/uploads\\\/sites\\\/2\\\/2016\\\/05\\\/NSFF-fb-lenkebilde.png\",\"contentUrl\":\"https:\\\/\\\/nsff.no\\\/magasinet\\\/wp-content\\\/uploads\\\/sites\\\/2\\\/2016\\\/05\\\/NSFF-fb-lenkebilde.png\",\"width\":1,\"height\":1,\"caption\":\"Norsk Selskap for Fotografo\"},\"image\":{\"@id\":\"https:\\\/\\\/nsff.no\\\/magasinet\\\/#\\\/schema\\\/logo\\\/image\\\/\"}},{\"@type\":\"Person\",\"@id\":\"https:\\\/\\\/nsff.no\\\/magasinet\\\/#\\\/schema\\\/person\\\/da041f968afa9bee0293372491a98303\",\"name\":\"Birgit Fostervold\",\"image\":{\"@type\":\"ImageObject\",\"inLanguage\":\"nb-NO\",\"@id\":\"https:\\\/\\\/secure.gravatar.com\\\/avatar\\\/d8b31664a01c80eecbf53f36dc41fa676bbfe7c78cb2391937a62f88da897950?s=96&d=mm&r=g\",\"url\":\"https:\\\/\\\/secure.gravatar.com\\\/avatar\\\/d8b31664a01c80eecbf53f36dc41fa676bbfe7c78cb2391937a62f88da897950?s=96&d=mm&r=g\",\"contentUrl\":\"https:\\\/\\\/secure.gravatar.com\\\/avatar\\\/d8b31664a01c80eecbf53f36dc41fa676bbfe7c78cb2391937a62f88da897950?s=96&d=mm&r=g\",\"caption\":\"Birgit Fostervold\"},\"description\":\"EsNSFF, HonENFFF, medlem i Homborsund fotoklubb og Arendal fotoklubb. Styremedlem NSFF, Nordisk Forbund for Fotografi og Norsk Naturfotofestival. Tidl. nestleder og konst.leder NSFF (2017\u201322), tidl. redakt\u00f8r for NSFF Magasin (2016\u201322).\",\"sameAs\":[\"https:\\\/\\\/lensbirdie.no\",\"https:\\\/\\\/instagram.com\\\/knipselyst\\\/\"],\"url\":\"https:\\\/\\\/nsff.no\\\/magasinet\\\/author\\\/birgitf\\\/\"}]}<\/script>\n<!-- \/ Yoast SEO plugin. -->","yoast_head_json":{"title":"Medlemsprosjekt: Nina C. Krogh \"St. Svithuns plass 2012\u20132019\" (2021) - NSFF Magasin | Norsk Selskap for Fotografi","description":"Nina C. Kroghs prosjekt fra 2021: \"St. Svithuns plass 2012\u20132019\"","robots":{"index":"index","follow":"follow","max-snippet":"max-snippet:-1","max-image-preview":"max-image-preview:large","max-video-preview":"max-video-preview:-1"},"canonical":"https:\/\/nsff.no\/magasinet\/2021\/11\/03\/medlemsprosjekt-nina-c-krogh-st-svithuns-plass-2012-2019-2021\/","og_locale":"nb_NO","og_type":"article","og_title":"Medlemsprosjekt: Nina C. Krogh \"St. Svithuns plass 2012\u20132019\" (2021) - NSFF Magasin | Norsk Selskap for Fotografi","og_description":"Nina C. Kroghs prosjekt fra 2021: \"St. Svithuns plass 2012\u20132019\"","og_url":"https:\/\/nsff.no\/magasinet\/2021\/11\/03\/medlemsprosjekt-nina-c-krogh-st-svithuns-plass-2012-2019-2021\/","og_site_name":"NSFF Magasin | Norsk Selskap for Fotografi","article_published_time":"2021-11-03T10:23:42+00:00","article_modified_time":"2022-02-25T10:35:28+00:00","og_image":[{"width":1920,"height":1280,"url":"https:\/\/nsff.no\/magasinet\/wp-content\/uploads\/sites\/2\/2022\/02\/2013_04_07-St-Sv-plass-For-anleggstart.jpg","type":"image\/jpeg"}],"author":"Birgit Fostervold","twitter_card":"summary_large_image","twitter_misc":{"Skrevet av":"Birgit Fostervold","Ansl. lesetid":"6 minutter"},"schema":{"@context":"https:\/\/schema.org","@graph":[{"@type":"Article","@id":"https:\/\/nsff.no\/magasinet\/2021\/11\/03\/medlemsprosjekt-nina-c-krogh-st-svithuns-plass-2012-2019-2021\/#article","isPartOf":{"@id":"https:\/\/nsff.no\/magasinet\/2021\/11\/03\/medlemsprosjekt-nina-c-krogh-st-svithuns-plass-2012-2019-2021\/"},"author":{"name":"Birgit Fostervold","@id":"https:\/\/nsff.no\/magasinet\/#\/schema\/person\/da041f968afa9bee0293372491a98303"},"headline":"Medlemsprosjekt: Nina C. Krogh &laquo;St. Svithuns plass 2012\u20132019&raquo; (2021)","datePublished":"2021-11-03T10:23:42+00:00","dateModified":"2022-02-25T10:35:28+00:00","mainEntityOfPage":{"@id":"https:\/\/nsff.no\/magasinet\/2021\/11\/03\/medlemsprosjekt-nina-c-krogh-st-svithuns-plass-2012-2019-2021\/"},"wordCount":1154,"commentCount":0,"publisher":{"@id":"https:\/\/nsff.no\/magasinet\/#organization"},"image":{"@id":"https:\/\/nsff.no\/magasinet\/2021\/11\/03\/medlemsprosjekt-nina-c-krogh-st-svithuns-plass-2012-2019-2021\/#primaryimage"},"thumbnailUrl":"https:\/\/nsff.no\/magasinet\/wp-content\/uploads\/sites\/2\/2022\/02\/2013_04_07-St-Sv-plass-For-anleggstart.jpg","keywords":["2021","medlemsprosjekt"],"articleSection":["Fotoprosjekter","Inspirasjon"],"inLanguage":"nb-NO","potentialAction":[{"@type":"CommentAction","name":"Comment","target":["https:\/\/nsff.no\/magasinet\/2021\/11\/03\/medlemsprosjekt-nina-c-krogh-st-svithuns-plass-2012-2019-2021\/#respond"]}]},{"@type":"WebPage","@id":"https:\/\/nsff.no\/magasinet\/2021\/11\/03\/medlemsprosjekt-nina-c-krogh-st-svithuns-plass-2012-2019-2021\/","url":"https:\/\/nsff.no\/magasinet\/2021\/11\/03\/medlemsprosjekt-nina-c-krogh-st-svithuns-plass-2012-2019-2021\/","name":"Medlemsprosjekt: Nina C. Krogh \"St. Svithuns plass 2012\u20132019\" (2021) - NSFF Magasin | Norsk Selskap for Fotografi","isPartOf":{"@id":"https:\/\/nsff.no\/magasinet\/#website"},"primaryImageOfPage":{"@id":"https:\/\/nsff.no\/magasinet\/2021\/11\/03\/medlemsprosjekt-nina-c-krogh-st-svithuns-plass-2012-2019-2021\/#primaryimage"},"image":{"@id":"https:\/\/nsff.no\/magasinet\/2021\/11\/03\/medlemsprosjekt-nina-c-krogh-st-svithuns-plass-2012-2019-2021\/#primaryimage"},"thumbnailUrl":"https:\/\/nsff.no\/magasinet\/wp-content\/uploads\/sites\/2\/2022\/02\/2013_04_07-St-Sv-plass-For-anleggstart.jpg","datePublished":"2021-11-03T10:23:42+00:00","dateModified":"2022-02-25T10:35:28+00:00","description":"Nina C. Kroghs prosjekt fra 2021: \"St. Svithuns plass 2012\u20132019\"","breadcrumb":{"@id":"https:\/\/nsff.no\/magasinet\/2021\/11\/03\/medlemsprosjekt-nina-c-krogh-st-svithuns-plass-2012-2019-2021\/#breadcrumb"},"inLanguage":"nb-NO","potentialAction":[{"@type":"ReadAction","target":["https:\/\/nsff.no\/magasinet\/2021\/11\/03\/medlemsprosjekt-nina-c-krogh-st-svithuns-plass-2012-2019-2021\/"]}]},{"@type":"ImageObject","inLanguage":"nb-NO","@id":"https:\/\/nsff.no\/magasinet\/2021\/11\/03\/medlemsprosjekt-nina-c-krogh-st-svithuns-plass-2012-2019-2021\/#primaryimage","url":"https:\/\/nsff.no\/magasinet\/wp-content\/uploads\/sites\/2\/2022\/02\/2013_04_07-St-Sv-plass-For-anleggstart.jpg","contentUrl":"https:\/\/nsff.no\/magasinet\/wp-content\/uploads\/sites\/2\/2022\/02\/2013_04_07-St-Sv-plass-For-anleggstart.jpg","width":1920,"height":1280,"caption":"St Svithuns plass: F\u00f8r anleggstart"},{"@type":"BreadcrumbList","@id":"https:\/\/nsff.no\/magasinet\/2021\/11\/03\/medlemsprosjekt-nina-c-krogh-st-svithuns-plass-2012-2019-2021\/#breadcrumb","itemListElement":[{"@type":"ListItem","position":1,"name":"Hjem","item":"https:\/\/nsff.no\/magasinet\/"},{"@type":"ListItem","position":2,"name":"Medlemsprosjekt: Nina C. Krogh &laquo;St. Svithuns plass 2012\u20132019&raquo; (2021)"}]},{"@type":"WebSite","@id":"https:\/\/nsff.no\/magasinet\/#website","url":"https:\/\/nsff.no\/magasinet\/","name":"NSFF Magasin | Norsk Selskap for Fotografi","description":"Medlemsmagasin for film- og fotoentusiaster","publisher":{"@id":"https:\/\/nsff.no\/magasinet\/#organization"},"potentialAction":[{"@type":"SearchAction","target":{"@type":"EntryPoint","urlTemplate":"https:\/\/nsff.no\/magasinet\/?s={search_term_string}"},"query-input":{"@type":"PropertyValueSpecification","valueRequired":true,"valueName":"search_term_string"}}],"inLanguage":"nb-NO"},{"@type":"Organization","@id":"https:\/\/nsff.no\/magasinet\/#organization","name":"Norsk Selskap for Fotografo","url":"https:\/\/nsff.no\/magasinet\/","logo":{"@type":"ImageObject","inLanguage":"nb-NO","@id":"https:\/\/nsff.no\/magasinet\/#\/schema\/logo\/image\/","url":"https:\/\/nsff.no\/magasinet\/wp-content\/uploads\/sites\/2\/2016\/05\/NSFF-fb-lenkebilde.png","contentUrl":"https:\/\/nsff.no\/magasinet\/wp-content\/uploads\/sites\/2\/2016\/05\/NSFF-fb-lenkebilde.png","width":1,"height":1,"caption":"Norsk Selskap for Fotografo"},"image":{"@id":"https:\/\/nsff.no\/magasinet\/#\/schema\/logo\/image\/"}},{"@type":"Person","@id":"https:\/\/nsff.no\/magasinet\/#\/schema\/person\/da041f968afa9bee0293372491a98303","name":"Birgit Fostervold","image":{"@type":"ImageObject","inLanguage":"nb-NO","@id":"https:\/\/secure.gravatar.com\/avatar\/d8b31664a01c80eecbf53f36dc41fa676bbfe7c78cb2391937a62f88da897950?s=96&d=mm&r=g","url":"https:\/\/secure.gravatar.com\/avatar\/d8b31664a01c80eecbf53f36dc41fa676bbfe7c78cb2391937a62f88da897950?s=96&d=mm&r=g","contentUrl":"https:\/\/secure.gravatar.com\/avatar\/d8b31664a01c80eecbf53f36dc41fa676bbfe7c78cb2391937a62f88da897950?s=96&d=mm&r=g","caption":"Birgit Fostervold"},"description":"EsNSFF, HonENFFF, medlem i Homborsund fotoklubb og Arendal fotoklubb. Styremedlem NSFF, Nordisk Forbund for Fotografi og Norsk Naturfotofestival. Tidl. nestleder og konst.leder NSFF (2017\u201322), tidl. redakt\u00f8r for NSFF Magasin (2016\u201322).","sameAs":["https:\/\/lensbirdie.no","https:\/\/instagram.com\/knipselyst\/"],"url":"https:\/\/nsff.no\/magasinet\/author\/birgitf\/"}]}},"_links":{"self":[{"href":"https:\/\/nsff.no\/magasinet\/wp-json\/wp\/v2\/posts\/10111","targetHints":{"allow":["GET"]}}],"collection":[{"href":"https:\/\/nsff.no\/magasinet\/wp-json\/wp\/v2\/posts"}],"about":[{"href":"https:\/\/nsff.no\/magasinet\/wp-json\/wp\/v2\/types\/post"}],"author":[{"embeddable":true,"href":"https:\/\/nsff.no\/magasinet\/wp-json\/wp\/v2\/users\/7"}],"replies":[{"embeddable":true,"href":"https:\/\/nsff.no\/magasinet\/wp-json\/wp\/v2\/comments?post=10111"}],"version-history":[{"count":6,"href":"https:\/\/nsff.no\/magasinet\/wp-json\/wp\/v2\/posts\/10111\/revisions"}],"predecessor-version":[{"id":10130,"href":"https:\/\/nsff.no\/magasinet\/wp-json\/wp\/v2\/posts\/10111\/revisions\/10130"}],"wp:featuredmedia":[{"embeddable":true,"href":"https:\/\/nsff.no\/magasinet\/wp-json\/wp\/v2\/media\/10117"}],"wp:attachment":[{"href":"https:\/\/nsff.no\/magasinet\/wp-json\/wp\/v2\/media?parent=10111"}],"wp:term":[{"taxonomy":"category","embeddable":true,"href":"https:\/\/nsff.no\/magasinet\/wp-json\/wp\/v2\/categories?post=10111"},{"taxonomy":"post_tag","embeddable":true,"href":"https:\/\/nsff.no\/magasinet\/wp-json\/wp\/v2\/tags?post=10111"}],"curies":[{"name":"wp","href":"https:\/\/api.w.org\/{rel}","templated":true}]}}