{"id":10073,"date":"2021-11-25T10:24:16","date_gmt":"2021-11-25T09:24:16","guid":{"rendered":"https:\/\/nsff.no\/magasinet\/?p=10073"},"modified":"2022-02-25T11:12:04","modified_gmt":"2022-02-25T10:12:04","slug":"medlemsprosjekt-willie-jarl-nilsen-dyrene-fra-afrika-2021","status":"publish","type":"post","link":"https:\/\/nsff.no\/magasinet\/2021\/11\/25\/medlemsprosjekt-willie-jarl-nilsen-dyrene-fra-afrika-2021\/","title":{"rendered":"Medlemsprosjekt: Willie Jarl Nilsen &laquo;Dyrene fra Afrika&raquo; (2021)"},"content":{"rendered":"<p>[et_pb_section fb_built=&raquo;1&#8243; _builder_version=&raquo;3.22&#8243; global_colors_info=&raquo;{}&raquo;][et_pb_row _builder_version=&raquo;3.25&#8243; background_size=&raquo;initial&raquo; background_position=&raquo;top_left&raquo; background_repeat=&raquo;repeat&raquo; global_colors_info=&raquo;{}&raquo;][et_pb_column type=&raquo;4_4&#8243; _builder_version=&raquo;3.0.47&#8243; custom_padding=&raquo;|||&raquo; global_colors_info=&raquo;{}&raquo; custom_padding__hover=&raquo;|||&raquo;][et_pb_text _builder_version=&raquo;4.14.8&#8243; z_index_tablet=&raquo;500&#8243; text_text_shadow_horizontal_length_tablet=&raquo;0px&raquo; text_text_shadow_vertical_length_tablet=&raquo;0px&raquo; text_text_shadow_blur_strength_tablet=&raquo;1px&raquo; link_text_shadow_horizontal_length_tablet=&raquo;0px&raquo; link_text_shadow_vertical_length_tablet=&raquo;0px&raquo; link_text_shadow_blur_strength_tablet=&raquo;1px&raquo; ul_text_shadow_horizontal_length_tablet=&raquo;0px&raquo; ul_text_shadow_vertical_length_tablet=&raquo;0px&raquo; ul_text_shadow_blur_strength_tablet=&raquo;1px&raquo; ol_text_shadow_horizontal_length_tablet=&raquo;0px&raquo; ol_text_shadow_vertical_length_tablet=&raquo;0px&raquo; ol_text_shadow_blur_strength_tablet=&raquo;1px&raquo; quote_text_shadow_horizontal_length_tablet=&raquo;0px&raquo; quote_text_shadow_vertical_length_tablet=&raquo;0px&raquo; quote_text_shadow_blur_strength_tablet=&raquo;1px&raquo; header_text_shadow_horizontal_length_tablet=&raquo;0px&raquo; header_text_shadow_vertical_length_tablet=&raquo;0px&raquo; header_text_shadow_blur_strength_tablet=&raquo;1px&raquo; header_2_text_shadow_horizontal_length_tablet=&raquo;0px&raquo; header_2_text_shadow_vertical_length_tablet=&raquo;0px&raquo; header_2_text_shadow_blur_strength_tablet=&raquo;1px&raquo; header_3_text_shadow_horizontal_length_tablet=&raquo;0px&raquo; header_3_text_shadow_vertical_length_tablet=&raquo;0px&raquo; header_3_text_shadow_blur_strength_tablet=&raquo;1px&raquo; header_4_text_shadow_horizontal_length_tablet=&raquo;0px&raquo; header_4_text_shadow_vertical_length_tablet=&raquo;0px&raquo; header_4_text_shadow_blur_strength_tablet=&raquo;1px&raquo; header_5_text_shadow_horizontal_length_tablet=&raquo;0px&raquo; header_5_text_shadow_vertical_length_tablet=&raquo;0px&raquo; header_5_text_shadow_blur_strength_tablet=&raquo;1px&raquo; header_6_text_shadow_horizontal_length_tablet=&raquo;0px&raquo; header_6_text_shadow_vertical_length_tablet=&raquo;0px&raquo; header_6_text_shadow_blur_strength_tablet=&raquo;1px&raquo; box_shadow_horizontal_tablet=&raquo;0px&raquo; box_shadow_vertical_tablet=&raquo;0px&raquo; box_shadow_blur_tablet=&raquo;40px&raquo; box_shadow_spread_tablet=&raquo;0px&raquo; global_colors_info=&raquo;{}&raquo;]<\/p>\n<p><strong><a href=\"http:\/\/nsff.no\/bli-medlem\/medlems-og-klubbprosjekt\/\">NSFF oppfordrer til \u00e5 sende inn medlemsprosjekt og klubbprosjekt<\/a>. Til inspirasjon vil vi i NSFF Magasin publisere prosjektene, de vil ogs\u00e5 vises digitalt p\u00e5 ulike arrangement der NSFF er tilstede. Nedenfor sees Willie Jarl Nilsens prosjekt fra 2021:<\/strong><\/p>\n<h2>Dyrene i Afrika \u2013 et koronaprosjekt<\/h2>\n<p>Som barn l\u00e6rte jeg at jeg kunne leke ogs\u00e5 n\u00e5r jeg var alene og ikke kunne g\u00e5 ut. Selv om jeg n\u00e5 er i den andre enden av mitt liv, har dette v\u00e6rt en l\u00e6rdom jeg har tatt med meg videre.<\/p>\n<p>Fotografering er en aktivitet som gir meg mye glede. Jeg holder meg aktiv sosialt, fysisk og psykisk. Sosialt ved \u00e5 v\u00e6re aktiv i fotoklubben og sammen med andre fotovenner. Fysisk, da fotografering f\u00e5r meg til \u00e5 komme meg ut i skog og mark. Psykisk er jeg aktiv ved \u00e5 jobbe med fotografering og bildene, slik at jeg ogs\u00e5 m\u00e5 l\u00e6re meg ny kunnskap om fototeknikk, redigering og annet. Jeg bruker \u00e5 si at det forhindrer at jeg m\u00e5 henge p\u00e5 gatehj\u00f8rnet og bli ungdomskriminell. Jeg er n\u00e5 72 \u00e5r ung, s\u00e5 det er vel litt h\u00e5p for meg?<\/p>\n<p>Jeg fotograferer ut fra ren egoisme, men dersom jeg kan glede andre med mine bilder, s\u00e5 er det en bonus. At noen liker mine bilder gj\u00f8r meg selvsagt glad. Om noen ikke liker bildene, men kan gi meg konstruktiv kritikk, gir meg ogs\u00e5 glede. Da l\u00e6rer jeg jo noe. Om noen kritiserer bildene eller ikke liker dem p\u00e5 grunn av at de mener det er d\u00e5rlig fototeknikk eller d\u00e5rlig redigering, men ikke sier fra til meg, s\u00e5 gir vel dette ogs\u00e5 en vis glede. Kritikeren kan nemlig glede seg over \u00e5 v\u00e6re flinkere enn meg. Dermed blir det bonus til alle.<\/p>\n<p>Mitt prosjekt er et resultat av litt lek med gamle og nyere bilder.<br \/>For flere \u00e5r siden, var jeg p\u00e5 reise i Afrika. Alle dyrene er hentet fra bilder jeg tok den gangen. Dyrene er s\u00e5 \u00abomplassert\u00bb i mitt lokalmilj\u00f8. Noen synes dette er morsomt og andre synes det bare er t\u00f8v. Man f\u00e5r mene hva man vil. Jeg har i alle fall hatt litt moro med dette samt ogs\u00e5 l\u00e6rt meg litt nye redigeringsteknikker. Jeg anbefaler at andre ogs\u00e5 gir seg tid og lov til \u00e5 leke.Vi blir aldri for gamle til det!<br \/>Det f\u00f8rste bildet jeg laget p\u00e5 denne m\u00e5ten, var av et av mine barnebarn og som lekte i sn\u00f8en med en giraff. Han syntes i alle fall det var et morsomt bilde. Dessverre kan jeg ikke vise dere dette bildet.<\/p>\n<p>Kos dere til tross for koronarestriksjoner. V\u00e6r forsiktig og ta hensyn. Foto er moro!<\/p>\n<p><em>\u2013 Willie Jarl Nilsen, Harstad Fotoklubb<\/em><\/p>\n<p>[\/et_pb_text][\/et_pb_column][\/et_pb_row][et_pb_row make_equal=&raquo;on&raquo; _builder_version=&raquo;4.7.7&#8243; background_size=&raquo;initial&raquo; background_position=&raquo;top_left&raquo; background_repeat=&raquo;repeat&raquo; global_colors_info=&raquo;{}&raquo;][et_pb_column type=&raquo;4_4&#8243; _builder_version=&raquo;3.0.47&#8243; custom_padding=&raquo;|||&raquo; global_colors_info=&raquo;{}&raquo; custom_padding__hover=&raquo;|||&raquo;][et_pb_text _builder_version=&raquo;4.14.8&#8243; _module_preset=&raquo;default&raquo; hover_enabled=&raquo;0&#8243; sticky_enabled=&raquo;0&#8243; admin_label=&raquo;Tekst&raquo;]<\/p>\n<p>Klikk p\u00e5 f\u00f8rste bilde for \u00e5 bla gjennom hele galleriet:<\/p>\n<p>[\/et_pb_text][et_pb_gallery gallery_ids=&raquo;10078,10079,10080,10081,10082,10083,10084,10085,10086,10087&#8243; _builder_version=&raquo;4.14.8&#8243; _module_preset=&raquo;default&raquo; hover_enabled=&raquo;0&#8243; global_colors_info=&raquo;{}&raquo; fullwidth=&raquo;on&raquo; sticky_enabled=&raquo;0&#8243; admin_label=&raquo;Galleri&raquo;][\/et_pb_gallery][\/et_pb_column][\/et_pb_row][et_pb_row _builder_version=&raquo;3.19&#8243; global_module=&raquo;7898&#8243; global_colors_info=&raquo;{}&raquo;][et_pb_column type=&raquo;4_4&#8243; _builder_version=&raquo;3.25&#8243; custom_padding=&raquo;|||&raquo; global_colors_info=&raquo;{}&raquo; custom_padding__hover=&raquo;|||&raquo;][et_pb_text admin_label=&raquo;Medlemsprosjekttekst&raquo; _builder_version=&raquo;3.27.4&#8243; background_color=&raquo;rgba(12,113,195,0.19)&raquo; custom_padding=&raquo;20px|20px|20px|20px&raquo; custom_padding_tablet=&raquo;&raquo; custom_padding_phone=&raquo;10px|10px|10px|10px&raquo; custom_padding_last_edited=&raquo;on|phone&raquo; link_option_url=&raquo;http:\/\/nsff.no\/bli-medlem\/medlems-og-klubbprosjekt\/&raquo; border_radii=&raquo;on|4px|4px|4px|4px&raquo; global_colors_info=&raquo;{}&raquo;]<\/p>\n<p>Alle har sikkert h\u00f8rt mantraet, at et bilde sier mer enn tusen ord. Men hva da med en hel serie med bilder, som henger tematisk sammen? Det er vanligste er nok \u00e5 jakte p\u00e5 blinkskuddene, men blant de store fotografene er det vel s\u00e5 vanlig \u00e5 tenke i serie \u2013 de jobber i prosjekt!<\/p>\n<p>NSFF har siden 2014 invitert til innlevering av medlems- og klubbprosjekt. Det \u00e5 g\u00e5 ut over det \u00e5 kun jakte enkeltst\u00e5ende \u00abvinnerbilder\u00bb vil gj\u00f8re en til bedre fotograf \u2013 utvide evnen til \u00e5 se! Hele ideen med \u00e5 jobbe i prosjekt er \u00e5 fortelle en bredere og mer interessant historie med bildene.<\/p>\n<p><a href=\"http:\/\/nsff.no\/bli-medlem\/medlems-og-klubbprosjekt\/\">Les om medlemsprosjekt p\u00e5 nsff.no.<\/a><\/p>\n<p>[\/et_pb_text][\/et_pb_column][\/et_pb_row][\/et_pb_section]<\/p>\n","protected":false},"excerpt":{"rendered":"<p>Willie Jarl Nilsens prosjekt &laquo;Dyrene fra Afrika&raquo;, fra 2021.<\/p>\n","protected":false},"author":7,"featured_media":10081,"comment_status":"open","ping_status":"open","sticky":false,"template":"","format":"standard","meta":{"_et_pb_use_builder":"on","_et_pb_old_content":"","_et_gb_content_width":"","footnotes":""},"categories":[64,91],"tags":[826,70],"class_list":["post-10073","post","type-post","status-publish","format-standard","has-post-thumbnail","hentry","category-fotoprosjekter","category-inspirasjon","tag-826","tag-medlemsprosjekt","et-has-post-format-content","et_post_format-et-post-format-standard"],"yoast_head":"<!-- This site is optimized with the Yoast SEO plugin v27.5 - https:\/\/yoast.com\/product\/yoast-seo-wordpress\/ -->\n<title>Medlemsprosjekt: Willie Jarl Nilsen &quot;Dyrene fra Afrika&quot; (2021) - NSFF Magasin | Norsk Selskap for Fotografi<\/title>\n<meta name=\"description\" content=\"Willie Jarl Nilsens prosjekt &quot;Dyrene fra Afrika&quot;, fra 2021.\" \/>\n<meta name=\"robots\" content=\"index, follow, max-snippet:-1, max-image-preview:large, max-video-preview:-1\" \/>\n<link rel=\"canonical\" href=\"https:\/\/nsff.no\/magasinet\/2021\/11\/25\/medlemsprosjekt-willie-jarl-nilsen-dyrene-fra-afrika-2021\/\" \/>\n<meta property=\"og:locale\" content=\"nb_NO\" \/>\n<meta property=\"og:type\" content=\"article\" \/>\n<meta property=\"og:title\" content=\"Medlemsprosjekt: Willie Jarl Nilsen &quot;Dyrene fra Afrika&quot; (2021) - NSFF Magasin | Norsk Selskap for Fotografi\" \/>\n<meta property=\"og:description\" content=\"Willie Jarl Nilsens prosjekt &quot;Dyrene fra Afrika&quot;, fra 2021.\" \/>\n<meta property=\"og:url\" content=\"https:\/\/nsff.no\/magasinet\/2021\/11\/25\/medlemsprosjekt-willie-jarl-nilsen-dyrene-fra-afrika-2021\/\" \/>\n<meta property=\"og:site_name\" content=\"NSFF Magasin | Norsk Selskap for Fotografi\" \/>\n<meta property=\"article:published_time\" content=\"2021-11-25T09:24:16+00:00\" \/>\n<meta property=\"article:modified_time\" content=\"2022-02-25T10:12:04+00:00\" \/>\n<meta property=\"og:image\" content=\"https:\/\/nsff.no\/magasinet\/wp-content\/uploads\/sites\/2\/2022\/02\/Dyrene-fra-Afrika-4.jpg\" \/>\n\t<meta property=\"og:image:width\" content=\"1920\" \/>\n\t<meta property=\"og:image:height\" content=\"1099\" \/>\n\t<meta property=\"og:image:type\" content=\"image\/jpeg\" \/>\n<meta name=\"author\" content=\"Birgit Fostervold\" \/>\n<meta name=\"twitter:card\" content=\"summary_large_image\" \/>\n<meta name=\"twitter:label1\" content=\"Skrevet av\" \/>\n\t<meta name=\"twitter:data1\" content=\"Birgit Fostervold\" \/>\n\t<meta name=\"twitter:label2\" content=\"Ansl. lesetid\" \/>\n\t<meta name=\"twitter:data2\" content=\"5 minutter\" \/>\n<script type=\"application\/ld+json\" class=\"yoast-schema-graph\">{\"@context\":\"https:\\\/\\\/schema.org\",\"@graph\":[{\"@type\":\"Article\",\"@id\":\"https:\\\/\\\/nsff.no\\\/magasinet\\\/2021\\\/11\\\/25\\\/medlemsprosjekt-willie-jarl-nilsen-dyrene-fra-afrika-2021\\\/#article\",\"isPartOf\":{\"@id\":\"https:\\\/\\\/nsff.no\\\/magasinet\\\/2021\\\/11\\\/25\\\/medlemsprosjekt-willie-jarl-nilsen-dyrene-fra-afrika-2021\\\/\"},\"author\":{\"name\":\"Birgit Fostervold\",\"@id\":\"https:\\\/\\\/nsff.no\\\/magasinet\\\/#\\\/schema\\\/person\\\/da041f968afa9bee0293372491a98303\"},\"headline\":\"Medlemsprosjekt: Willie Jarl Nilsen &laquo;Dyrene fra Afrika&raquo; (2021)\",\"datePublished\":\"2021-11-25T09:24:16+00:00\",\"dateModified\":\"2022-02-25T10:12:04+00:00\",\"mainEntityOfPage\":{\"@id\":\"https:\\\/\\\/nsff.no\\\/magasinet\\\/2021\\\/11\\\/25\\\/medlemsprosjekt-willie-jarl-nilsen-dyrene-fra-afrika-2021\\\/\"},\"wordCount\":1055,\"commentCount\":1,\"publisher\":{\"@id\":\"https:\\\/\\\/nsff.no\\\/magasinet\\\/#organization\"},\"image\":{\"@id\":\"https:\\\/\\\/nsff.no\\\/magasinet\\\/2021\\\/11\\\/25\\\/medlemsprosjekt-willie-jarl-nilsen-dyrene-fra-afrika-2021\\\/#primaryimage\"},\"thumbnailUrl\":\"https:\\\/\\\/nsff.no\\\/magasinet\\\/wp-content\\\/uploads\\\/sites\\\/2\\\/2022\\\/02\\\/Dyrene-fra-Afrika-4.jpg\",\"keywords\":[\"2021\",\"medlemsprosjekt\"],\"articleSection\":[\"Fotoprosjekter\",\"Inspirasjon\"],\"inLanguage\":\"nb-NO\",\"potentialAction\":[{\"@type\":\"CommentAction\",\"name\":\"Comment\",\"target\":[\"https:\\\/\\\/nsff.no\\\/magasinet\\\/2021\\\/11\\\/25\\\/medlemsprosjekt-willie-jarl-nilsen-dyrene-fra-afrika-2021\\\/#respond\"]}]},{\"@type\":\"WebPage\",\"@id\":\"https:\\\/\\\/nsff.no\\\/magasinet\\\/2021\\\/11\\\/25\\\/medlemsprosjekt-willie-jarl-nilsen-dyrene-fra-afrika-2021\\\/\",\"url\":\"https:\\\/\\\/nsff.no\\\/magasinet\\\/2021\\\/11\\\/25\\\/medlemsprosjekt-willie-jarl-nilsen-dyrene-fra-afrika-2021\\\/\",\"name\":\"Medlemsprosjekt: Willie Jarl Nilsen \\\"Dyrene fra Afrika\\\" (2021) - NSFF Magasin | Norsk Selskap for Fotografi\",\"isPartOf\":{\"@id\":\"https:\\\/\\\/nsff.no\\\/magasinet\\\/#website\"},\"primaryImageOfPage\":{\"@id\":\"https:\\\/\\\/nsff.no\\\/magasinet\\\/2021\\\/11\\\/25\\\/medlemsprosjekt-willie-jarl-nilsen-dyrene-fra-afrika-2021\\\/#primaryimage\"},\"image\":{\"@id\":\"https:\\\/\\\/nsff.no\\\/magasinet\\\/2021\\\/11\\\/25\\\/medlemsprosjekt-willie-jarl-nilsen-dyrene-fra-afrika-2021\\\/#primaryimage\"},\"thumbnailUrl\":\"https:\\\/\\\/nsff.no\\\/magasinet\\\/wp-content\\\/uploads\\\/sites\\\/2\\\/2022\\\/02\\\/Dyrene-fra-Afrika-4.jpg\",\"datePublished\":\"2021-11-25T09:24:16+00:00\",\"dateModified\":\"2022-02-25T10:12:04+00:00\",\"description\":\"Willie Jarl Nilsens prosjekt \\\"Dyrene fra Afrika\\\", fra 2021.\",\"breadcrumb\":{\"@id\":\"https:\\\/\\\/nsff.no\\\/magasinet\\\/2021\\\/11\\\/25\\\/medlemsprosjekt-willie-jarl-nilsen-dyrene-fra-afrika-2021\\\/#breadcrumb\"},\"inLanguage\":\"nb-NO\",\"potentialAction\":[{\"@type\":\"ReadAction\",\"target\":[\"https:\\\/\\\/nsff.no\\\/magasinet\\\/2021\\\/11\\\/25\\\/medlemsprosjekt-willie-jarl-nilsen-dyrene-fra-afrika-2021\\\/\"]}]},{\"@type\":\"ImageObject\",\"inLanguage\":\"nb-NO\",\"@id\":\"https:\\\/\\\/nsff.no\\\/magasinet\\\/2021\\\/11\\\/25\\\/medlemsprosjekt-willie-jarl-nilsen-dyrene-fra-afrika-2021\\\/#primaryimage\",\"url\":\"https:\\\/\\\/nsff.no\\\/magasinet\\\/wp-content\\\/uploads\\\/sites\\\/2\\\/2022\\\/02\\\/Dyrene-fra-Afrika-4.jpg\",\"contentUrl\":\"https:\\\/\\\/nsff.no\\\/magasinet\\\/wp-content\\\/uploads\\\/sites\\\/2\\\/2022\\\/02\\\/Dyrene-fra-Afrika-4.jpg\",\"width\":1920,\"height\":1099,\"caption\":\"Dyrene fra Afrika (Willie Jarl Nilsen)\"},{\"@type\":\"BreadcrumbList\",\"@id\":\"https:\\\/\\\/nsff.no\\\/magasinet\\\/2021\\\/11\\\/25\\\/medlemsprosjekt-willie-jarl-nilsen-dyrene-fra-afrika-2021\\\/#breadcrumb\",\"itemListElement\":[{\"@type\":\"ListItem\",\"position\":1,\"name\":\"Hjem\",\"item\":\"https:\\\/\\\/nsff.no\\\/magasinet\\\/\"},{\"@type\":\"ListItem\",\"position\":2,\"name\":\"Medlemsprosjekt: Willie Jarl Nilsen &laquo;Dyrene fra Afrika&raquo; (2021)\"}]},{\"@type\":\"WebSite\",\"@id\":\"https:\\\/\\\/nsff.no\\\/magasinet\\\/#website\",\"url\":\"https:\\\/\\\/nsff.no\\\/magasinet\\\/\",\"name\":\"NSFF Magasin | Norsk Selskap for Fotografi\",\"description\":\"Medlemsmagasin for film- og fotoentusiaster\",\"publisher\":{\"@id\":\"https:\\\/\\\/nsff.no\\\/magasinet\\\/#organization\"},\"potentialAction\":[{\"@type\":\"SearchAction\",\"target\":{\"@type\":\"EntryPoint\",\"urlTemplate\":\"https:\\\/\\\/nsff.no\\\/magasinet\\\/?s={search_term_string}\"},\"query-input\":{\"@type\":\"PropertyValueSpecification\",\"valueRequired\":true,\"valueName\":\"search_term_string\"}}],\"inLanguage\":\"nb-NO\"},{\"@type\":\"Organization\",\"@id\":\"https:\\\/\\\/nsff.no\\\/magasinet\\\/#organization\",\"name\":\"Norsk Selskap for Fotografo\",\"url\":\"https:\\\/\\\/nsff.no\\\/magasinet\\\/\",\"logo\":{\"@type\":\"ImageObject\",\"inLanguage\":\"nb-NO\",\"@id\":\"https:\\\/\\\/nsff.no\\\/magasinet\\\/#\\\/schema\\\/logo\\\/image\\\/\",\"url\":\"https:\\\/\\\/nsff.no\\\/magasinet\\\/wp-content\\\/uploads\\\/sites\\\/2\\\/2016\\\/05\\\/NSFF-fb-lenkebilde.png\",\"contentUrl\":\"https:\\\/\\\/nsff.no\\\/magasinet\\\/wp-content\\\/uploads\\\/sites\\\/2\\\/2016\\\/05\\\/NSFF-fb-lenkebilde.png\",\"width\":1,\"height\":1,\"caption\":\"Norsk Selskap for Fotografo\"},\"image\":{\"@id\":\"https:\\\/\\\/nsff.no\\\/magasinet\\\/#\\\/schema\\\/logo\\\/image\\\/\"}},{\"@type\":\"Person\",\"@id\":\"https:\\\/\\\/nsff.no\\\/magasinet\\\/#\\\/schema\\\/person\\\/da041f968afa9bee0293372491a98303\",\"name\":\"Birgit Fostervold\",\"image\":{\"@type\":\"ImageObject\",\"inLanguage\":\"nb-NO\",\"@id\":\"https:\\\/\\\/secure.gravatar.com\\\/avatar\\\/d8b31664a01c80eecbf53f36dc41fa676bbfe7c78cb2391937a62f88da897950?s=96&d=mm&r=g\",\"url\":\"https:\\\/\\\/secure.gravatar.com\\\/avatar\\\/d8b31664a01c80eecbf53f36dc41fa676bbfe7c78cb2391937a62f88da897950?s=96&d=mm&r=g\",\"contentUrl\":\"https:\\\/\\\/secure.gravatar.com\\\/avatar\\\/d8b31664a01c80eecbf53f36dc41fa676bbfe7c78cb2391937a62f88da897950?s=96&d=mm&r=g\",\"caption\":\"Birgit Fostervold\"},\"description\":\"EsNSFF, HonENFFF, medlem i Homborsund fotoklubb og Arendal fotoklubb. Styremedlem NSFF, Nordisk Forbund for Fotografi og Norsk Naturfotofestival. Tidl. nestleder og konst.leder NSFF (2017\u201322), tidl. redakt\u00f8r for NSFF Magasin (2016\u201322).\",\"sameAs\":[\"https:\\\/\\\/lensbirdie.no\",\"https:\\\/\\\/instagram.com\\\/knipselyst\\\/\"],\"url\":\"https:\\\/\\\/nsff.no\\\/magasinet\\\/author\\\/birgitf\\\/\"}]}<\/script>\n<!-- \/ Yoast SEO plugin. -->","yoast_head_json":{"title":"Medlemsprosjekt: Willie Jarl Nilsen \"Dyrene fra Afrika\" (2021) - NSFF Magasin | Norsk Selskap for Fotografi","description":"Willie Jarl Nilsens prosjekt \"Dyrene fra Afrika\", fra 2021.","robots":{"index":"index","follow":"follow","max-snippet":"max-snippet:-1","max-image-preview":"max-image-preview:large","max-video-preview":"max-video-preview:-1"},"canonical":"https:\/\/nsff.no\/magasinet\/2021\/11\/25\/medlemsprosjekt-willie-jarl-nilsen-dyrene-fra-afrika-2021\/","og_locale":"nb_NO","og_type":"article","og_title":"Medlemsprosjekt: Willie Jarl Nilsen \"Dyrene fra Afrika\" (2021) - NSFF Magasin | Norsk Selskap for Fotografi","og_description":"Willie Jarl Nilsens prosjekt \"Dyrene fra Afrika\", fra 2021.","og_url":"https:\/\/nsff.no\/magasinet\/2021\/11\/25\/medlemsprosjekt-willie-jarl-nilsen-dyrene-fra-afrika-2021\/","og_site_name":"NSFF Magasin | Norsk Selskap for Fotografi","article_published_time":"2021-11-25T09:24:16+00:00","article_modified_time":"2022-02-25T10:12:04+00:00","og_image":[{"width":1920,"height":1099,"url":"https:\/\/nsff.no\/magasinet\/wp-content\/uploads\/sites\/2\/2022\/02\/Dyrene-fra-Afrika-4.jpg","type":"image\/jpeg"}],"author":"Birgit Fostervold","twitter_card":"summary_large_image","twitter_misc":{"Skrevet av":"Birgit Fostervold","Ansl. lesetid":"5 minutter"},"schema":{"@context":"https:\/\/schema.org","@graph":[{"@type":"Article","@id":"https:\/\/nsff.no\/magasinet\/2021\/11\/25\/medlemsprosjekt-willie-jarl-nilsen-dyrene-fra-afrika-2021\/#article","isPartOf":{"@id":"https:\/\/nsff.no\/magasinet\/2021\/11\/25\/medlemsprosjekt-willie-jarl-nilsen-dyrene-fra-afrika-2021\/"},"author":{"name":"Birgit Fostervold","@id":"https:\/\/nsff.no\/magasinet\/#\/schema\/person\/da041f968afa9bee0293372491a98303"},"headline":"Medlemsprosjekt: Willie Jarl Nilsen &laquo;Dyrene fra Afrika&raquo; (2021)","datePublished":"2021-11-25T09:24:16+00:00","dateModified":"2022-02-25T10:12:04+00:00","mainEntityOfPage":{"@id":"https:\/\/nsff.no\/magasinet\/2021\/11\/25\/medlemsprosjekt-willie-jarl-nilsen-dyrene-fra-afrika-2021\/"},"wordCount":1055,"commentCount":1,"publisher":{"@id":"https:\/\/nsff.no\/magasinet\/#organization"},"image":{"@id":"https:\/\/nsff.no\/magasinet\/2021\/11\/25\/medlemsprosjekt-willie-jarl-nilsen-dyrene-fra-afrika-2021\/#primaryimage"},"thumbnailUrl":"https:\/\/nsff.no\/magasinet\/wp-content\/uploads\/sites\/2\/2022\/02\/Dyrene-fra-Afrika-4.jpg","keywords":["2021","medlemsprosjekt"],"articleSection":["Fotoprosjekter","Inspirasjon"],"inLanguage":"nb-NO","potentialAction":[{"@type":"CommentAction","name":"Comment","target":["https:\/\/nsff.no\/magasinet\/2021\/11\/25\/medlemsprosjekt-willie-jarl-nilsen-dyrene-fra-afrika-2021\/#respond"]}]},{"@type":"WebPage","@id":"https:\/\/nsff.no\/magasinet\/2021\/11\/25\/medlemsprosjekt-willie-jarl-nilsen-dyrene-fra-afrika-2021\/","url":"https:\/\/nsff.no\/magasinet\/2021\/11\/25\/medlemsprosjekt-willie-jarl-nilsen-dyrene-fra-afrika-2021\/","name":"Medlemsprosjekt: Willie Jarl Nilsen \"Dyrene fra Afrika\" (2021) - NSFF Magasin | Norsk Selskap for Fotografi","isPartOf":{"@id":"https:\/\/nsff.no\/magasinet\/#website"},"primaryImageOfPage":{"@id":"https:\/\/nsff.no\/magasinet\/2021\/11\/25\/medlemsprosjekt-willie-jarl-nilsen-dyrene-fra-afrika-2021\/#primaryimage"},"image":{"@id":"https:\/\/nsff.no\/magasinet\/2021\/11\/25\/medlemsprosjekt-willie-jarl-nilsen-dyrene-fra-afrika-2021\/#primaryimage"},"thumbnailUrl":"https:\/\/nsff.no\/magasinet\/wp-content\/uploads\/sites\/2\/2022\/02\/Dyrene-fra-Afrika-4.jpg","datePublished":"2021-11-25T09:24:16+00:00","dateModified":"2022-02-25T10:12:04+00:00","description":"Willie Jarl Nilsens prosjekt \"Dyrene fra Afrika\", fra 2021.","breadcrumb":{"@id":"https:\/\/nsff.no\/magasinet\/2021\/11\/25\/medlemsprosjekt-willie-jarl-nilsen-dyrene-fra-afrika-2021\/#breadcrumb"},"inLanguage":"nb-NO","potentialAction":[{"@type":"ReadAction","target":["https:\/\/nsff.no\/magasinet\/2021\/11\/25\/medlemsprosjekt-willie-jarl-nilsen-dyrene-fra-afrika-2021\/"]}]},{"@type":"ImageObject","inLanguage":"nb-NO","@id":"https:\/\/nsff.no\/magasinet\/2021\/11\/25\/medlemsprosjekt-willie-jarl-nilsen-dyrene-fra-afrika-2021\/#primaryimage","url":"https:\/\/nsff.no\/magasinet\/wp-content\/uploads\/sites\/2\/2022\/02\/Dyrene-fra-Afrika-4.jpg","contentUrl":"https:\/\/nsff.no\/magasinet\/wp-content\/uploads\/sites\/2\/2022\/02\/Dyrene-fra-Afrika-4.jpg","width":1920,"height":1099,"caption":"Dyrene fra Afrika (Willie Jarl Nilsen)"},{"@type":"BreadcrumbList","@id":"https:\/\/nsff.no\/magasinet\/2021\/11\/25\/medlemsprosjekt-willie-jarl-nilsen-dyrene-fra-afrika-2021\/#breadcrumb","itemListElement":[{"@type":"ListItem","position":1,"name":"Hjem","item":"https:\/\/nsff.no\/magasinet\/"},{"@type":"ListItem","position":2,"name":"Medlemsprosjekt: Willie Jarl Nilsen &laquo;Dyrene fra Afrika&raquo; (2021)"}]},{"@type":"WebSite","@id":"https:\/\/nsff.no\/magasinet\/#website","url":"https:\/\/nsff.no\/magasinet\/","name":"NSFF Magasin | Norsk Selskap for Fotografi","description":"Medlemsmagasin for film- og fotoentusiaster","publisher":{"@id":"https:\/\/nsff.no\/magasinet\/#organization"},"potentialAction":[{"@type":"SearchAction","target":{"@type":"EntryPoint","urlTemplate":"https:\/\/nsff.no\/magasinet\/?s={search_term_string}"},"query-input":{"@type":"PropertyValueSpecification","valueRequired":true,"valueName":"search_term_string"}}],"inLanguage":"nb-NO"},{"@type":"Organization","@id":"https:\/\/nsff.no\/magasinet\/#organization","name":"Norsk Selskap for Fotografo","url":"https:\/\/nsff.no\/magasinet\/","logo":{"@type":"ImageObject","inLanguage":"nb-NO","@id":"https:\/\/nsff.no\/magasinet\/#\/schema\/logo\/image\/","url":"https:\/\/nsff.no\/magasinet\/wp-content\/uploads\/sites\/2\/2016\/05\/NSFF-fb-lenkebilde.png","contentUrl":"https:\/\/nsff.no\/magasinet\/wp-content\/uploads\/sites\/2\/2016\/05\/NSFF-fb-lenkebilde.png","width":1,"height":1,"caption":"Norsk Selskap for Fotografo"},"image":{"@id":"https:\/\/nsff.no\/magasinet\/#\/schema\/logo\/image\/"}},{"@type":"Person","@id":"https:\/\/nsff.no\/magasinet\/#\/schema\/person\/da041f968afa9bee0293372491a98303","name":"Birgit Fostervold","image":{"@type":"ImageObject","inLanguage":"nb-NO","@id":"https:\/\/secure.gravatar.com\/avatar\/d8b31664a01c80eecbf53f36dc41fa676bbfe7c78cb2391937a62f88da897950?s=96&d=mm&r=g","url":"https:\/\/secure.gravatar.com\/avatar\/d8b31664a01c80eecbf53f36dc41fa676bbfe7c78cb2391937a62f88da897950?s=96&d=mm&r=g","contentUrl":"https:\/\/secure.gravatar.com\/avatar\/d8b31664a01c80eecbf53f36dc41fa676bbfe7c78cb2391937a62f88da897950?s=96&d=mm&r=g","caption":"Birgit Fostervold"},"description":"EsNSFF, HonENFFF, medlem i Homborsund fotoklubb og Arendal fotoklubb. Styremedlem NSFF, Nordisk Forbund for Fotografi og Norsk Naturfotofestival. Tidl. nestleder og konst.leder NSFF (2017\u201322), tidl. redakt\u00f8r for NSFF Magasin (2016\u201322).","sameAs":["https:\/\/lensbirdie.no","https:\/\/instagram.com\/knipselyst\/"],"url":"https:\/\/nsff.no\/magasinet\/author\/birgitf\/"}]}},"_links":{"self":[{"href":"https:\/\/nsff.no\/magasinet\/wp-json\/wp\/v2\/posts\/10073","targetHints":{"allow":["GET"]}}],"collection":[{"href":"https:\/\/nsff.no\/magasinet\/wp-json\/wp\/v2\/posts"}],"about":[{"href":"https:\/\/nsff.no\/magasinet\/wp-json\/wp\/v2\/types\/post"}],"author":[{"embeddable":true,"href":"https:\/\/nsff.no\/magasinet\/wp-json\/wp\/v2\/users\/7"}],"replies":[{"embeddable":true,"href":"https:\/\/nsff.no\/magasinet\/wp-json\/wp\/v2\/comments?post=10073"}],"version-history":[{"count":6,"href":"https:\/\/nsff.no\/magasinet\/wp-json\/wp\/v2\/posts\/10073\/revisions"}],"predecessor-version":[{"id":10091,"href":"https:\/\/nsff.no\/magasinet\/wp-json\/wp\/v2\/posts\/10073\/revisions\/10091"}],"wp:featuredmedia":[{"embeddable":true,"href":"https:\/\/nsff.no\/magasinet\/wp-json\/wp\/v2\/media\/10081"}],"wp:attachment":[{"href":"https:\/\/nsff.no\/magasinet\/wp-json\/wp\/v2\/media?parent=10073"}],"wp:term":[{"taxonomy":"category","embeddable":true,"href":"https:\/\/nsff.no\/magasinet\/wp-json\/wp\/v2\/categories?post=10073"},{"taxonomy":"post_tag","embeddable":true,"href":"https:\/\/nsff.no\/magasinet\/wp-json\/wp\/v2\/tags?post=10073"}],"curies":[{"name":"wp","href":"https:\/\/api.w.org\/{rel}","templated":true}]}}