{"id":10004,"date":"2021-11-28T21:05:07","date_gmt":"2021-11-28T20:05:07","guid":{"rendered":"https:\/\/nsff.no\/magasinet\/?p=10004"},"modified":"2021-11-28T21:05:43","modified_gmt":"2021-11-28T20:05:43","slug":"se-ungdomslandslagenes-bilder-til-40th-fiap-youth-biennial-2021","status":"publish","type":"post","link":"https:\/\/nsff.no\/magasinet\/2021\/11\/28\/se-ungdomslandslagenes-bilder-til-40th-fiap-youth-biennial-2021\/","title":{"rendered":"Se ungdomslandslagenes bilder til 40th FIAP Youth Biennial 2021"},"content":{"rendered":"<p>[et_pb_section fb_built=&raquo;1&#8243; _builder_version=&raquo;3.22&#8243; global_colors_info=&raquo;{}&raquo;][et_pb_row _builder_version=&raquo;3.25&#8243; background_size=&raquo;initial&raquo; background_position=&raquo;top_left&raquo; background_repeat=&raquo;repeat&raquo; global_colors_info=&raquo;{}&raquo;][et_pb_column type=&raquo;4_4&#8243; _builder_version=&raquo;3.25&#8243; custom_padding=&raquo;|||&raquo; global_colors_info=&raquo;{}&raquo; custom_padding__hover=&raquo;|||&raquo;][et_pb_text _builder_version=&raquo;3.27.4&#8243; background_size=&raquo;initial&raquo; background_position=&raquo;top_left&raquo; background_repeat=&raquo;repeat&raquo; global_colors_info=&raquo;{}&raquo;]For f\u00f8rste gang deltar NSFF med to ungdomslandslag i en FIAP-biennale. Her kan du se bildene vi har sendt inn.<\/p>\n<h2>Ungdom opp til 16 \u00e5r<\/h2>\n<p><em>Klikk p\u00e5 f\u00f8rste bilde og bla videre med piltaster, eller sveip:<\/em><br \/>\n[\/et_pb_text][et_pb_gallery gallery_ids=&raquo;10008,10007,10009,10010,10011,10012,10013,10014,10015,10016,10017,10018,10019,10020,10021,10022,10023,10024,10025,10026&#8243; fullwidth=&raquo;on&raquo; _builder_version=&raquo;4.14.1&#8243; _module_preset=&raquo;default&raquo; global_colors_info=&raquo;{}&raquo;][\/et_pb_gallery][et_pb_text _builder_version=&raquo;4.14.1&#8243; _module_preset=&raquo;default&raquo; global_colors_info=&raquo;{}&raquo;]<\/p>\n<h2>Ungdom opp til 21 \u00e5r<\/h2>\n<p><em>Klikk p\u00e5 f\u00f8rste bilde og bla videre med piltaster, eller sveip:<\/em><\/p>\n<p>[\/et_pb_text][et_pb_gallery gallery_ids=&raquo;10029,10028,10030,10032,10033,10034,10035,10036&#8243; fullwidth=&raquo;on&raquo; _builder_version=&raquo;4.14.1&#8243; _module_preset=&raquo;default&raquo; global_colors_info=&raquo;{}&raquo;][\/et_pb_gallery][\/et_pb_column][\/et_pb_row][\/et_pb_section]<\/p>\n","protected":false},"excerpt":{"rendered":"<p>For f\u00f8rste gang deltar NSFF med to ungdomslandslag i en FIAP-biennale. Her kan du se bildene vi har sendt inn.<\/p>\n","protected":false},"author":55,"featured_media":10036,"comment_status":"open","ping_status":"open","sticky":false,"template":"","format":"standard","meta":{"_et_pb_use_builder":"on","_et_pb_old_content":"<p>For f\u00f8rste gang deltar NSFF med to ungdomslandslag i en FIAP-biennale. Her kan du se bildene vi har sendt inn.<\/p><h2>Ungdom opp til 16 \u00e5r<\/h2><p><em>Klikk p\u00e5 f\u00f8rste bilde og bla videre med piltaster, eller sveip:<\/em><\/p>","_et_gb_content_width":"","footnotes":""},"categories":[7,10,14],"tags":[826,34,835,836,834],"class_list":["post-10004","post","type-post","status-publish","format-standard","has-post-thumbnail","hentry","category-foto","category-konkurranser","category-nyheter","tag-826","tag-fiap","tag-fiap-youth-biennial","tag-ungdomsbiennale","tag-ungdomslandslaget","et-has-post-format-content","et_post_format-et-post-format-standard"],"yoast_head":"<!-- This site is optimized with the Yoast SEO plugin v27.5 - https:\/\/yoast.com\/product\/yoast-seo-wordpress\/ -->\n<title>Se ungdomslandslagenes bilder til 40th FIAP Youth Biennial 2021 - NSFF Magasin | Norsk Selskap for Fotografi<\/title>\n<meta name=\"description\" content=\"For f\u00f8rste gang deltar NSFF med to ungdomslandslag i en FIAP-biennale. Her kan du se bildene vi har sendt inn.\" \/>\n<meta name=\"robots\" content=\"index, follow, max-snippet:-1, max-image-preview:large, max-video-preview:-1\" \/>\n<link rel=\"canonical\" href=\"https:\/\/nsff.no\/magasinet\/2021\/11\/28\/se-ungdomslandslagenes-bilder-til-40th-fiap-youth-biennial-2021\/\" \/>\n<meta property=\"og:locale\" content=\"nb_NO\" \/>\n<meta property=\"og:type\" content=\"article\" \/>\n<meta property=\"og:title\" content=\"Se ungdomslandslagenes bilder til 40th FIAP Youth Biennial 2021 - NSFF Magasin | Norsk Selskap for Fotografi\" \/>\n<meta property=\"og:description\" content=\"For f\u00f8rste gang deltar NSFF med to ungdomslandslag i en FIAP-biennale. Her kan du se bildene vi har sendt inn.\" \/>\n<meta property=\"og:url\" content=\"https:\/\/nsff.no\/magasinet\/2021\/11\/28\/se-ungdomslandslagenes-bilder-til-40th-fiap-youth-biennial-2021\/\" \/>\n<meta property=\"og:site_name\" content=\"NSFF Magasin | Norsk Selskap for Fotografi\" \/>\n<meta property=\"article:published_time\" content=\"2021-11-28T20:05:07+00:00\" \/>\n<meta property=\"article:modified_time\" content=\"2021-11-28T20:05:43+00:00\" \/>\n<meta property=\"og:image\" content=\"https:\/\/nsff.no\/magasinet\/wp-content\/uploads\/sites\/2\/2021\/11\/Lars-Hovelsen-MeMyselfandI.jpg\" \/>\n\t<meta property=\"og:image:width\" content=\"2400\" \/>\n\t<meta property=\"og:image:height\" content=\"1600\" \/>\n\t<meta property=\"og:image:type\" content=\"image\/jpeg\" \/>\n<meta name=\"author\" content=\"Roald Synnev\u00e5g\" \/>\n<meta name=\"twitter:card\" content=\"summary_large_image\" \/>\n<meta name=\"twitter:label1\" content=\"Skrevet av\" \/>\n\t<meta name=\"twitter:data1\" content=\"Roald Synnev\u00e5g\" \/>\n\t<meta name=\"twitter:label2\" content=\"Ansl. lesetid\" \/>\n\t<meta name=\"twitter:data2\" content=\"1 minutt\" \/>\n<script type=\"application\/ld+json\" class=\"yoast-schema-graph\">{\"@context\":\"https:\\\/\\\/schema.org\",\"@graph\":[{\"@type\":\"Article\",\"@id\":\"https:\\\/\\\/nsff.no\\\/magasinet\\\/2021\\\/11\\\/28\\\/se-ungdomslandslagenes-bilder-til-40th-fiap-youth-biennial-2021\\\/#article\",\"isPartOf\":{\"@id\":\"https:\\\/\\\/nsff.no\\\/magasinet\\\/2021\\\/11\\\/28\\\/se-ungdomslandslagenes-bilder-til-40th-fiap-youth-biennial-2021\\\/\"},\"author\":{\"name\":\"Roald Synnev\u00e5g\",\"@id\":\"https:\\\/\\\/nsff.no\\\/magasinet\\\/#\\\/schema\\\/person\\\/851bedff98bf7a064c4058208a5c300f\"},\"headline\":\"Se ungdomslandslagenes bilder til 40th FIAP Youth Biennial 2021\",\"datePublished\":\"2021-11-28T20:05:07+00:00\",\"dateModified\":\"2021-11-28T20:05:43+00:00\",\"mainEntityOfPage\":{\"@id\":\"https:\\\/\\\/nsff.no\\\/magasinet\\\/2021\\\/11\\\/28\\\/se-ungdomslandslagenes-bilder-til-40th-fiap-youth-biennial-2021\\\/\"},\"wordCount\":183,\"commentCount\":1,\"publisher\":{\"@id\":\"https:\\\/\\\/nsff.no\\\/magasinet\\\/#organization\"},\"image\":{\"@id\":\"https:\\\/\\\/nsff.no\\\/magasinet\\\/2021\\\/11\\\/28\\\/se-ungdomslandslagenes-bilder-til-40th-fiap-youth-biennial-2021\\\/#primaryimage\"},\"thumbnailUrl\":\"https:\\\/\\\/nsff.no\\\/magasinet\\\/wp-content\\\/uploads\\\/sites\\\/2\\\/2021\\\/11\\\/Lars-Hovelsen-MeMyselfandI.jpg\",\"keywords\":[\"2021\",\"FIAP\",\"FIAP Youth Biennial\",\"ungdomsbiennale\",\"ungdomslandslaget\"],\"articleSection\":[\"Foto\",\"Konkurranser\",\"Nyheter\"],\"inLanguage\":\"nb-NO\",\"potentialAction\":[{\"@type\":\"CommentAction\",\"name\":\"Comment\",\"target\":[\"https:\\\/\\\/nsff.no\\\/magasinet\\\/2021\\\/11\\\/28\\\/se-ungdomslandslagenes-bilder-til-40th-fiap-youth-biennial-2021\\\/#respond\"]}]},{\"@type\":\"WebPage\",\"@id\":\"https:\\\/\\\/nsff.no\\\/magasinet\\\/2021\\\/11\\\/28\\\/se-ungdomslandslagenes-bilder-til-40th-fiap-youth-biennial-2021\\\/\",\"url\":\"https:\\\/\\\/nsff.no\\\/magasinet\\\/2021\\\/11\\\/28\\\/se-ungdomslandslagenes-bilder-til-40th-fiap-youth-biennial-2021\\\/\",\"name\":\"Se ungdomslandslagenes bilder til 40th FIAP Youth Biennial 2021 - NSFF Magasin | Norsk Selskap for Fotografi\",\"isPartOf\":{\"@id\":\"https:\\\/\\\/nsff.no\\\/magasinet\\\/#website\"},\"primaryImageOfPage\":{\"@id\":\"https:\\\/\\\/nsff.no\\\/magasinet\\\/2021\\\/11\\\/28\\\/se-ungdomslandslagenes-bilder-til-40th-fiap-youth-biennial-2021\\\/#primaryimage\"},\"image\":{\"@id\":\"https:\\\/\\\/nsff.no\\\/magasinet\\\/2021\\\/11\\\/28\\\/se-ungdomslandslagenes-bilder-til-40th-fiap-youth-biennial-2021\\\/#primaryimage\"},\"thumbnailUrl\":\"https:\\\/\\\/nsff.no\\\/magasinet\\\/wp-content\\\/uploads\\\/sites\\\/2\\\/2021\\\/11\\\/Lars-Hovelsen-MeMyselfandI.jpg\",\"datePublished\":\"2021-11-28T20:05:07+00:00\",\"dateModified\":\"2021-11-28T20:05:43+00:00\",\"description\":\"For f\u00f8rste gang deltar NSFF med to ungdomslandslag i en FIAP-biennale. Her kan du se bildene vi har sendt inn.\",\"breadcrumb\":{\"@id\":\"https:\\\/\\\/nsff.no\\\/magasinet\\\/2021\\\/11\\\/28\\\/se-ungdomslandslagenes-bilder-til-40th-fiap-youth-biennial-2021\\\/#breadcrumb\"},\"inLanguage\":\"nb-NO\",\"potentialAction\":[{\"@type\":\"ReadAction\",\"target\":[\"https:\\\/\\\/nsff.no\\\/magasinet\\\/2021\\\/11\\\/28\\\/se-ungdomslandslagenes-bilder-til-40th-fiap-youth-biennial-2021\\\/\"]}]},{\"@type\":\"ImageObject\",\"inLanguage\":\"nb-NO\",\"@id\":\"https:\\\/\\\/nsff.no\\\/magasinet\\\/2021\\\/11\\\/28\\\/se-ungdomslandslagenes-bilder-til-40th-fiap-youth-biennial-2021\\\/#primaryimage\",\"url\":\"https:\\\/\\\/nsff.no\\\/magasinet\\\/wp-content\\\/uploads\\\/sites\\\/2\\\/2021\\\/11\\\/Lars-Hovelsen-MeMyselfandI.jpg\",\"contentUrl\":\"https:\\\/\\\/nsff.no\\\/magasinet\\\/wp-content\\\/uploads\\\/sites\\\/2\\\/2021\\\/11\\\/Lars-Hovelsen-MeMyselfandI.jpg\",\"width\":2400,\"height\":1600,\"caption\":\"Lars Hovelsen: Me Myself and I\"},{\"@type\":\"BreadcrumbList\",\"@id\":\"https:\\\/\\\/nsff.no\\\/magasinet\\\/2021\\\/11\\\/28\\\/se-ungdomslandslagenes-bilder-til-40th-fiap-youth-biennial-2021\\\/#breadcrumb\",\"itemListElement\":[{\"@type\":\"ListItem\",\"position\":1,\"name\":\"Hjem\",\"item\":\"https:\\\/\\\/nsff.no\\\/magasinet\\\/\"},{\"@type\":\"ListItem\",\"position\":2,\"name\":\"Se ungdomslandslagenes bilder til 40th FIAP Youth Biennial 2021\"}]},{\"@type\":\"WebSite\",\"@id\":\"https:\\\/\\\/nsff.no\\\/magasinet\\\/#website\",\"url\":\"https:\\\/\\\/nsff.no\\\/magasinet\\\/\",\"name\":\"NSFF Magasin | Norsk Selskap for Fotografi\",\"description\":\"Medlemsmagasin for film- og fotoentusiaster\",\"publisher\":{\"@id\":\"https:\\\/\\\/nsff.no\\\/magasinet\\\/#organization\"},\"potentialAction\":[{\"@type\":\"SearchAction\",\"target\":{\"@type\":\"EntryPoint\",\"urlTemplate\":\"https:\\\/\\\/nsff.no\\\/magasinet\\\/?s={search_term_string}\"},\"query-input\":{\"@type\":\"PropertyValueSpecification\",\"valueRequired\":true,\"valueName\":\"search_term_string\"}}],\"inLanguage\":\"nb-NO\"},{\"@type\":\"Organization\",\"@id\":\"https:\\\/\\\/nsff.no\\\/magasinet\\\/#organization\",\"name\":\"Norsk Selskap for Fotografo\",\"url\":\"https:\\\/\\\/nsff.no\\\/magasinet\\\/\",\"logo\":{\"@type\":\"ImageObject\",\"inLanguage\":\"nb-NO\",\"@id\":\"https:\\\/\\\/nsff.no\\\/magasinet\\\/#\\\/schema\\\/logo\\\/image\\\/\",\"url\":\"https:\\\/\\\/nsff.no\\\/magasinet\\\/wp-content\\\/uploads\\\/sites\\\/2\\\/2016\\\/05\\\/NSFF-fb-lenkebilde.png\",\"contentUrl\":\"https:\\\/\\\/nsff.no\\\/magasinet\\\/wp-content\\\/uploads\\\/sites\\\/2\\\/2016\\\/05\\\/NSFF-fb-lenkebilde.png\",\"width\":1,\"height\":1,\"caption\":\"Norsk Selskap for Fotografo\"},\"image\":{\"@id\":\"https:\\\/\\\/nsff.no\\\/magasinet\\\/#\\\/schema\\\/logo\\\/image\\\/\"}},{\"@type\":\"Person\",\"@id\":\"https:\\\/\\\/nsff.no\\\/magasinet\\\/#\\\/schema\\\/person\\\/851bedff98bf7a064c4058208a5c300f\",\"name\":\"Roald Synnev\u00e5g\",\"image\":{\"@type\":\"ImageObject\",\"inLanguage\":\"nb-NO\",\"@id\":\"https:\\\/\\\/secure.gravatar.com\\\/avatar\\\/750a3a86a991c7a4a41ef3921a5d4fe64be0a2c5e4b8812d6a1d388b14a71452?s=96&d=mm&r=g\",\"url\":\"https:\\\/\\\/secure.gravatar.com\\\/avatar\\\/750a3a86a991c7a4a41ef3921a5d4fe64be0a2c5e4b8812d6a1d388b14a71452?s=96&d=mm&r=g\",\"contentUrl\":\"https:\\\/\\\/secure.gravatar.com\\\/avatar\\\/750a3a86a991c7a4a41ef3921a5d4fe64be0a2c5e4b8812d6a1d388b14a71452?s=96&d=mm&r=g\",\"caption\":\"Roald Synnev\u00e5g\"},\"description\":\"Tidligere leder og nestleder i NSFF, n\u00e5v\u00e6rende styremedlem. \u00c6resmedlem av NSFF og av Bekkalokket Fotoklubb. EsNSFF (1995), AFIAP(1995), ANSFF (1997), ENSFF (1997), HonENSFF (1997), EFIAP (2003), EFIAP-B (2011, EFIAP-S (2014), MFIAP (2014), PPSA (2014), EFIAP-G (2015), EPSA (2015), EFIAP-P (2016), ENSFF-B (2015), ENSFF-S (2016), ENSFF-G (2017), BPSA \u2013 Bronze (2017), MPSA (2017).\",\"url\":\"https:\\\/\\\/nsff.no\\\/magasinet\\\/author\\\/roaldsynne\\\/\"}]}<\/script>\n<!-- \/ Yoast SEO plugin. -->","yoast_head_json":{"title":"Se ungdomslandslagenes bilder til 40th FIAP Youth Biennial 2021 - NSFF Magasin | Norsk Selskap for Fotografi","description":"For f\u00f8rste gang deltar NSFF med to ungdomslandslag i en FIAP-biennale. Her kan du se bildene vi har sendt inn.","robots":{"index":"index","follow":"follow","max-snippet":"max-snippet:-1","max-image-preview":"max-image-preview:large","max-video-preview":"max-video-preview:-1"},"canonical":"https:\/\/nsff.no\/magasinet\/2021\/11\/28\/se-ungdomslandslagenes-bilder-til-40th-fiap-youth-biennial-2021\/","og_locale":"nb_NO","og_type":"article","og_title":"Se ungdomslandslagenes bilder til 40th FIAP Youth Biennial 2021 - NSFF Magasin | Norsk Selskap for Fotografi","og_description":"For f\u00f8rste gang deltar NSFF med to ungdomslandslag i en FIAP-biennale. Her kan du se bildene vi har sendt inn.","og_url":"https:\/\/nsff.no\/magasinet\/2021\/11\/28\/se-ungdomslandslagenes-bilder-til-40th-fiap-youth-biennial-2021\/","og_site_name":"NSFF Magasin | Norsk Selskap for Fotografi","article_published_time":"2021-11-28T20:05:07+00:00","article_modified_time":"2021-11-28T20:05:43+00:00","og_image":[{"width":2400,"height":1600,"url":"https:\/\/nsff.no\/magasinet\/wp-content\/uploads\/sites\/2\/2021\/11\/Lars-Hovelsen-MeMyselfandI.jpg","type":"image\/jpeg"}],"author":"Roald Synnev\u00e5g","twitter_card":"summary_large_image","twitter_misc":{"Skrevet av":"Roald Synnev\u00e5g","Ansl. lesetid":"1 minutt"},"schema":{"@context":"https:\/\/schema.org","@graph":[{"@type":"Article","@id":"https:\/\/nsff.no\/magasinet\/2021\/11\/28\/se-ungdomslandslagenes-bilder-til-40th-fiap-youth-biennial-2021\/#article","isPartOf":{"@id":"https:\/\/nsff.no\/magasinet\/2021\/11\/28\/se-ungdomslandslagenes-bilder-til-40th-fiap-youth-biennial-2021\/"},"author":{"name":"Roald Synnev\u00e5g","@id":"https:\/\/nsff.no\/magasinet\/#\/schema\/person\/851bedff98bf7a064c4058208a5c300f"},"headline":"Se ungdomslandslagenes bilder til 40th FIAP Youth Biennial 2021","datePublished":"2021-11-28T20:05:07+00:00","dateModified":"2021-11-28T20:05:43+00:00","mainEntityOfPage":{"@id":"https:\/\/nsff.no\/magasinet\/2021\/11\/28\/se-ungdomslandslagenes-bilder-til-40th-fiap-youth-biennial-2021\/"},"wordCount":183,"commentCount":1,"publisher":{"@id":"https:\/\/nsff.no\/magasinet\/#organization"},"image":{"@id":"https:\/\/nsff.no\/magasinet\/2021\/11\/28\/se-ungdomslandslagenes-bilder-til-40th-fiap-youth-biennial-2021\/#primaryimage"},"thumbnailUrl":"https:\/\/nsff.no\/magasinet\/wp-content\/uploads\/sites\/2\/2021\/11\/Lars-Hovelsen-MeMyselfandI.jpg","keywords":["2021","FIAP","FIAP Youth Biennial","ungdomsbiennale","ungdomslandslaget"],"articleSection":["Foto","Konkurranser","Nyheter"],"inLanguage":"nb-NO","potentialAction":[{"@type":"CommentAction","name":"Comment","target":["https:\/\/nsff.no\/magasinet\/2021\/11\/28\/se-ungdomslandslagenes-bilder-til-40th-fiap-youth-biennial-2021\/#respond"]}]},{"@type":"WebPage","@id":"https:\/\/nsff.no\/magasinet\/2021\/11\/28\/se-ungdomslandslagenes-bilder-til-40th-fiap-youth-biennial-2021\/","url":"https:\/\/nsff.no\/magasinet\/2021\/11\/28\/se-ungdomslandslagenes-bilder-til-40th-fiap-youth-biennial-2021\/","name":"Se ungdomslandslagenes bilder til 40th FIAP Youth Biennial 2021 - NSFF Magasin | Norsk Selskap for Fotografi","isPartOf":{"@id":"https:\/\/nsff.no\/magasinet\/#website"},"primaryImageOfPage":{"@id":"https:\/\/nsff.no\/magasinet\/2021\/11\/28\/se-ungdomslandslagenes-bilder-til-40th-fiap-youth-biennial-2021\/#primaryimage"},"image":{"@id":"https:\/\/nsff.no\/magasinet\/2021\/11\/28\/se-ungdomslandslagenes-bilder-til-40th-fiap-youth-biennial-2021\/#primaryimage"},"thumbnailUrl":"https:\/\/nsff.no\/magasinet\/wp-content\/uploads\/sites\/2\/2021\/11\/Lars-Hovelsen-MeMyselfandI.jpg","datePublished":"2021-11-28T20:05:07+00:00","dateModified":"2021-11-28T20:05:43+00:00","description":"For f\u00f8rste gang deltar NSFF med to ungdomslandslag i en FIAP-biennale. Her kan du se bildene vi har sendt inn.","breadcrumb":{"@id":"https:\/\/nsff.no\/magasinet\/2021\/11\/28\/se-ungdomslandslagenes-bilder-til-40th-fiap-youth-biennial-2021\/#breadcrumb"},"inLanguage":"nb-NO","potentialAction":[{"@type":"ReadAction","target":["https:\/\/nsff.no\/magasinet\/2021\/11\/28\/se-ungdomslandslagenes-bilder-til-40th-fiap-youth-biennial-2021\/"]}]},{"@type":"ImageObject","inLanguage":"nb-NO","@id":"https:\/\/nsff.no\/magasinet\/2021\/11\/28\/se-ungdomslandslagenes-bilder-til-40th-fiap-youth-biennial-2021\/#primaryimage","url":"https:\/\/nsff.no\/magasinet\/wp-content\/uploads\/sites\/2\/2021\/11\/Lars-Hovelsen-MeMyselfandI.jpg","contentUrl":"https:\/\/nsff.no\/magasinet\/wp-content\/uploads\/sites\/2\/2021\/11\/Lars-Hovelsen-MeMyselfandI.jpg","width":2400,"height":1600,"caption":"Lars Hovelsen: Me Myself and I"},{"@type":"BreadcrumbList","@id":"https:\/\/nsff.no\/magasinet\/2021\/11\/28\/se-ungdomslandslagenes-bilder-til-40th-fiap-youth-biennial-2021\/#breadcrumb","itemListElement":[{"@type":"ListItem","position":1,"name":"Hjem","item":"https:\/\/nsff.no\/magasinet\/"},{"@type":"ListItem","position":2,"name":"Se ungdomslandslagenes bilder til 40th FIAP Youth Biennial 2021"}]},{"@type":"WebSite","@id":"https:\/\/nsff.no\/magasinet\/#website","url":"https:\/\/nsff.no\/magasinet\/","name":"NSFF Magasin | Norsk Selskap for Fotografi","description":"Medlemsmagasin for film- og fotoentusiaster","publisher":{"@id":"https:\/\/nsff.no\/magasinet\/#organization"},"potentialAction":[{"@type":"SearchAction","target":{"@type":"EntryPoint","urlTemplate":"https:\/\/nsff.no\/magasinet\/?s={search_term_string}"},"query-input":{"@type":"PropertyValueSpecification","valueRequired":true,"valueName":"search_term_string"}}],"inLanguage":"nb-NO"},{"@type":"Organization","@id":"https:\/\/nsff.no\/magasinet\/#organization","name":"Norsk Selskap for Fotografo","url":"https:\/\/nsff.no\/magasinet\/","logo":{"@type":"ImageObject","inLanguage":"nb-NO","@id":"https:\/\/nsff.no\/magasinet\/#\/schema\/logo\/image\/","url":"https:\/\/nsff.no\/magasinet\/wp-content\/uploads\/sites\/2\/2016\/05\/NSFF-fb-lenkebilde.png","contentUrl":"https:\/\/nsff.no\/magasinet\/wp-content\/uploads\/sites\/2\/2016\/05\/NSFF-fb-lenkebilde.png","width":1,"height":1,"caption":"Norsk Selskap for Fotografo"},"image":{"@id":"https:\/\/nsff.no\/magasinet\/#\/schema\/logo\/image\/"}},{"@type":"Person","@id":"https:\/\/nsff.no\/magasinet\/#\/schema\/person\/851bedff98bf7a064c4058208a5c300f","name":"Roald Synnev\u00e5g","image":{"@type":"ImageObject","inLanguage":"nb-NO","@id":"https:\/\/secure.gravatar.com\/avatar\/750a3a86a991c7a4a41ef3921a5d4fe64be0a2c5e4b8812d6a1d388b14a71452?s=96&d=mm&r=g","url":"https:\/\/secure.gravatar.com\/avatar\/750a3a86a991c7a4a41ef3921a5d4fe64be0a2c5e4b8812d6a1d388b14a71452?s=96&d=mm&r=g","contentUrl":"https:\/\/secure.gravatar.com\/avatar\/750a3a86a991c7a4a41ef3921a5d4fe64be0a2c5e4b8812d6a1d388b14a71452?s=96&d=mm&r=g","caption":"Roald Synnev\u00e5g"},"description":"Tidligere leder og nestleder i NSFF, n\u00e5v\u00e6rende styremedlem. \u00c6resmedlem av NSFF og av Bekkalokket Fotoklubb. EsNSFF (1995), AFIAP(1995), ANSFF (1997), ENSFF (1997), HonENSFF (1997), EFIAP (2003), EFIAP-B (2011, EFIAP-S (2014), MFIAP (2014), PPSA (2014), EFIAP-G (2015), EPSA (2015), EFIAP-P (2016), ENSFF-B (2015), ENSFF-S (2016), ENSFF-G (2017), BPSA \u2013 Bronze (2017), MPSA (2017).","url":"https:\/\/nsff.no\/magasinet\/author\/roaldsynne\/"}]}},"_links":{"self":[{"href":"https:\/\/nsff.no\/magasinet\/wp-json\/wp\/v2\/posts\/10004","targetHints":{"allow":["GET"]}}],"collection":[{"href":"https:\/\/nsff.no\/magasinet\/wp-json\/wp\/v2\/posts"}],"about":[{"href":"https:\/\/nsff.no\/magasinet\/wp-json\/wp\/v2\/types\/post"}],"author":[{"embeddable":true,"href":"https:\/\/nsff.no\/magasinet\/wp-json\/wp\/v2\/users\/55"}],"replies":[{"embeddable":true,"href":"https:\/\/nsff.no\/magasinet\/wp-json\/wp\/v2\/comments?post=10004"}],"version-history":[{"count":3,"href":"https:\/\/nsff.no\/magasinet\/wp-json\/wp\/v2\/posts\/10004\/revisions"}],"predecessor-version":[{"id":10038,"href":"https:\/\/nsff.no\/magasinet\/wp-json\/wp\/v2\/posts\/10004\/revisions\/10038"}],"wp:featuredmedia":[{"embeddable":true,"href":"https:\/\/nsff.no\/magasinet\/wp-json\/wp\/v2\/media\/10036"}],"wp:attachment":[{"href":"https:\/\/nsff.no\/magasinet\/wp-json\/wp\/v2\/media?parent=10004"}],"wp:term":[{"taxonomy":"category","embeddable":true,"href":"https:\/\/nsff.no\/magasinet\/wp-json\/wp\/v2\/categories?post=10004"},{"taxonomy":"post_tag","embeddable":true,"href":"https:\/\/nsff.no\/magasinet\/wp-json\/wp\/v2\/tags?post=10004"}],"curies":[{"name":"wp","href":"https:\/\/api.w.org\/{rel}","templated":true}]}}